{"id":8141,"date":"2018-01-01T17:37:28","date_gmt":"2018-01-01T17:37:28","guid":{"rendered":"http:\/\/goiasemtempo.com.br\/home\/?p=8141"},"modified":"2018-01-01T17:37:28","modified_gmt":"2018-01-01T17:37:28","slug":"ira-restringe-acesso-as-redes-sociais-de-dispositivos-moveis","status":"publish","type":"post","link":"https:\/\/goiasemtempo.com.br\/home\/ira-restringe-acesso-as-redes-sociais-de-dispositivos-moveis\/","title":{"rendered":"Ir\u00e3 restringe acesso \u00e0s redes sociais de dispositivos m\u00f3veis"},"content":{"rendered":"<p>O acesso ao aplicativo Telegram e \u00e0 rede social Instagram de celulares voltou a ser restrito no Ir\u00e3, neste domingo (31), depois de tr\u00eas dias de manifesta\u00e7\u00f5es contra o governo por todo pa\u00eds &#8211; informaram v\u00e1rias ag\u00eancias de not\u00edcias iranianas.<\/p>\n<p>Os dirigentes encarregados da seguran\u00e7a decidiram bloquear provisoriamente o Telegram e o Instagram, afirmou o site da televis\u00e3o estatal citando uma fonte informada.<\/p>\n<p>As autoridades acusam grupos contrarrevolucion\u00e1rios estabelecidos no exterior de recorrer \u00e0s redes sociais, especialmente o Telegram, para convocar a popula\u00e7\u00e3o a ir \u00e0s ruas e a usar coquet\u00e9is Molotov e armas de fogo.<\/p>\n<p>Ontem \u00e0 tarde, alguns elementos contrarrevolucion\u00e1rios utilizaram as redes sociais para ensinar as pessoas a usarem armas de fogo e coquet\u00e9is Molotov, declarou \u00e0 televis\u00e3o estatal o ministro das Telecomunica\u00e7\u00f5es, Mohamad Javad Azari.<\/p>\n<p>Ele advertiu que o Conselho Supremo de Seguran\u00e7a Nacional tomar\u00e1 medidas se a contrarrevolu\u00e7\u00e3o tentar utilizar as redes sociais para provocar dist\u00farbios.<\/p>\n<p>No s\u00e1bado, o ministro acusou um canal da rede encriptada Telegram de encorajar um levantamento armado.<\/p>\n<p>O cofundador do servi\u00e7o de mensagens instant\u00e2neas Pavel Durov anunciou posteriormente o fechamento no Telegram da rede Amadnews &#8211; que tem quase 1,4 milh\u00e3o de inscritos &#8211; por ter incitado a viol\u00eancia.<\/p>\n<p>Mas imediatamente apareceram outros canais no Telegram, em particular o sedaimardom, que em algumas horas conseguiu mais de 700.000 inscritos, chamando as pessoas a se manifestarem difundindo v\u00eddeos de protestos.<\/p>\n<p>As autoridades iranianas bloquearam o acesso ao Telegram para a maioria dos iranianos ap\u00f3s nos recusarmos a fechar (voz do povo) e outros canais que chamam a manifesta\u00e7\u00f5es pac\u00edficas, reagiu Pavel.<\/p>\n","protected":false},"excerpt":{"rendered":"<p>O acesso ao aplicativo Telegram e \u00e0 rede social Instagram de celulares voltou a ser restrito no Ir\u00e3, neste domingo (31), depois de tr\u00eas dias de manifesta\u00e7\u00f5es contra o governo por todo pa\u00eds &#8211; informaram v\u00e1rias ag\u00eancias de not\u00edcias iranianas. Os dirigentes encarregados da seguran\u00e7a decidiram bloquear provisoriamente o Telegram e o Instagram, afirmou o &hellip;<\/p>\n","protected":false},"author":2,"featured_media":8044,"comment_status":"open","ping_status":"open","sticky":false,"template":"","format":"standard","meta":{"footnotes":""},"categories":[4],"tags":[],"class_list":["post-8141","post","type-post","status-publish","format-standard","has-post-thumbnail","hentry","category-ultimas-noticias"],"_links":{"self":[{"href":"https:\/\/goiasemtempo.com.br\/home\/wp-json\/wp\/v2\/posts\/8141","targetHints":{"allow":["GET"]}}],"collection":[{"href":"https:\/\/goiasemtempo.com.br\/home\/wp-json\/wp\/v2\/posts"}],"about":[{"href":"https:\/\/goiasemtempo.com.br\/home\/wp-json\/wp\/v2\/types\/post"}],"author":[{"embeddable":true,"href":"https:\/\/goiasemtempo.com.br\/home\/wp-json\/wp\/v2\/users\/2"}],"replies":[{"embeddable":true,"href":"https:\/\/goiasemtempo.com.br\/home\/wp-json\/wp\/v2\/comments?post=8141"}],"version-history":[{"count":1,"href":"https:\/\/goiasemtempo.com.br\/home\/wp-json\/wp\/v2\/posts\/8141\/revisions"}],"predecessor-version":[{"id":8142,"href":"https:\/\/goiasemtempo.com.br\/home\/wp-json\/wp\/v2\/posts\/8141\/revisions\/8142"}],"wp:featuredmedia":[{"embeddable":true,"href":"https:\/\/goiasemtempo.com.br\/home\/wp-json\/wp\/v2\/media\/8044"}],"wp:attachment":[{"href":"https:\/\/goiasemtempo.com.br\/home\/wp-json\/wp\/v2\/media?parent=8141"}],"wp:term":[{"taxonomy":"category","embeddable":true,"href":"https:\/\/goiasemtempo.com.br\/home\/wp-json\/wp\/v2\/categories?post=8141"},{"taxonomy":"post_tag","embeddable":true,"href":"https:\/\/goiasemtempo.com.br\/home\/wp-json\/wp\/v2\/tags?post=8141"}],"curies":[{"name":"wp","href":"https:\/\/api.w.org\/{rel}","templated":true}]}}