{"id":81409,"date":"2026-04-29T19:01:00","date_gmt":"2026-04-29T19:01:00","guid":{"rendered":"https:\/\/goiasemtempo.com.br\/home\/?p=81409"},"modified":"2026-04-29T19:01:00","modified_gmt":"2026-04-29T19:01:00","slug":"thays-jube-participa-de-evento-exclusivo-da-hatop-jeans-em-turitama","status":"publish","type":"post","link":"https:\/\/goiasemtempo.com.br\/home\/thays-jube-participa-de-evento-exclusivo-da-hatop-jeans-em-turitama\/","title":{"rendered":"Thays Jub\u00e9 participa de evento exclusivo da Hatop Jeans em Turitama"},"content":{"rendered":"<p>A influenciadora Thays Jub\u00e9 esteve em Turitama, no Agreste de Pernambuco, para um evento exclusivo promovido pela marca Hatop Jeans, cuja sede est\u00e1 localizada no munic\u00edpio. Reconhecida nacionalmente como a \u201ccapital do jeans\u201d, a cidade foi o cen\u00e1rio escolhido para a experi\u00eancia.<\/p>\n<p>O convite veio ap\u00f3s uma parceria de destaque realizada em Goi\u00e2nia, que fortaleceu a conex\u00e3o entre a influenciadora e a marca.<\/p>\n<p>Durante a visita, Thays teve a oportunidade de conhecer de perto a sede oficial da Hatop, acompanhando processos de cria\u00e7\u00e3o e produ\u00e7\u00e3o que evidenciam o DNA da empresa. Com fabrica\u00e7\u00e3o pr\u00f3pria, a marca se destaca por oferecer pe\u00e7as que v\u00e3o do slim ao plus size, aliando versatilidade, caimento e identidade marcante.<br \/>\nA presen\u00e7a de Thays Jub\u00e9 evidenciou a estrat\u00e9gia da marca em dialogar com diferentes p\u00fablicos por meio de influenciadores que representam autenticidade e proximidade com o consumidor.<\/p>\n<p>Assessoria de Imprensa<br \/>\nPalavra Comunica\u00e7\u00e3o<br \/>\nE-mail: noticias@palavracom.com<br \/>\nInstagram: @palavracomunicacao<br \/>\nContato: (62) 981624898 \/ (62) 999795256<\/p>\n<p><img decoding=\"async\" src=\"https:\/\/goiasemtempo.com.br\/home\/wp-content\/uploads\/2026\/04\/thays-juba-scaled.jpeg\" \/><\/p>\n","protected":false},"excerpt":{"rendered":"<p>A influenciadora Thays Jub\u00e9 esteve em Turitama, no Agreste de Pernambuco, para um evento exclusivo promovido pela marca Hatop Jeans, cuja sede est\u00e1 localizada no munic\u00edpio. Reconhecida nacionalmente como a \u201ccapital do jeans\u201d, a cidade foi o cen\u00e1rio escolhido para a experi\u00eancia. O convite veio ap\u00f3s uma parceria de destaque realizada em Goi\u00e2nia, que fortaleceu &hellip;<\/p>\n","protected":false},"author":3,"featured_media":81410,"comment_status":"closed","ping_status":"open","sticky":false,"template":"","format":"standard","meta":{"_exactmetrics_skip_tracking":false,"_exactmetrics_sitenote_active":false,"_exactmetrics_sitenote_note":"","_exactmetrics_sitenote_category":0,"footnotes":""},"categories":[543,473,513],"tags":[],"_links":{"self":[{"href":"https:\/\/goiasemtempo.com.br\/home\/wp-json\/wp\/v2\/posts\/81409"}],"collection":[{"href":"https:\/\/goiasemtempo.com.br\/home\/wp-json\/wp\/v2\/posts"}],"about":[{"href":"https:\/\/goiasemtempo.com.br\/home\/wp-json\/wp\/v2\/types\/post"}],"author":[{"embeddable":true,"href":"https:\/\/goiasemtempo.com.br\/home\/wp-json\/wp\/v2\/users\/3"}],"replies":[{"embeddable":true,"href":"https:\/\/goiasemtempo.com.br\/home\/wp-json\/wp\/v2\/comments?post=81409"}],"version-history":[{"count":1,"href":"https:\/\/goiasemtempo.com.br\/home\/wp-json\/wp\/v2\/posts\/81409\/revisions"}],"predecessor-version":[{"id":81411,"href":"https:\/\/goiasemtempo.com.br\/home\/wp-json\/wp\/v2\/posts\/81409\/revisions\/81411"}],"wp:featuredmedia":[{"embeddable":true,"href":"https:\/\/goiasemtempo.com.br\/home\/wp-json\/wp\/v2\/media\/81410"}],"wp:attachment":[{"href":"https:\/\/goiasemtempo.com.br\/home\/wp-json\/wp\/v2\/media?parent=81409"}],"wp:term":[{"taxonomy":"category","embeddable":true,"href":"https:\/\/goiasemtempo.com.br\/home\/wp-json\/wp\/v2\/categories?post=81409"},{"taxonomy":"post_tag","embeddable":true,"href":"https:\/\/goiasemtempo.com.br\/home\/wp-json\/wp\/v2\/tags?post=81409"}],"curies":[{"name":"wp","href":"https:\/\/api.w.org\/{rel}","templated":true}]}}