{"id":81399,"date":"2026-04-29T13:14:20","date_gmt":"2026-04-29T13:14:20","guid":{"rendered":"https:\/\/goiasemtempo.com.br\/home\/?p=81399"},"modified":"2026-04-29T13:14:20","modified_gmt":"2026-04-29T13:14:20","slug":"feriado-do-dia-do-trabalhador-tera-shows-gratuitos-em-goiania-confira","status":"publish","type":"post","link":"https:\/\/goiasemtempo.com.br\/home\/feriado-do-dia-do-trabalhador-tera-shows-gratuitos-em-goiania-confira\/","title":{"rendered":"Feriado do Dia do Trabalhador ter\u00e1 shows gratuitos em Goi\u00e2nia; confira"},"content":{"rendered":"<p>O feriado do Dia do Trabalhador, nesta sexta-feira (1\u00ba), ter\u00e1\u00a0<a id=\"https:\/\/www.instagram.com\/p\/DXprdQXjQBL\/\" href=\"https:\/\/www.instagram.com\/p\/DXprdQXjQBL\/\" target=\"_blank\" rel=\"noreferrer noopener\" type=\"link\">programa\u00e7\u00e3o gratuita<\/a>\u00a0com shows e oferta de servi\u00e7os na Pra\u00e7a da Feira do Vera Cruz 2, em Goi\u00e2nia. As atividades come\u00e7am \u00e0s 15h e seguem ao longo da noite.<\/p>\n<div id=\"inread1\" class=\"square-ad\" data-google-query-id=\"CKqA1tyRk5QDFSkvHgAdyzQ5Kg\">\n<div id=\"google_ads_iframe_\/176290677\/maisgoias\/inread1_0__container__\">A partir das 17h30, o p\u00fablico poder\u00e1 acompanhar shows de Rick &amp; Renner, Nechivile, Jo\u00e3o Lucas &amp; Marcelo, Brazuka e Brenno Paix\u00e3o. A programa\u00e7\u00e3o \u00e9 aberta ao p\u00fablico.<\/div>\n<\/div>\n<p>&nbsp;<\/p>\n<p>Al\u00e9m dos shows, o evento contar\u00e1 com atendimento do SINE, que estar\u00e1 no local das 15h \u00e0s 19h oferecendo vagas de emprego e informa\u00e7\u00f5es sobre cursos profissionalizantes.<\/p>\n<div id=\"inread2\" class=\"square-ad\" data-google-query-id=\"CMTP1tyRk5QDFT8eHgAdwNw5LA\">\n<div id=\"google_ads_iframe_\/176290677\/maisgoias\/inread2_0__container__\"><\/div>\n<\/div>\n<p>De acordo com divulga\u00e7\u00e3o, a programa\u00e7\u00e3o tem o objetivo de celebrar o trabalhador com cultura, lazer e acesso a servi\u00e7os.<\/p>\n<p><iframe id=\"instagram-embed-0\" class=\"instagram-media instagram-media-rendered\" src=\"https:\/\/www.instagram.com\/p\/DXprdQXjQBL\/embed\/captioned\/?cr=1&amp;v=14&amp;wp=540&amp;rd=https%3A%2F%2Fwww.maisgoias.com.br&amp;rp=%2Fdivirta-se%2Fshows%2Fferiado-do-dia-do-trabalhador-tera-shows-gratuitos-em-goiania-confira%2F#%7B%22ci%22%3A0%2C%22os%22%3A399.2999999523163%2C%22ls%22%3A38.40000009536743%2C%22le%22%3A386.7000000476837%7D\" height=\"1185\" frameborder=\"0\" scrolling=\"no\" allowfullscreen=\"allowfullscreen\" data-instgrm-payload-id=\"instagram-media-payload-0\" data-mce-fragment=\"1\"><\/iframe><\/p>\n<p><strong>ANOTA A\u00cd<br \/>\nPrograma\u00e7\u00e3o cultural de Dia do Trabalhador em Goi\u00e2nia<br \/>\nData<\/strong>: 1\u00ba de maio<br \/>\n<strong>Local<\/strong>: Pra\u00e7a da Feira do Vera Cruz 2<br \/>\n<strong>Hor\u00e1rio<\/strong>: show a partir das 17h30<br \/>\n<strong>Entrada<\/strong>: gratuita<\/p>\n","protected":false},"excerpt":{"rendered":"<p>O feriado do Dia do Trabalhador, nesta sexta-feira (1\u00ba), ter\u00e1\u00a0programa\u00e7\u00e3o gratuita\u00a0com shows e oferta de servi\u00e7os na Pra\u00e7a da Feira do Vera Cruz 2, em Goi\u00e2nia. As atividades come\u00e7am \u00e0s 15h e seguem ao longo da noite. A partir das 17h30, o p\u00fablico poder\u00e1 acompanhar shows de Rick &amp; Renner, Nechivile, Jo\u00e3o Lucas &amp; Marcelo, &hellip;<\/p>\n","protected":false},"author":3,"featured_media":81400,"comment_status":"closed","ping_status":"open","sticky":false,"template":"","format":"standard","meta":{"_exactmetrics_skip_tracking":false,"_exactmetrics_sitenote_active":false,"_exactmetrics_sitenote_note":"","_exactmetrics_sitenote_category":0,"footnotes":""},"categories":[50],"tags":[],"_links":{"self":[{"href":"https:\/\/goiasemtempo.com.br\/home\/wp-json\/wp\/v2\/posts\/81399"}],"collection":[{"href":"https:\/\/goiasemtempo.com.br\/home\/wp-json\/wp\/v2\/posts"}],"about":[{"href":"https:\/\/goiasemtempo.com.br\/home\/wp-json\/wp\/v2\/types\/post"}],"author":[{"embeddable":true,"href":"https:\/\/goiasemtempo.com.br\/home\/wp-json\/wp\/v2\/users\/3"}],"replies":[{"embeddable":true,"href":"https:\/\/goiasemtempo.com.br\/home\/wp-json\/wp\/v2\/comments?post=81399"}],"version-history":[{"count":1,"href":"https:\/\/goiasemtempo.com.br\/home\/wp-json\/wp\/v2\/posts\/81399\/revisions"}],"predecessor-version":[{"id":81401,"href":"https:\/\/goiasemtempo.com.br\/home\/wp-json\/wp\/v2\/posts\/81399\/revisions\/81401"}],"wp:featuredmedia":[{"embeddable":true,"href":"https:\/\/goiasemtempo.com.br\/home\/wp-json\/wp\/v2\/media\/81400"}],"wp:attachment":[{"href":"https:\/\/goiasemtempo.com.br\/home\/wp-json\/wp\/v2\/media?parent=81399"}],"wp:term":[{"taxonomy":"category","embeddable":true,"href":"https:\/\/goiasemtempo.com.br\/home\/wp-json\/wp\/v2\/categories?post=81399"},{"taxonomy":"post_tag","embeddable":true,"href":"https:\/\/goiasemtempo.com.br\/home\/wp-json\/wp\/v2\/tags?post=81399"}],"curies":[{"name":"wp","href":"https:\/\/api.w.org\/{rel}","templated":true}]}}