{"id":81395,"date":"2026-04-29T13:11:36","date_gmt":"2026-04-29T13:11:36","guid":{"rendered":"https:\/\/goiasemtempo.com.br\/home\/?p=81395"},"modified":"2026-04-29T13:11:36","modified_gmt":"2026-04-29T13:11:36","slug":"senado-aprova-criacao-de-cadastro-nacional-de-condenados-por-violencia-contra-mulher","status":"publish","type":"post","link":"https:\/\/goiasemtempo.com.br\/home\/senado-aprova-criacao-de-cadastro-nacional-de-condenados-por-violencia-contra-mulher\/","title":{"rendered":"Senado aprova cria\u00e7\u00e3o de cadastro nacional de condenados por viol\u00eancia contra mulher"},"content":{"rendered":"<p>O Senado Federal aprovou, nesta segunda-feira (28\/4), o Projeto de Lei n\u00ba 1.099\/2024, que cria um\u00a0<strong>cadastro nacional por crimes de\u00a0<a id=\"https:\/\/www.maisgoias.com.br\/cidades\/goias-registra-dois-feminicidios-no-final-de-semana-numero-ja-chega-a-25-em-2026\/\" href=\"https:\/\/www.maisgoias.com.br\/cidades\/goias-registra-dois-feminicidios-no-final-de-semana-numero-ja-chega-a-25-em-2026\/\" target=\"_blank\" rel=\"noreferrer noopener\" type=\"link\">viol\u00eancia contra a mulher<\/a><\/strong>. O banco de dados reunir\u00e1 informa\u00e7\u00f5es como nome completo, documentos pessoais, identifica\u00e7\u00e3o biom\u00e9trica, endere\u00e7o e detalhes sobre o tipo de crime cometido e a rela\u00e7\u00e3o entre agressor e v\u00edtima. O dispositivo prev\u00ea inclus\u00e3o de nomes de agressores que tiveram processos com tr\u00e2nsito em julgado, ou seja, que n\u00e3o cabem mais recurso. A autoria \u00e9 da deputada federal Silvye Alves.<\/p>\n<div id=\"inread1\" class=\"square-ad\" data-google-query-id=\"COm67ZGRk5QDFb5M3QIdNzwdJQ\">\n<div id=\"google_ads_iframe_\/176290677\/maisgoias\/inread1_0__container__\"><\/div>\n<\/div>\n<p>Entre os crimes inclu\u00eddos est\u00e3o feminic\u00eddio, estupro, estupro de vulner\u00e1vel, importuna\u00e7\u00e3o sexual, ass\u00e9dio sexual, persegui\u00e7\u00e3o, viol\u00eancia psicol\u00f3gica e patrimonial, al\u00e9m de registro n\u00e3o autorizado de intimidade sexual e estelionato sentimental.<\/p>\n<h2 id=\"h-cadastro-nacional\" class=\"wp-block-heading\">Cadastro nacional<\/h2>\n<p>O texto tamb\u00e9m prev\u00ea a integra\u00e7\u00e3o de informa\u00e7\u00f5es entre \u00f3rg\u00e3os de seguran\u00e7a p\u00fablica federais e estaduais, permitindo atualiza\u00e7\u00e3o constante e compartilhamento dos dados. A gest\u00e3o do sistema ficar\u00e1 sob responsabilidade da Uni\u00e3o.<\/p>\n<p>A medida ter\u00e1 abrang\u00eancia nacional e entrar\u00e1 em vigor 60 dias ap\u00f3s a publica\u00e7\u00e3o da lei.<\/p>\n<div id=\"inread2\" class=\"square-ad\" data-google-query-id=\"CICDy5ORk5QDFRYJ4AMdAS4YhA\">\n<div id=\"google_ads_iframe_\/176290677\/maisgoias\/inread2_0__container__\"><span style=\"font-size: 24px; font-weight: bold;\">Viol\u00eancia contra mulher<\/span><\/div>\n<\/div>\n<p>Apenas Goi\u00e1s registrou 55.689 novos processos relacionados \u00e0\u00a0<a href=\"https:\/\/www.maisgoias.com.br\/cidades\/goias-registra-quase-30-mil-novos-casos-de-violencia-domestica-em-seis-meses\/\" target=\"_blank\" rel=\"noreferrer noopener\">viol\u00eancia contra a mulher<\/a>\u00a0at\u00e9 novembro de 2025, superando os 50.042 casos de todo o ano de 2024, segundo o Painel Interativo de Viol\u00eancia Contra a Mulher do Conselho Nacional de Justi\u00e7a (CNJ).<\/p>\n<p>No mesmo per\u00edodo, a Central de Atendimento \u00e0 Mulher Ligue 180 recebeu 10.297 den\u00fancias e pedidos de orienta\u00e7\u00e3o. O estado ocupa a 7\u00aa posi\u00e7\u00e3o no ranking nacional de crimes de viol\u00eancia dom\u00e9stica. At\u00e9 o \u00faltimo dia de 2025, 60 mulheres foram v\u00edtimas de feminic\u00eddio no estado, mantendo o mesmo n\u00famero de v\u00edtimas mortas do ano anterior.<\/p>\n<p>Em 2026, Goi\u00e1s registra escalada de feminic\u00eddios.\u00a0<a id=\"https:\/\/www.maisgoias.com.br\/cidades\/goias-registra-em-4-meses-metade-dos-casos-de-feminicidios-ocorridos-em-2025\/\" href=\"https:\/\/www.maisgoias.com.br\/cidades\/goias-registra-em-4-meses-metade-dos-casos-de-feminicidios-ocorridos-em-2025\/\" target=\"_blank\" rel=\"noreferrer noopener\" type=\"link\">Em quatro meses, o estado j\u00e1 alcan\u00e7ou metade da quantia contabilizada no ano anterio<\/a>r para esses crimes.<\/p>\n","protected":false},"excerpt":{"rendered":"<p>O Senado Federal aprovou, nesta segunda-feira (28\/4), o Projeto de Lei n\u00ba 1.099\/2024, que cria um\u00a0cadastro nacional por crimes de\u00a0viol\u00eancia contra a mulher. O banco de dados reunir\u00e1 informa\u00e7\u00f5es como nome completo, documentos pessoais, identifica\u00e7\u00e3o biom\u00e9trica, endere\u00e7o e detalhes sobre o tipo de crime cometido e a rela\u00e7\u00e3o entre agressor e v\u00edtima. O dispositivo prev\u00ea &hellip;<\/p>\n","protected":false},"author":3,"featured_media":81396,"comment_status":"closed","ping_status":"open","sticky":false,"template":"","format":"standard","meta":{"_exactmetrics_skip_tracking":false,"_exactmetrics_sitenote_active":false,"_exactmetrics_sitenote_note":"","_exactmetrics_sitenote_category":0,"footnotes":""},"categories":[4],"tags":[],"_links":{"self":[{"href":"https:\/\/goiasemtempo.com.br\/home\/wp-json\/wp\/v2\/posts\/81395"}],"collection":[{"href":"https:\/\/goiasemtempo.com.br\/home\/wp-json\/wp\/v2\/posts"}],"about":[{"href":"https:\/\/goiasemtempo.com.br\/home\/wp-json\/wp\/v2\/types\/post"}],"author":[{"embeddable":true,"href":"https:\/\/goiasemtempo.com.br\/home\/wp-json\/wp\/v2\/users\/3"}],"replies":[{"embeddable":true,"href":"https:\/\/goiasemtempo.com.br\/home\/wp-json\/wp\/v2\/comments?post=81395"}],"version-history":[{"count":1,"href":"https:\/\/goiasemtempo.com.br\/home\/wp-json\/wp\/v2\/posts\/81395\/revisions"}],"predecessor-version":[{"id":81397,"href":"https:\/\/goiasemtempo.com.br\/home\/wp-json\/wp\/v2\/posts\/81395\/revisions\/81397"}],"wp:featuredmedia":[{"embeddable":true,"href":"https:\/\/goiasemtempo.com.br\/home\/wp-json\/wp\/v2\/media\/81396"}],"wp:attachment":[{"href":"https:\/\/goiasemtempo.com.br\/home\/wp-json\/wp\/v2\/media?parent=81395"}],"wp:term":[{"taxonomy":"category","embeddable":true,"href":"https:\/\/goiasemtempo.com.br\/home\/wp-json\/wp\/v2\/categories?post=81395"},{"taxonomy":"post_tag","embeddable":true,"href":"https:\/\/goiasemtempo.com.br\/home\/wp-json\/wp\/v2\/tags?post=81395"}],"curies":[{"name":"wp","href":"https:\/\/api.w.org\/{rel}","templated":true}]}}