{"id":81383,"date":"2026-04-27T19:48:00","date_gmt":"2026-04-27T19:48:00","guid":{"rendered":"https:\/\/goiasemtempo.com.br\/home\/?p=81383"},"modified":"2026-04-27T19:48:00","modified_gmt":"2026-04-27T19:48:00","slug":"delegado-que-baleou-esposa-e-mais-duas-mulheres-no-df-e-encontrado-morto-em-goiania","status":"publish","type":"post","link":"https:\/\/goiasemtempo.com.br\/home\/delegado-que-baleou-esposa-e-mais-duas-mulheres-no-df-e-encontrado-morto-em-goiania\/","title":{"rendered":"Delegado que baleou esposa e mais duas mulheres no DF \u00e9 encontrado morto em Goi\u00e2nia"},"content":{"rendered":"<div id=\"chunk-dnr1j\">\n<div class=\"mc-column content-text active-extra-styles \" data-block-type=\"unstyled\" data-block-weight=\"47\" data-block-id=\"3\">\n<p class=\" content-text__container \" data-track-category=\"Link no Texto\" data-track-links=\"\" data-mrf-recirculation=\"Mat\u00e9ria - Links no Texto\">O delegado da Pol\u00edcia Civil do Distrito Federal (PCDF) Mikhail Rocha e Menezes, de 46 anos, que baleou a esposa e mais duas mulheres em\u00a0<a class=\"\" href=\"https:\/\/g1.globo.com\/df\/distrito-federal\/cidade\/brasilia\/\" data-mrf-link=\"https:\/\/g1.globo.com\/df\/distrito-federal\/cidade\/brasilia\/\">Bras\u00edlia<\/a>, em 2025, foi encontrado morto em\u00a0<a class=\"\" href=\"https:\/\/g1.globo.com\/go\/goias\/cidade\/goiania\/\" data-mrf-link=\"https:\/\/g1.globo.com\/go\/goias\/cidade\/goiania\/\">Goi\u00e2nia<\/a>. Segundo a Pol\u00edcia Civil, foram solicitadas per\u00edcias para o esclarecimento completo do caso.<\/p>\n<\/div>\n<\/div>\n<div class=\"wall protected-content\">\n<div id=\"chunk-2fp1e\">\n<div class=\"mc-column content-text active-extra-styles \" data-block-type=\"unstyled\" data-block-weight=\"41\" data-block-id=\"5\">\n<p class=\" content-text__container \" data-track-category=\"Link no Texto\" data-track-links=\"\" data-mrf-recirculation=\"Mat\u00e9ria - Links no Texto\">O corpo de Mikhail foi encontrado \u00e0s margens da BR-153, em uma \u00e1rea de mata, na sexta-feira (24). Em nota enviada ao\u00a0<a class=\"\" href=\"https:\/\/g1.globo.com\/go\/goias\/\" data-mrf-link=\"https:\/\/g1.globo.com\/go\/goias\/\">g1<\/a>, a PC-DF lamentou o falecimento do delegado e se solidarizou com familiares, amigos e colegas de trabalho.<\/p>\n<div id=\"chunk-72ego\">\n<div class=\"mc-column content-text active-extra-styles \" data-block-type=\"unstyled\" data-block-weight=\"35\" data-block-id=\"9\">\n<p class=\" content-text__container \" data-track-category=\"Link no Texto\" data-track-links=\"\" data-mrf-recirculation=\"Mat\u00e9ria - Links no Texto\">O caso pelo qual Mikhail \u00e9 investigado aconteceu em janeiro do ano passado. Segundo apura\u00e7\u00e3o do\u00a0<strong>g1 DF<\/strong>, ele estava em casa, em uma \u00e1rea nobre de Bras\u00edlia, quando atirou na esposa e na diarista.<\/p>\n<\/div>\n<\/div>\n<div id=\"chunk-1bl19\">\n<div class=\"mc-column content-text active-extra-styles \" data-block-type=\"unstyled\" data-block-weight=\"42\" data-block-id=\"10\">\n<p class=\" content-text__container \" data-track-category=\"Link no Texto\" data-track-links=\"\" data-mrf-recirculation=\"Mat\u00e9ria - Links no Texto\">Al\u00e9m delas, o filho do casal, de 7 anos, tamb\u00e9m foi atingido de rasp\u00e3o e precisou ser levado para o hospital. No Lago Sul, dentro do Hospital Bras\u00edlia, Mikhail baleou uma enfermeira, que tentou intervir quando ele exigiu atendimento para o filho.<\/p>\n<p data-track-category=\"Link no Texto\" data-track-links=\"\" data-mrf-recirculation=\"Mat\u00e9ria - Links no Texto\">As mulheres sobreviveram e Mikhail foi preso na \u00e9poca, mas teve a pris\u00e3o revogada pela Justi\u00e7a. A Pol\u00edcia Civil informou que ele estava afastado das fun\u00e7\u00f5es desde outubro de 2025, em raz\u00e3o de medida cautelar.<\/p>\n<p data-track-category=\"Link no Texto\" data-track-links=\"\" data-mrf-recirculation=\"Mat\u00e9ria - Links no Texto\">Segundo o Minist\u00e9rio P\u00fablico, ele foi denunciado por tentativa de feminic\u00eddio e de homic\u00eddio. J\u00e1 o Governo do Distrito Federal disse que estava em curso um processo administrativo contra o delegado.<\/p>\n<p data-track-category=\"Link no Texto\" data-track-links=\"\" data-mrf-recirculation=\"Mat\u00e9ria - Links no Texto\">\n<\/div>\n<\/div>\n<\/div>\n<\/div>\n<\/div>\n","protected":false},"excerpt":{"rendered":"<p>O delegado da Pol\u00edcia Civil do Distrito Federal (PCDF) Mikhail Rocha e Menezes, de 46 anos, que baleou a esposa e mais duas mulheres em\u00a0Bras\u00edlia, em 2025, foi encontrado morto em\u00a0Goi\u00e2nia. Segundo a Pol\u00edcia Civil, foram solicitadas per\u00edcias para o esclarecimento completo do caso. O corpo de Mikhail foi encontrado \u00e0s margens da BR-153, em &hellip;<\/p>\n","protected":false},"author":3,"featured_media":81384,"comment_status":"closed","ping_status":"open","sticky":false,"template":"","format":"standard","meta":{"_exactmetrics_skip_tracking":false,"_exactmetrics_sitenote_active":false,"_exactmetrics_sitenote_note":"","_exactmetrics_sitenote_category":0,"footnotes":""},"categories":[4],"tags":[],"_links":{"self":[{"href":"https:\/\/goiasemtempo.com.br\/home\/wp-json\/wp\/v2\/posts\/81383"}],"collection":[{"href":"https:\/\/goiasemtempo.com.br\/home\/wp-json\/wp\/v2\/posts"}],"about":[{"href":"https:\/\/goiasemtempo.com.br\/home\/wp-json\/wp\/v2\/types\/post"}],"author":[{"embeddable":true,"href":"https:\/\/goiasemtempo.com.br\/home\/wp-json\/wp\/v2\/users\/3"}],"replies":[{"embeddable":true,"href":"https:\/\/goiasemtempo.com.br\/home\/wp-json\/wp\/v2\/comments?post=81383"}],"version-history":[{"count":1,"href":"https:\/\/goiasemtempo.com.br\/home\/wp-json\/wp\/v2\/posts\/81383\/revisions"}],"predecessor-version":[{"id":81385,"href":"https:\/\/goiasemtempo.com.br\/home\/wp-json\/wp\/v2\/posts\/81383\/revisions\/81385"}],"wp:featuredmedia":[{"embeddable":true,"href":"https:\/\/goiasemtempo.com.br\/home\/wp-json\/wp\/v2\/media\/81384"}],"wp:attachment":[{"href":"https:\/\/goiasemtempo.com.br\/home\/wp-json\/wp\/v2\/media?parent=81383"}],"wp:term":[{"taxonomy":"category","embeddable":true,"href":"https:\/\/goiasemtempo.com.br\/home\/wp-json\/wp\/v2\/categories?post=81383"},{"taxonomy":"post_tag","embeddable":true,"href":"https:\/\/goiasemtempo.com.br\/home\/wp-json\/wp\/v2\/tags?post=81383"}],"curies":[{"name":"wp","href":"https:\/\/api.w.org\/{rel}","templated":true}]}}