{"id":81074,"date":"2026-03-16T18:54:52","date_gmt":"2026-03-16T18:54:52","guid":{"rendered":"https:\/\/goiasemtempo.com.br\/home\/?p=81074"},"modified":"2026-03-16T18:56:28","modified_gmt":"2026-03-16T18:56:28","slug":"christie-queiroz-lanca-tres-obras-da-turma-do-cabeca-oca-em-goiania","status":"publish","type":"post","link":"https:\/\/goiasemtempo.com.br\/home\/christie-queiroz-lanca-tres-obras-da-turma-do-cabeca-oca-em-goiania\/","title":{"rendered":"Christie Queiroz lan\u00e7a tr\u00eas obras da Turma do Cabe\u00e7a Oca em Goi\u00e2nia"},"content":{"rendered":"<p>O autor e cartunista Christie Queiroz realizar\u00e1, nos dias 28 e 29 de mar\u00e7o, em Goi\u00e2nia, o lan\u00e7amento de tr\u00eas novas obras voltadas ao p\u00fablico infantojuvenil: Almanaque da Turma do Cabe\u00e7a Oca 3 \u2013 Era s\u00f3 o que faltava, A Turma do Cabe\u00e7a Oca no Mundo de Cordel e P\u00e9s no Ch\u00e3o, Olhos no C\u00e9u. Os encontros com leitores acontecer\u00e3o a partir das 16h, nas unidades da Livraria Leitura do Goi\u00e2nia Shopping (28\/03) e do Passeio das \u00c1guas Shopping (29\/03).<\/p>\n<p>Criador da Turma do Cabe\u00e7a Oca e formado em Design Gr\u00e1fico pela Universidade Federal de Goi\u00e1s (UFG), Christie Queiroz desenvolve um trabalho que une literatura, arte e educa\u00e7\u00e3o. As novas publica\u00e7\u00f5es apresentam hist\u00f3rias em quadrinhos e narrativas que valorizam o humor, a imagina\u00e7\u00e3o e a cultura brasileira, al\u00e9m de reflex\u00f5es sobre a inf\u00e2ncia e o desenvolvimento infantil.<\/p>\n<p>Entre os lan\u00e7amentos est\u00e1 o Almanaque da Turma do Cabe\u00e7a Oca 3 \u2013 Era s\u00f3 o que faltava, que re\u00fane hist\u00f3rias em quadrinhos bem-humoradas com temas atuais, abordando situa\u00e7\u00f5es do cotidiano das crian\u00e7as e jovens com leveza e criatividade, caracter\u00edsticas marcantes da s\u00e9rie criada pelo autor.<\/p>\n<p>Outra obra apresentada \u00e9 A Turma do Cabe\u00e7a Oca no Mundo de Cordel. Inspirado nas visitas do autor a congressos realizados no Nordeste brasileiro, o livro traz uma nova tem\u00e1tica para a turma. A caminho da ch\u00e1cara da Vov\u00f3 Necy \u2014 com cabras nas \u00e1rvores e bolo de fub\u00e1 \u2014 os personagens encontram artistas que viajam o Brasil em um \u201cCordelm\u00f3vel\u201d, respons\u00e1vel por montar um Museu do Cordel itinerante. Entre investiga\u00e7\u00e3o, perd\u00e3o e uma vaquinha solid\u00e1ria, Kak\u00e1 e seus amigos ajudam a reconstruir o espet\u00e1culo, aprendem sobre sextilhas e xilogravura e acabam fundando a \u201cCarretinha do Cordel\u201d, em uma aventura repleta de humor e cultura popular brasileira.<\/p>\n<p>J\u00e1 na obra P\u00e9s no Ch\u00e3o, Olhos no C\u00e9u, Christie prop\u00f5e uma narrativa mais sens\u00edvel sobre a inf\u00e2ncia, convidando o leitor a desacelerar e perceber os encantos da vida cotidiana a partir do olhar curioso das crian\u00e7as. O livro marca tamb\u00e9m um momento importante dentro do universo da Turma do Cabe\u00e7a Oca, ao trazer como protagonista um menino negro integrante da turma. A obra inaugura uma nova s\u00e9rie de hist\u00f3rias que o autor pretende desenvolver nos pr\u00f3ximos anos, refor\u00e7ando tamb\u00e9m um posicionamento de valoriza\u00e7\u00e3o da representatividade na literatura infantil.<\/p>\n<p><strong>Servi\u00e7o<\/strong><br \/>\n<strong>Lan\u00e7amento \u2013 Novos livros de Christie Queiroz<\/strong><\/p>\n<p><strong>Data: 28 de mar\u00e7o<\/strong><br \/>\nLocal: Goi\u00e2nia Shopping \u2013 Livraria Leitura<br \/>\nHor\u00e1rio: a partir das 16h<br \/>\nSess\u00e3o de aut\u00f3grafos e encontro com leitores<\/p>\n<p><strong>Data: 29 de mar\u00e7o<\/strong><br \/>\nLocal: Passeio das \u00c1guas Shopping \u2013 Livraria Leitura<br \/>\nHor\u00e1rio: a partir das 16h<br \/>\nSess\u00e3o de aut\u00f3grafos e encontro com leitores<\/p>\n<p><strong>Obras lan\u00e7adas:<\/strong><br \/>\n* Almanaque da Turma do Cabe\u00e7a Oca 3 \u2013 Era s\u00f3 o que faltava<br \/>\n* A Turma do Cabe\u00e7a Oca no Mundo de Cordel<br \/>\n* P\u00e9s no Ch\u00e3o, Olhos no C\u00e9u<\/p>\n<p><img decoding=\"async\" src=\"https:\/\/goiasemtempo.com.br\/home\/wp-content\/uploads\/2026\/03\/cristie-escritor.jpg\" \/><\/p>\n","protected":false},"excerpt":{"rendered":"<p>O autor e cartunista Christie Queiroz realizar\u00e1, nos dias 28 e 29 de mar\u00e7o, em Goi\u00e2nia, o lan\u00e7amento de tr\u00eas novas obras voltadas ao p\u00fablico infantojuvenil: Almanaque da Turma do Cabe\u00e7a Oca 3 \u2013 Era s\u00f3 o que faltava, A Turma do Cabe\u00e7a Oca no Mundo de Cordel e P\u00e9s no Ch\u00e3o, Olhos no C\u00e9u. &hellip;<\/p>\n","protected":false},"author":3,"featured_media":81077,"comment_status":"closed","ping_status":"open","sticky":false,"template":"","format":"standard","meta":{"_exactmetrics_skip_tracking":false,"_exactmetrics_sitenote_active":false,"_exactmetrics_sitenote_note":"","_exactmetrics_sitenote_category":0,"footnotes":""},"categories":[491,32],"tags":[],"_links":{"self":[{"href":"https:\/\/goiasemtempo.com.br\/home\/wp-json\/wp\/v2\/posts\/81074"}],"collection":[{"href":"https:\/\/goiasemtempo.com.br\/home\/wp-json\/wp\/v2\/posts"}],"about":[{"href":"https:\/\/goiasemtempo.com.br\/home\/wp-json\/wp\/v2\/types\/post"}],"author":[{"embeddable":true,"href":"https:\/\/goiasemtempo.com.br\/home\/wp-json\/wp\/v2\/users\/3"}],"replies":[{"embeddable":true,"href":"https:\/\/goiasemtempo.com.br\/home\/wp-json\/wp\/v2\/comments?post=81074"}],"version-history":[{"count":3,"href":"https:\/\/goiasemtempo.com.br\/home\/wp-json\/wp\/v2\/posts\/81074\/revisions"}],"predecessor-version":[{"id":81079,"href":"https:\/\/goiasemtempo.com.br\/home\/wp-json\/wp\/v2\/posts\/81074\/revisions\/81079"}],"wp:featuredmedia":[{"embeddable":true,"href":"https:\/\/goiasemtempo.com.br\/home\/wp-json\/wp\/v2\/media\/81077"}],"wp:attachment":[{"href":"https:\/\/goiasemtempo.com.br\/home\/wp-json\/wp\/v2\/media?parent=81074"}],"wp:term":[{"taxonomy":"category","embeddable":true,"href":"https:\/\/goiasemtempo.com.br\/home\/wp-json\/wp\/v2\/categories?post=81074"},{"taxonomy":"post_tag","embeddable":true,"href":"https:\/\/goiasemtempo.com.br\/home\/wp-json\/wp\/v2\/tags?post=81074"}],"curies":[{"name":"wp","href":"https:\/\/api.w.org\/{rel}","templated":true}]}}