{"id":81027,"date":"2026-03-11T13:42:49","date_gmt":"2026-03-11T13:42:49","guid":{"rendered":"https:\/\/goiasemtempo.com.br\/home\/?p=81027"},"modified":"2026-03-11T13:42:49","modified_gmt":"2026-03-11T13:42:49","slug":"gsi-investiga-morte-de-militar-na-residencia-oficial-de-lula","status":"publish","type":"post","link":"https:\/\/goiasemtempo.com.br\/home\/gsi-investiga-morte-de-militar-na-residencia-oficial-de-lula\/","title":{"rendered":"GSI investiga morte de militar na resid\u00eancia oficial de Lula"},"content":{"rendered":"<p>O\u00a0<strong>Gabinete de Seguran\u00e7a Institucional da Presid\u00eancia da Rep\u00fablica (GSI\/PR)<\/strong>\u00a0confirmou na tarde desta ter\u00e7a-feira (10) a morte de um agente nas depend\u00eancias do Pal\u00e1cio da Alvorada, resid\u00eancia oficial de\u00a0<strong>Lula.<\/strong>\u00a0Segundo informa\u00e7\u00f5es oficiais, o militar tirou a pr\u00f3pria vida no local de trabalho.<\/p>\n<p data-t=\"{&quot;n&quot;:&quot;blueLinks&quot;,&quot;t&quot;:13,&quot;a&quot;:&quot;click&quot;,&quot;b&quot;:76}\">Em nota divulgada \u00e0 imprensa, o \u00f3rg\u00e3o informou que foi determinada a abertura de um Inqu\u00e9rito Policial Militar para apurar as circunst\u00e2ncias do ocorrido. O GSI tamb\u00e9m manifestou solidariedade aos familiares e colegas do agente.<\/p>\n<p data-t=\"{&quot;n&quot;:&quot;blueLinks&quot;,&quot;t&quot;:13,&quot;a&quot;:&quot;click&quot;,&quot;b&quot;:76}\"><em>\u201cO GSI\/PR lamenta o ocorrido e est\u00e1 prestando apoio \u00e0 fam\u00edlia do militar e segue comprometido em manter seus componentes em plenas condi\u00e7\u00f5es, para cumprir a sua miss\u00e3o de proteger as instala\u00e7\u00f5es sob sua responsabilidade\u201d,<\/em>\u00a0diz trecho do comunicado oficial.<\/p>\n<p data-t=\"{&quot;n&quot;:&quot;blueLinks&quot;,&quot;t&quot;:13,&quot;a&quot;:&quot;click&quot;,&quot;b&quot;:76}\"><em>\u201cInformamos que ser\u00e1 instaurado Inqu\u00e9rito Policial Militar para a apura\u00e7\u00e3o da ocorr\u00eancia\u201d,<\/em>\u00a0diz.<\/p>\n<p data-t=\"{&quot;n&quot;:&quot;blueLinks&quot;,&quot;t&quot;:13,&quot;a&quot;:&quot;click&quot;,&quot;b&quot;:76}\">Como medida imediata ap\u00f3s o incidente, o acesso da imprensa \u00e0s instala\u00e7\u00f5es do Pal\u00e1cio da Alvorada foi temporariamente suspenso.<\/p>\n<h2 class=\"article-sub-heading\">Lula teria compromissos no Pal\u00e1cio da Alvorada<\/h2>\n<p data-t=\"{&quot;n&quot;:&quot;blueLinks&quot;,&quot;t&quot;:13,&quot;a&quot;:&quot;click&quot;,&quot;b&quot;:76}\">O presidente Luiz In\u00e1cio Lula da Silva (PT) cumpriu agenda no Pal\u00e1cio do Planalto nesta ter\u00e7a-feira (10), onde recebeu, fora da programa\u00e7\u00e3o oficial, os senadores Randolfe Rodrigues (PT-AP) e Jaques Wagner (PT-BA). O encontro se estendeu at\u00e9 por volta das 14h50.<\/p>\n<p class=\"continue-read-break\" data-t=\"{&quot;n&quot;:&quot;blueLinks&quot;,&quot;t&quot;:13,&quot;a&quot;:&quot;click&quot;,&quot;b&quot;:76}\">De acordo com a agenda presidencial, Lula teria ainda dois compromissos previstos para o per\u00edodo da tarde no Pal\u00e1cio da Alvorada: uma reuni\u00e3o com o secret\u00e1rio especial para Assuntos Jur\u00eddicos da Casa Civil, Marcelo Weick, e outra com o ministro da Casa Civil, Rui Costa. At\u00e9 o momento, n\u00e3o h\u00e1 confirma\u00e7\u00e3o se os encontros foram mantidos.<\/p>\n","protected":false},"excerpt":{"rendered":"<p>O\u00a0Gabinete de Seguran\u00e7a Institucional da Presid\u00eancia da Rep\u00fablica (GSI\/PR)\u00a0confirmou na tarde desta ter\u00e7a-feira (10) a morte de um agente nas depend\u00eancias do Pal\u00e1cio da Alvorada, resid\u00eancia oficial de\u00a0Lula.\u00a0Segundo informa\u00e7\u00f5es oficiais, o militar tirou a pr\u00f3pria vida no local de trabalho. Em nota divulgada \u00e0 imprensa, o \u00f3rg\u00e3o informou que foi determinada a abertura de um &hellip;<\/p>\n","protected":false},"author":3,"featured_media":81028,"comment_status":"closed","ping_status":"open","sticky":false,"template":"","format":"standard","meta":{"_exactmetrics_skip_tracking":false,"_exactmetrics_sitenote_active":false,"_exactmetrics_sitenote_note":"","_exactmetrics_sitenote_category":0,"footnotes":""},"categories":[6,19,2,163],"tags":[],"_links":{"self":[{"href":"https:\/\/goiasemtempo.com.br\/home\/wp-json\/wp\/v2\/posts\/81027"}],"collection":[{"href":"https:\/\/goiasemtempo.com.br\/home\/wp-json\/wp\/v2\/posts"}],"about":[{"href":"https:\/\/goiasemtempo.com.br\/home\/wp-json\/wp\/v2\/types\/post"}],"author":[{"embeddable":true,"href":"https:\/\/goiasemtempo.com.br\/home\/wp-json\/wp\/v2\/users\/3"}],"replies":[{"embeddable":true,"href":"https:\/\/goiasemtempo.com.br\/home\/wp-json\/wp\/v2\/comments?post=81027"}],"version-history":[{"count":1,"href":"https:\/\/goiasemtempo.com.br\/home\/wp-json\/wp\/v2\/posts\/81027\/revisions"}],"predecessor-version":[{"id":81029,"href":"https:\/\/goiasemtempo.com.br\/home\/wp-json\/wp\/v2\/posts\/81027\/revisions\/81029"}],"wp:featuredmedia":[{"embeddable":true,"href":"https:\/\/goiasemtempo.com.br\/home\/wp-json\/wp\/v2\/media\/81028"}],"wp:attachment":[{"href":"https:\/\/goiasemtempo.com.br\/home\/wp-json\/wp\/v2\/media?parent=81027"}],"wp:term":[{"taxonomy":"category","embeddable":true,"href":"https:\/\/goiasemtempo.com.br\/home\/wp-json\/wp\/v2\/categories?post=81027"},{"taxonomy":"post_tag","embeddable":true,"href":"https:\/\/goiasemtempo.com.br\/home\/wp-json\/wp\/v2\/tags?post=81027"}],"curies":[{"name":"wp","href":"https:\/\/api.w.org\/{rel}","templated":true}]}}