{"id":81017,"date":"2026-03-11T13:03:39","date_gmt":"2026-03-11T13:03:39","guid":{"rendered":"https:\/\/goiasemtempo.com.br\/home\/?p=81017"},"modified":"2026-03-11T13:03:39","modified_gmt":"2026-03-11T13:03:39","slug":"virginia-e-ze-felipe-procuram-baba-e-salario-chega-a-r-185-mil-veja-requisitos","status":"publish","type":"post","link":"https:\/\/goiasemtempo.com.br\/home\/virginia-e-ze-felipe-procuram-baba-e-salario-chega-a-r-185-mil-veja-requisitos\/","title":{"rendered":"Virginia e Z\u00e9 Felipe procuram bab\u00e1 e sal\u00e1rio chega a R$ 18,5 mil; Veja requisitos"},"content":{"rendered":"<p>Uma oportunidade de trabalho ligada \u00e0 influenciadora\u00a0<strong>Virginia Fonseca<\/strong>\u00a0e ao cantor\u00a0<strong>Z\u00e9 Felipe<\/strong>\u00a0tem chamado aten\u00e7\u00e3o nas redes sociais. O casal estaria\u00a0<strong>procurando bab\u00e1<\/strong>\u00a0para cuidar do filho ca\u00e7ula,\u00a0<strong>Jos\u00e9 Leonardo<\/strong>, e o que mais repercutiu foi o\u00a0<strong>sal\u00e1rio de R$ 18,5 mil<\/strong>, al\u00e9m dos\u00a0<strong>requisitos exigidos para a vaga<\/strong>.<\/p>\n<div id=\"inread1\" class=\"square-ad\" data-google-query-id=\"CIrXh6Dzl5MDFRYLHgAd5pcS2g\"><\/div>\n<p>A possibilidade de contrata\u00e7\u00e3o ganhou destaque entre internautas nesta semana, principalmente pelo n\u00edvel de qualifica\u00e7\u00e3o exigido para trabalhar com a fam\u00edlia. Atualmente,\u00a0<strong>Virginia e Z\u00e9 Felipe<\/strong>\u00a0s\u00e3o pais de\u00a0<strong>Maria Alice<\/strong>,\u00a0<strong>Maria Flor<\/strong>\u00a0e do pequeno\u00a0<strong>Jos\u00e9 Leonardo<\/strong>, e contam com uma equipe de profissionais que se revezam nos cuidados com as crian\u00e7as.<\/p>\n<div id=\"inread2\" class=\"square-ad\" data-google-query-id=\"CN7EiKDzl5MDFbSkmQodIlwERA\">\n<div id=\"google_ads_iframe_\/176290677\/maisgoias\/inread2_0__container__\"><\/div>\n<\/div>\n<p>Segundo informa\u00e7\u00f5es divulgadas nas redes sociais, o casal busca uma profissional com experi\u00eancia e forma\u00e7\u00e3o espec\u00edfica para acompanhar a rotina do beb\u00ea e da fam\u00edlia.<\/p>\n<h2 id=\"h-formacao-em-enfermagem-esta-entre-os-principais-requisitos\" class=\"wp-block-heading\">Forma\u00e7\u00e3o em enfermagem est\u00e1 entre os principais requisitos<\/h2>\n<p>Entre os\u00a0<strong>requisitos para a vaga de bab\u00e1<\/strong>, um dos principais pontos seria a\u00a0<strong>forma\u00e7\u00e3o superior em enfermagem<\/strong>. A exig\u00eancia indicaria que\u00a0<strong>Virginia Fonseca e Z\u00e9 Felipe<\/strong>\u00a0procuram uma profissional com conhecimento t\u00e9cnico na \u00e1rea da sa\u00fade, capaz de acompanhar de perto os cuidados com o beb\u00ea.<\/p>\n<div id=\"inread3\" class=\"square-ad\" data-google-query-id=\"COzOyaHzl5MDFbMNHgAdO68chg\">\n<div id=\"google_ads_iframe_\/176290677\/maisgoias\/inread3_0__container__\"><\/div>\n<\/div>\n<p>A escolha por uma profissional da \u00e1rea tamb\u00e9m estaria relacionada \u00e0 rotina intensa da fam\u00edlia e \u00e0 necessidade de uma pessoa preparada para lidar com situa\u00e7\u00f5es envolvendo sa\u00fade e desenvolvimento infantil.<\/p>\n<div id=\"inread4\" class=\"square-ad\" data-google-query-id=\"CMzL3aHzl5MDFdsSHgAdxG4Iiw\">\n<div id=\"google_ads_iframe_\/176290677\/maisgoias\/inread4_0__container__\"><span style=\"font-size: 24px; font-weight: bold;\">Experi\u00eancia comprovada com cuidados infantis<\/span><\/div>\n<\/div>\n<p>Outro ponto importante entre os\u00a0<strong>requisitos da vaga de bab\u00e1<\/strong>\u00a0seria a\u00a0<strong>experi\u00eancia comprovada no cuidado com crian\u00e7as<\/strong>, especialmente na primeira inf\u00e2ncia.<\/p>\n<p>A expectativa seria encontrar uma profissional que j\u00e1 tenha trabalhado diretamente com beb\u00eas e crian\u00e7as pequenas, garantindo mais seguran\u00e7a no acompanhamento da rotina do filho ca\u00e7ula do casal.<\/p>\n<h2 id=\"h-disponibilidade-para-viagens-internacionais\" class=\"wp-block-heading\">Disponibilidade para viagens internacionais<\/h2>\n<p>A\u00a0<strong>disponibilidade para viagens<\/strong>\u00a0tamb\u00e9m aparece entre as\u00a0<strong>exig\u00eancias da vaga<\/strong>. Como\u00a0<strong>Virginia Fonseca<\/strong>\u00a0e\u00a0<strong>Z\u00e9 Felipe<\/strong>\u00a0costumam viajar com frequ\u00eancia para compromissos profissionais e eventos fora do Brasil, a bab\u00e1 precisaria ter\u00a0<strong>passaporte v\u00e1lido<\/strong>\u00a0e flexibilidade para acompanhar a fam\u00edlia em deslocamentos internacionais.<\/p>\n<p>Esse tipo de disponibilidade \u00e9 considerado essencial para manter a rotina das crian\u00e7as mesmo durante as viagens.<\/p>\n<h2 id=\"h-equipe-de-babas-ja-cuida-dos-filhos-do-casal\" class=\"wp-block-heading\">Equipe de bab\u00e1s j\u00e1 cuida dos filhos do casal<\/h2>\n<p>Atualmente, a casa de\u00a0<strong>Virginia Fonseca e Z\u00e9 Felipe<\/strong>\u00a0conta com uma equipe de\u00a0<strong>seis a sete bab\u00e1s<\/strong>, que trabalham em sistema de revezamento para cuidar das tr\u00eas crian\u00e7as:\u00a0<strong>Maria Alice<\/strong>,\u00a0<strong>Maria Flor<\/strong>\u00a0e\u00a0<strong>Jos\u00e9 Leonardo<\/strong>.<\/p>\n<p>A busca por uma nova profissional ocorre ap\u00f3s a sa\u00edda da bab\u00e1\u00a0<strong>Vilmeci Passarinho<\/strong>, conhecida nas redes sociais como\u00a0<strong>\u201cTia Vil\u201d<\/strong>. Ela trabalhou cerca de cinco anos com a fam\u00edlia e afirmou que decidiu deixar o trabalho para priorizar o acompanhamento da filha neste momento.<\/p>\n<p>Com o\u00a0<strong>sal\u00e1rio de R$ 18,5 mil<\/strong>\u00a0e os\u00a0<strong>requisitos rigorosos para a vaga de bab\u00e1<\/strong>, o processo de contrata\u00e7\u00e3o acabou despertando curiosidade e coment\u00e1rios nas redes sociais.<\/p>\n<p>Via Ag\u00eancia de Not\u00edcias<\/p>\n","protected":false},"excerpt":{"rendered":"<p>Uma oportunidade de trabalho ligada \u00e0 influenciadora\u00a0Virginia Fonseca\u00a0e ao cantor\u00a0Z\u00e9 Felipe\u00a0tem chamado aten\u00e7\u00e3o nas redes sociais. O casal estaria\u00a0procurando bab\u00e1\u00a0para cuidar do filho ca\u00e7ula,\u00a0Jos\u00e9 Leonardo, e o que mais repercutiu foi o\u00a0sal\u00e1rio de R$ 18,5 mil, al\u00e9m dos\u00a0requisitos exigidos para a vaga. A possibilidade de contrata\u00e7\u00e3o ganhou destaque entre internautas nesta semana, principalmente pelo n\u00edvel &hellip;<\/p>\n","protected":false},"author":3,"featured_media":81018,"comment_status":"closed","ping_status":"open","sticky":false,"template":"","format":"standard","meta":{"_exactmetrics_skip_tracking":false,"_exactmetrics_sitenote_active":false,"_exactmetrics_sitenote_note":"","_exactmetrics_sitenote_category":0,"footnotes":""},"categories":[472],"tags":[],"_links":{"self":[{"href":"https:\/\/goiasemtempo.com.br\/home\/wp-json\/wp\/v2\/posts\/81017"}],"collection":[{"href":"https:\/\/goiasemtempo.com.br\/home\/wp-json\/wp\/v2\/posts"}],"about":[{"href":"https:\/\/goiasemtempo.com.br\/home\/wp-json\/wp\/v2\/types\/post"}],"author":[{"embeddable":true,"href":"https:\/\/goiasemtempo.com.br\/home\/wp-json\/wp\/v2\/users\/3"}],"replies":[{"embeddable":true,"href":"https:\/\/goiasemtempo.com.br\/home\/wp-json\/wp\/v2\/comments?post=81017"}],"version-history":[{"count":1,"href":"https:\/\/goiasemtempo.com.br\/home\/wp-json\/wp\/v2\/posts\/81017\/revisions"}],"predecessor-version":[{"id":81019,"href":"https:\/\/goiasemtempo.com.br\/home\/wp-json\/wp\/v2\/posts\/81017\/revisions\/81019"}],"wp:featuredmedia":[{"embeddable":true,"href":"https:\/\/goiasemtempo.com.br\/home\/wp-json\/wp\/v2\/media\/81018"}],"wp:attachment":[{"href":"https:\/\/goiasemtempo.com.br\/home\/wp-json\/wp\/v2\/media?parent=81017"}],"wp:term":[{"taxonomy":"category","embeddable":true,"href":"https:\/\/goiasemtempo.com.br\/home\/wp-json\/wp\/v2\/categories?post=81017"},{"taxonomy":"post_tag","embeddable":true,"href":"https:\/\/goiasemtempo.com.br\/home\/wp-json\/wp\/v2\/tags?post=81017"}],"curies":[{"name":"wp","href":"https:\/\/api.w.org\/{rel}","templated":true}]}}