{"id":81013,"date":"2026-03-09T14:14:59","date_gmt":"2026-03-09T14:14:59","guid":{"rendered":"https:\/\/goiasemtempo.com.br\/home\/?p=81013"},"modified":"2026-03-09T14:14:59","modified_gmt":"2026-03-09T14:14:59","slug":"jovem-que-ostentava-armas-nas-redes-sociais-morre-em-confronto-com-a-policia-em-aparecida-de-goiania","status":"publish","type":"post","link":"https:\/\/goiasemtempo.com.br\/home\/jovem-que-ostentava-armas-nas-redes-sociais-morre-em-confronto-com-a-policia-em-aparecida-de-goiania\/","title":{"rendered":"Jovem que ostentava armas nas redes sociais morre em confronto com a pol\u00edcia, em Aparecida de Goi\u00e2nia"},"content":{"rendered":"<div id=\"chunk-edjc9\">\n<div class=\"mc-column content-text active-extra-styles \" data-block-type=\"unstyled\" data-block-weight=\"43\" data-block-id=\"3\">\n<p class=\" content-text__container \" data-track-category=\"Link no Texto\" data-track-links=\"\" data-mrf-recirculation=\"Mat\u00e9ria - Links no Texto\">Um jovem de 27 anos que ostentava armas nas redes sociais morreu em uma a\u00e7\u00e3o policial em\u00a0<a class=\"\" href=\"https:\/\/g1.globo.com\/go\/goias\/cidade\/aparecida-de-goiania\/\" data-mrf-link=\"https:\/\/g1.globo.com\/go\/goias\/cidade\/aparecida-de-goiania\/\">Aparecida de Goi\u00e2nia<\/a>, na Regi\u00e3o Metropolitana da capital. Segundo a Policia Militar, a a\u00e7\u00e3o aconteceu durante uma abordagem, mas o suspeito reagiu com tiros.<\/p>\n<\/div>\n<\/div>\n<div class=\"wall protected-content\">\n<div id=\"chunk-f6dpf\">\n<div class=\"mc-column content-text active-extra-styles \" data-block-type=\"unstyled\" data-block-weight=\"58\" data-block-id=\"6\">\n<p class=\" content-text__container \" data-track-category=\"Link no Texto\" data-track-links=\"\" data-mrf-recirculation=\"Mat\u00e9ria - Links no Texto\">O jovem morreu na madrugada deste domingo (8). Ap\u00f3s ser alvejado, o jovem foi atendido pela uma equipe do Servi\u00e7o de Atendimento M\u00f3vel de Urg\u00eancia (Samu), mas faleceu no local. A pol\u00edcia encontrou na resid\u00eancia tabletes de maconha, por\u00e7\u00f5es de coca\u00edna, uma balan\u00e7a de precis\u00e3o e uma arma que foi usada para atirar contra os policiais.<\/p>\n<\/div>\n<\/div>\n<div id=\"chunk-2da4n\">\n<div class=\"content-ads\" data-block-type=\"ads\" data-block-id=\"7\"><\/div>\n<\/div>\n<div id=\"chunk-d92f6\">\n<div class=\"mc-column content-text active-extra-styles \" data-block-type=\"unstyled\" data-block-weight=\"38\" data-block-id=\"8\">\n<p class=\" content-text__container \" data-track-category=\"Link no Texto\" data-track-links=\"\" data-mrf-recirculation=\"Mat\u00e9ria - Links no Texto\">Nas redes sociais, o suspeito postava fotos com fuzis e v\u00eddeos em comunidades no\u00a0<a class=\"\" href=\"https:\/\/g1.globo.com\/rj\/rio-de-janeiro\/cidade\/rio-de-janeiro\/\" data-mrf-link=\"https:\/\/g1.globo.com\/rj\/rio-de-janeiro\/cidade\/rio-de-janeiro\/\">Rio de Janeiro<\/a>. Em uma das fotos, ele aparece com uma mulher que, segundo a pol\u00edcia, seria a atual namorada do jovem.<\/p>\n<\/div>\n<\/div>\n<div id=\"chunk-170t7\">\n<div class=\"row medium-uncollapsed content-media content-photo\" data-block-type=\"backstage-photo\" data-block-id=\"9\">\n<div class=\" mc-column  content-media__container\">\n<div class=\"content-media-container glb-skeleton-box\">\n<figure class=\"content-media-figure\"><img decoding=\"async\" class=\"i-amphtml-fill-content i-amphtml-replaced-content\" src=\"https:\/\/s2-g1.glbimg.com\/WxroxyDbifKtjHteM__hFX35EJk=\/0x0:1700x1065\/984x0\/smart\/filters:strip_icc()\/i.s3.glbimg.com\/v1\/AUTH_59edd422c0c84a879bd37670ae4f538a\/internal_photos\/bs\/2026\/1\/e\/4wJupIQ7y0r0ylwCCs7A\/foto-g1v2-1-.jpg\" sizes=\"(max-width: 1366px) 648px, 100vw\" srcset=\"https:\/\/s2-g1.glbimg.com\/0bGZHLcDPeIc6mei5dSZqGAJUc4=\/0x0:1700x1065\/1000x0\/smart\/filters:strip_icc()\/i.s3.glbimg.com\/v1\/AUTH_59edd422c0c84a879bd37670ae4f538a\/internal_photos\/bs\/2026\/1\/e\/4wJupIQ7y0r0ylwCCs7A\/foto-g1v2-1-.jpg 1000w, https:\/\/s2-g1.glbimg.com\/WxroxyDbifKtjHteM__hFX35EJk=\/0x0:1700x1065\/984x0\/smart\/filters:strip_icc()\/i.s3.glbimg.com\/v1\/AUTH_59edd422c0c84a879bd37670ae4f538a\/internal_photos\/bs\/2026\/1\/e\/4wJupIQ7y0r0ylwCCs7A\/foto-g1v2-1-.jpg 984w, https:\/\/s2-g1.glbimg.com\/MiIYXAm6LIpDWwqAr5Mi3nj_0Co=\/0x0:1700x1065\/640x0\/smart\/filters:strip_icc()\/i.s3.glbimg.com\/v1\/AUTH_59edd422c0c84a879bd37670ae4f538a\/internal_photos\/bs\/2026\/1\/e\/4wJupIQ7y0r0ylwCCs7A\/foto-g1v2-1-.jpg 640w, https:\/\/s2-g1.glbimg.com\/31qdqsRNWkiRXVOOFp5rIwe6q8Q=\/0x0:1700x1065\/600x0\/smart\/filters:strip_icc()\/i.s3.glbimg.com\/v1\/AUTH_59edd422c0c84a879bd37670ae4f538a\/internal_photos\/bs\/2026\/1\/e\/4wJupIQ7y0r0ylwCCs7A\/foto-g1v2-1-.jpg 600w\" alt=\"Jovem que ostentava armas nas redes sociais morre em confronto com a pol\u00edcia, em Aparecida de Goi\u00e2nia, Goi\u00e1s \u2014 Foto: Reprodu\u00e7\u00e3o\/Pol\u00edcia Militar\" \/><\/figure>\n<\/div>\n<p class=\"content-media__description  \">Jovem que ostentava armas nas redes sociais morre em confronto com a pol\u00edcia, em Aparecida de Goi\u00e2nia, Goi\u00e1s \u2014 Foto: Reprodu\u00e7\u00e3o\/Pol\u00edcia Militar<\/p>\n<\/div>\n<\/div>\n<\/div>\n<div id=\"chunk-e9o4e\">\n<div class=\"mc-column content-text active-extra-styles \" data-block-type=\"unstyled\" data-block-weight=\"42\" data-block-id=\"12\">\n<p class=\" content-text__container \" data-track-category=\"Link no Texto\" data-track-links=\"\" data-mrf-recirculation=\"Mat\u00e9ria - Links no Texto\">De acordo com a\u00a0<a class=\"\" href=\"https:\/\/g1.globo.com\/tudo-sobre\/policia-militar\/\" data-mrf-link=\"https:\/\/g1.globo.com\/tudo-sobre\/policia-militar\/\">Pol\u00edcia Militar<\/a>, o homem \u00e9 suspeito de manter liga\u00e7\u00f5es com uma organiza\u00e7\u00e3o criminosa no Rio de Janeiro e de organizar uma foguet\u00f3rio em \u201chomenagem\u201d aos mortos na megaopera\u00e7\u00e3o realizada em outubro de 2025, na capital carioca.<\/p>\n<\/div>\n<\/div>\n<div id=\"chunk-53nss\">\n<div class=\"content-ads\" data-block-type=\"ads\" data-block-id=\"13\">A pol\u00edcia aponta que o jovem tinha registros policiais por roubo, tr\u00e1fico de drogas, porte ilegal de armas de fogo e amea\u00e7a.<\/div>\n<\/div>\n<\/div>\n","protected":false},"excerpt":{"rendered":"<p>Um jovem de 27 anos que ostentava armas nas redes sociais morreu em uma a\u00e7\u00e3o policial em\u00a0Aparecida de Goi\u00e2nia, na Regi\u00e3o Metropolitana da capital. Segundo a Policia Militar, a a\u00e7\u00e3o aconteceu durante uma abordagem, mas o suspeito reagiu com tiros. O jovem morreu na madrugada deste domingo (8). Ap\u00f3s ser alvejado, o jovem foi atendido &hellip;<\/p>\n","protected":false},"author":3,"featured_media":81014,"comment_status":"closed","ping_status":"open","sticky":false,"template":"","format":"standard","meta":{"_exactmetrics_skip_tracking":false,"_exactmetrics_sitenote_active":false,"_exactmetrics_sitenote_note":"","_exactmetrics_sitenote_category":0,"footnotes":""},"categories":[4],"tags":[],"_links":{"self":[{"href":"https:\/\/goiasemtempo.com.br\/home\/wp-json\/wp\/v2\/posts\/81013"}],"collection":[{"href":"https:\/\/goiasemtempo.com.br\/home\/wp-json\/wp\/v2\/posts"}],"about":[{"href":"https:\/\/goiasemtempo.com.br\/home\/wp-json\/wp\/v2\/types\/post"}],"author":[{"embeddable":true,"href":"https:\/\/goiasemtempo.com.br\/home\/wp-json\/wp\/v2\/users\/3"}],"replies":[{"embeddable":true,"href":"https:\/\/goiasemtempo.com.br\/home\/wp-json\/wp\/v2\/comments?post=81013"}],"version-history":[{"count":1,"href":"https:\/\/goiasemtempo.com.br\/home\/wp-json\/wp\/v2\/posts\/81013\/revisions"}],"predecessor-version":[{"id":81015,"href":"https:\/\/goiasemtempo.com.br\/home\/wp-json\/wp\/v2\/posts\/81013\/revisions\/81015"}],"wp:featuredmedia":[{"embeddable":true,"href":"https:\/\/goiasemtempo.com.br\/home\/wp-json\/wp\/v2\/media\/81014"}],"wp:attachment":[{"href":"https:\/\/goiasemtempo.com.br\/home\/wp-json\/wp\/v2\/media?parent=81013"}],"wp:term":[{"taxonomy":"category","embeddable":true,"href":"https:\/\/goiasemtempo.com.br\/home\/wp-json\/wp\/v2\/categories?post=81013"},{"taxonomy":"post_tag","embeddable":true,"href":"https:\/\/goiasemtempo.com.br\/home\/wp-json\/wp\/v2\/tags?post=81013"}],"curies":[{"name":"wp","href":"https:\/\/api.w.org\/{rel}","templated":true}]}}