{"id":81010,"date":"2026-03-07T18:01:23","date_gmt":"2026-03-07T18:01:23","guid":{"rendered":"https:\/\/goiasemtempo.com.br\/home\/?p=81010"},"modified":"2026-03-07T18:01:23","modified_gmt":"2026-03-07T18:01:23","slug":"homem-morre-apos-ter-intestino-perfurado-durante-colonoscopia-em-clinica-particular-em-rondonia","status":"publish","type":"post","link":"https:\/\/goiasemtempo.com.br\/home\/homem-morre-apos-ter-intestino-perfurado-durante-colonoscopia-em-clinica-particular-em-rondonia\/","title":{"rendered":"Homem morre ap\u00f3s ter intestino perfurado durante colonoscopia em cl\u00ednica particular, em Rond\u00f4nia"},"content":{"rendered":"<p>A Pol\u00edcia Civil de Rond\u00f4nia (PC-RO) apura as circunst\u00e2ncias da morte de Thyago da Silva Severino, de 34 anos, ocorrida no dia 28 de fevereiro, no munic\u00edpio de Cerejeiras, em Rond\u00f4nia. A fam\u00edlia afirma que o \u00f3bito foi consequ\u00eancia de uma perfura\u00e7\u00e3o intestinal durante a realiza\u00e7\u00e3o de uma colonoscopia em uma cl\u00ednica particular da cidade.<\/p>\n<p>Segundo relatos dos parentes, o exame foi feito no dia 27 de fevereiro e precisou ser interrompido pelo m\u00e9dico respons\u00e1vel, que j\u00e1 o acompanhava Thyago h\u00e1 cerca de oito anos. O profissional teria informado que o intestino apresentava comprometimento, indicando a perfura\u00e7\u00e3o.<\/p>\n<p>Ap\u00f3s o procedimento, o paciente foi encaminhado para a Unidade de Terapia Intensiva (UTI). Apesar dos cuidados, n\u00e3o resistiu \u00e0s complica\u00e7\u00f5es e morreu no dia seguinte.<\/p>\n<p>Thyago convivia com s\u00edndrome nefr\u00f3tica, condi\u00e7\u00e3o que exigia acompanhamento m\u00e9dico cont\u00ednuo. De acordo com a fam\u00edlia, o quadro estava controlado e n\u00e3o afetava sua qualidade de vida.<\/p>\n<p>A PC-RO informou que j\u00e1 requisitou o prontu\u00e1rio m\u00e9dico completo e realiza dilig\u00eancias para esclarecer o caso. A investiga\u00e7\u00e3o busca apurar se houve falha no procedimento ou outras circunst\u00e2ncias que possam ter contribu\u00eddo para o desfecho.<\/p>\n","protected":false},"excerpt":{"rendered":"<p>A Pol\u00edcia Civil de Rond\u00f4nia (PC-RO) apura as circunst\u00e2ncias da morte de Thyago da Silva Severino, de 34 anos, ocorrida no dia 28 de fevereiro, no munic\u00edpio de Cerejeiras, em Rond\u00f4nia. A fam\u00edlia afirma que o \u00f3bito foi consequ\u00eancia de uma perfura\u00e7\u00e3o intestinal durante a realiza\u00e7\u00e3o de uma colonoscopia em uma cl\u00ednica particular da cidade. &hellip;<\/p>\n","protected":false},"author":3,"featured_media":81011,"comment_status":"closed","ping_status":"open","sticky":false,"template":"","format":"standard","meta":{"_exactmetrics_skip_tracking":false,"_exactmetrics_sitenote_active":false,"_exactmetrics_sitenote_note":"","_exactmetrics_sitenote_category":0,"footnotes":""},"categories":[4],"tags":[],"_links":{"self":[{"href":"https:\/\/goiasemtempo.com.br\/home\/wp-json\/wp\/v2\/posts\/81010"}],"collection":[{"href":"https:\/\/goiasemtempo.com.br\/home\/wp-json\/wp\/v2\/posts"}],"about":[{"href":"https:\/\/goiasemtempo.com.br\/home\/wp-json\/wp\/v2\/types\/post"}],"author":[{"embeddable":true,"href":"https:\/\/goiasemtempo.com.br\/home\/wp-json\/wp\/v2\/users\/3"}],"replies":[{"embeddable":true,"href":"https:\/\/goiasemtempo.com.br\/home\/wp-json\/wp\/v2\/comments?post=81010"}],"version-history":[{"count":1,"href":"https:\/\/goiasemtempo.com.br\/home\/wp-json\/wp\/v2\/posts\/81010\/revisions"}],"predecessor-version":[{"id":81012,"href":"https:\/\/goiasemtempo.com.br\/home\/wp-json\/wp\/v2\/posts\/81010\/revisions\/81012"}],"wp:featuredmedia":[{"embeddable":true,"href":"https:\/\/goiasemtempo.com.br\/home\/wp-json\/wp\/v2\/media\/81011"}],"wp:attachment":[{"href":"https:\/\/goiasemtempo.com.br\/home\/wp-json\/wp\/v2\/media?parent=81010"}],"wp:term":[{"taxonomy":"category","embeddable":true,"href":"https:\/\/goiasemtempo.com.br\/home\/wp-json\/wp\/v2\/categories?post=81010"},{"taxonomy":"post_tag","embeddable":true,"href":"https:\/\/goiasemtempo.com.br\/home\/wp-json\/wp\/v2\/tags?post=81010"}],"curies":[{"name":"wp","href":"https:\/\/api.w.org\/{rel}","templated":true}]}}