{"id":81007,"date":"2026-03-07T17:52:46","date_gmt":"2026-03-07T17:52:46","guid":{"rendered":"https:\/\/goiasemtempo.com.br\/home\/?p=81007"},"modified":"2026-03-07T17:52:46","modified_gmt":"2026-03-07T17:52:46","slug":"sicario-capanga-da-milicia-de-daniel-vorcaro-morre-no-hospital-confirma-defesa","status":"publish","type":"post","link":"https:\/\/goiasemtempo.com.br\/home\/sicario-capanga-da-milicia-de-daniel-vorcaro-morre-no-hospital-confirma-defesa\/","title":{"rendered":"\u201cSic\u00e1rio\u201d, capanga da mil\u00edcia de Daniel Vorcaro, morre no hospital, confirma defesa"},"content":{"rendered":"<p data-t=\"{&quot;n&quot;:&quot;blueLinks&quot;,&quot;t&quot;:13,&quot;a&quot;:&quot;click&quot;,&quot;b&quot;:76}\">Advogados de Luiz Phillipi Machado de Moraes Mour\u00e3o, tamb\u00e9m tratado como \u201cFelipe Mour\u00e3o\u201d e chamado de \u201cSic\u00e1rio\u201d na mil\u00edcia denominada A Turma, de Daniel Vorcaro, teve a morte decretada \u00e0s 18h55 desta sexta-feira (6), confirmaram advogados em nota divulgada no fim da noite.<\/p>\n<blockquote>\n<p data-t=\"{&quot;n&quot;:&quot;blueLinks&quot;,&quot;t&quot;:13,&quot;a&quot;:&quot;click&quot;,&quot;b&quot;:76}\">\u201cInformamos que o quadro cl\u00ednico evoluiu a \u00f3bito, que foi legalmente declarado \u00e0s 18h55, ap\u00f3s encerramento do protocolo de morte encef\u00e1lica iniciado hoje, 06.03.26, por volta das 10h15. O corpo ser\u00e1 encaminhado ao Instituto M\u00e9dico Legal, seguindo-se o protocolo legal\u201d, diz o texto.<\/p>\n<\/blockquote>\n<p data-t=\"{&quot;n&quot;:&quot;blueLinks&quot;,&quot;t&quot;:13,&quot;a&quot;:&quot;click&quot;,&quot;b&quot;:76}\">Horas antes, o advogado Robson Lucas da Silva havia confrontado a vers\u00e3o sobre a morte em entrevista em frente ao Hospital Jo\u00e3o XXIII, em Belo Horizonte. Mour\u00e3o foi internado ap\u00f3s tentar suic\u00eddio na Superintend\u00eancia da Pol\u00edcia Federal na capital mineira na quarta-feira (4) ao ser preso na Opera\u00e7\u00e3o Compliance Zero, que tamb\u00e9m levou Vorcaro e o pastor Fabiano Zettel, cunhado do banqueiro, de volta \u00e0 cadeia.<\/p>\n<div class=\"intra-article-module\" data-t=\"{&quot;n&quot;:&quot;intraArticle&quot;,&quot;t&quot;:13}\">\n<div class=\"articlePageIntraArticleFullWidth ad-slot-placeholder left-image-intra-ad full-bleed-image-intra-ad intra-ad-rm-bg intra-ad-rm-h\" data-ad-index=\"0\">\n<div class=\"left-image-intra-ad full-bleed-image-intra-ad\">\n<div class=\"responsive-views-ad-container\">\n<div class=\"root\">\n<div class=\"content-card-container\">De acordo com a Pol\u00edcia Federal, o epis\u00f3dio ocorreu na Superintend\u00eancia Regional da PF em Minas Gerais, onde Mour\u00e3o estava detido ap\u00f3s ser preso durante a opera\u00e7\u00e3o. Assim que perceberam a situa\u00e7\u00e3o, agentes federais iniciaram procedimentos de reanima\u00e7\u00e3o e acionaram o Servi\u00e7o de Atendimento M\u00f3vel de Urg\u00eancia (SAMU).<\/div>\n<div><\/div>\n<\/div>\n<\/div>\n<\/div>\n<\/div>\n<\/div>\n<p data-t=\"{&quot;n&quot;:&quot;blueLinks&quot;,&quot;t&quot;:13,&quot;a&quot;:&quot;click&quot;,&quot;b&quot;:76}\">A equipe m\u00e9dica deu continuidade ao atendimento no local, e o preso foi encaminhado a uma unidade hospitalar para avalia\u00e7\u00e3o e atendimento m\u00e9dico.<\/p>\n<p class=\"continue-read-break\" data-t=\"{&quot;n&quot;:&quot;blueLinks&quot;,&quot;t&quot;:13,&quot;a&quot;:&quot;click&quot;,&quot;b&quot;:76}\">De acordo com fonte ouvida pela F\u00f3rum, Mour\u00e3o tentou se enforcar com uma camisa, mas foi contido a tempo e levado para o hospital.<\/p>\n","protected":false},"excerpt":{"rendered":"<p>Advogados de Luiz Phillipi Machado de Moraes Mour\u00e3o, tamb\u00e9m tratado como \u201cFelipe Mour\u00e3o\u201d e chamado de \u201cSic\u00e1rio\u201d na mil\u00edcia denominada A Turma, de Daniel Vorcaro, teve a morte decretada \u00e0s 18h55 desta sexta-feira (6), confirmaram advogados em nota divulgada no fim da noite. \u201cInformamos que o quadro cl\u00ednico evoluiu a \u00f3bito, que foi legalmente declarado &hellip;<\/p>\n","protected":false},"author":3,"featured_media":81008,"comment_status":"closed","ping_status":"open","sticky":false,"template":"","format":"standard","meta":{"_exactmetrics_skip_tracking":false,"_exactmetrics_sitenote_active":false,"_exactmetrics_sitenote_note":"","_exactmetrics_sitenote_category":0,"footnotes":""},"categories":[4],"tags":[],"_links":{"self":[{"href":"https:\/\/goiasemtempo.com.br\/home\/wp-json\/wp\/v2\/posts\/81007"}],"collection":[{"href":"https:\/\/goiasemtempo.com.br\/home\/wp-json\/wp\/v2\/posts"}],"about":[{"href":"https:\/\/goiasemtempo.com.br\/home\/wp-json\/wp\/v2\/types\/post"}],"author":[{"embeddable":true,"href":"https:\/\/goiasemtempo.com.br\/home\/wp-json\/wp\/v2\/users\/3"}],"replies":[{"embeddable":true,"href":"https:\/\/goiasemtempo.com.br\/home\/wp-json\/wp\/v2\/comments?post=81007"}],"version-history":[{"count":1,"href":"https:\/\/goiasemtempo.com.br\/home\/wp-json\/wp\/v2\/posts\/81007\/revisions"}],"predecessor-version":[{"id":81009,"href":"https:\/\/goiasemtempo.com.br\/home\/wp-json\/wp\/v2\/posts\/81007\/revisions\/81009"}],"wp:featuredmedia":[{"embeddable":true,"href":"https:\/\/goiasemtempo.com.br\/home\/wp-json\/wp\/v2\/media\/81008"}],"wp:attachment":[{"href":"https:\/\/goiasemtempo.com.br\/home\/wp-json\/wp\/v2\/media?parent=81007"}],"wp:term":[{"taxonomy":"category","embeddable":true,"href":"https:\/\/goiasemtempo.com.br\/home\/wp-json\/wp\/v2\/categories?post=81007"},{"taxonomy":"post_tag","embeddable":true,"href":"https:\/\/goiasemtempo.com.br\/home\/wp-json\/wp\/v2\/tags?post=81007"}],"curies":[{"name":"wp","href":"https:\/\/api.w.org\/{rel}","templated":true}]}}