{"id":81004,"date":"2026-03-07T17:50:04","date_gmt":"2026-03-07T17:50:04","guid":{"rendered":"https:\/\/goiasemtempo.com.br\/home\/?p=81004"},"modified":"2026-03-07T17:50:04","modified_gmt":"2026-03-07T17:50:04","slug":"mensagens-vazadas-de-daniel-vorcaro-pressionam-stf-e-moraes-dizem-especialistas","status":"publish","type":"post","link":"https:\/\/goiasemtempo.com.br\/home\/mensagens-vazadas-de-daniel-vorcaro-pressionam-stf-e-moraes-dizem-especialistas\/","title":{"rendered":"Mensagens vazadas de Daniel Vorcaro pressionam STF e Moraes, dizem especialistas"},"content":{"rendered":"<p data-t=\"{&quot;n&quot;:&quot;blueLinks&quot;,&quot;t&quot;:13,&quot;a&quot;:&quot;click&quot;,&quot;b&quot;:76}\">A investiga\u00e7\u00e3o envolvendo o banqueiro Daniel Vorcaro e as supostas mensagens trocadas com o ministro Alexandre de Moraes, do STF (Supremo Tribunal Federal), pressionam a Corte, segundo especialistas ouvidos no WW.<\/p>\n<p data-t=\"{&quot;n&quot;:&quot;blueLinks&quot;,&quot;t&quot;:13,&quot;a&quot;:&quot;click&quot;,&quot;b&quot;:76}\">Moraes nega a troca de mensagens com Vorcaro.<\/p>\n<p data-t=\"{&quot;n&quot;:&quot;blueLinks&quot;,&quot;t&quot;:13,&quot;a&quot;:&quot;click&quot;,&quot;b&quot;:76}\">O professor Gustavo Sampaio, de Direito Constitucional da UFF, destacou a gravidade da situa\u00e7\u00e3o que envolve acusa\u00e7\u00f5es de um lado e desmentidos do outro.<\/p>\n<div class=\"intra-article-module\" data-t=\"{&quot;n&quot;:&quot;intraArticle&quot;,&quot;t&quot;:13}\">\n<div class=\"articlePageIntraArticleFullWidth ad-slot-placeholder left-image-intra-ad full-bleed-image-intra-ad intra-ad-rm-bg intra-ad-rm-h\" data-ad-index=\"0\">\n<div class=\"left-image-intra-ad full-bleed-image-intra-ad\">\n<div class=\"responsive-views-ad-container\">\n<div class=\"root\">\n<div class=\"content-card-container\"><img decoding=\"async\" class=\"media\" src=\"https:\/\/www.bing.com\/th?id=OPHS.QIItKM7dNcm0JQ474C474&amp;o=5&amp;pid=21.1&amp;c=17&amp;roil=0&amp;roir=0.922&amp;roit=0.004&amp;roib=0.716&amp;dynsize=1&amp;w=275&amp;h=144&amp;qlt=90\" alt=\"IRN | 30 yd. Rectangular 22X60 Roll-Off Container\" aria-hidden=\"true\" \/><\/p>\n<div class=\"body\">\n<div class=\"text\"><a id=\"heading\" class=\"heading\" href=\"https:\/\/www.bing.com\/api\/v1\/mediation\/tracking?adUnit=1732768568&amp;auId=40518bae-8945-44f7-8f63-ed21d026c023&amp;bdc=oa&amp;bidId=9&amp;bidderId=4&amp;cmExpId=RSV&amp;impId=1&amp;impTy=1&amp;ldc=rhf2nczr&amp;mkt=pt-br&amp;oAdUnit=1732768568&amp;pId=1&amp;publisherId=17160724&amp;rId=cf220854-1199-41e2-9545-7c7f4d0d4dd2&amp;region=na&amp;rlink=https%3A%2F%2Fwww.bing.com%2Faclick%3Fld%3De8wwSW_AwvoUYquUOUPp-GVzVUCUx_BX91EaSN4_83czOmp1WPs9gRpIlQQtWazxQvCbHph6Yckd0CUErzeg5JDZGDLUgYomLtCFAr1qozwkftdBEAaL2JmrnY9PBL_EiyJ1Mh5os2uC1wwXJtPU5Wsh44JKqLk3lJar433ervbgLLZYu7plR6CHNWMv-lyC0FYfXkDFbLoXSr3cbdyyEh2Bzv2JQ%26u%3DaHR0cHMlM2ElMmYlMmZwYXJ0cy5lY3R0cy5jb20lMmYzMC15ZC1yZWN0YW5ndWxhci0yMng2MC1yb2xsLW9mZi1jb250YWluZXIlMmYlM2Ztc2Nsa2lkJTNkNzJjNzNiMjBlODRlMTRkOGVlNzc1MjhjOGMzNWFmNjklMjZ1dG1fc291cmNlJTNkYmluZyUyNnV0bV9tZWRpdW0lM2RjcGMlMjZ1dG1fY2FtcGFpZ24lM2RTJTI1MjZPJTI1MjAlMjU3QyUyNTIwQXVkaWVuY2UlMjZ1dG1fdGVybSUzZDIzMjI5MjQ0NzIzOTg2OTMlMjZ1dG1fY29udGVudCUzZEluLU1hcmtldA%26rlid%3D72c73b20e84e14d8ee77528c8c35af69&amp;rtype=targetURL&amp;tagId=webcompar-inarticle-1&amp;trafficGroup=zfa_angvir&amp;trafficSubGroup=erfreir&amp;uberGroup=hore_1c&amp;uberSubGroup=erfreir\" target=\"_blank\" rel=\"noopener\" data-t=\"{&quot;n&quot;:&quot;sponcon&quot;,&quot;a&quot;:&quot;click&quot;,&quot;b&quot;:1,&quot;c.t&quot;:8,&quot;ext&quot;:{&quot;width&quot;:678,&quot;height&quot;:146,&quot;region&quot;:&quot;inarticle&quot;,&quot;partnerTagId&quot;:&quot;webcompar-inarticle-1&quot;}}\" aria-label=\"IRN | 30 yd. Rectangular 22X60 Roll-Off Container, East Coast Truck and Trailer Sales\">IRN | 30 yd. Rectangular 22X60 Roll-Off Container<\/a><\/p>\n<div class=\"attribution\"><span class=\"attribution-text\">East Coast Truck and Trailer Sales<\/span><span class=\"attribution-divider\" aria-hidden=\"true\">\u00b7<\/span><span class=\"ad-label-container\"><a class=\"ad-label\" title=\"Patrocinado\" href=\"https:\/\/account.microsoft.com\/privacy\/ad-settings\" target=\"_blank\" rel=\"noopener\" data-t=\"{&quot;n&quot;:&quot;AdLabel&quot;,&quot;t&quot;:13,&quot;a&quot;:&quot;click&quot;,&quot;b&quot;:1,&quot;ext&quot;:{&quot;width&quot;:678,&quot;height&quot;:146,&quot;region&quot;:&quot;inarticle&quot;,&quot;partnerTagId&quot;:&quot;webcompar-inarticle-1&quot;}}\">Patrocinado<\/a><\/span><\/div>\n<\/div>\n<div class=\"action-row\"><span class=\"action-row-sub-container\"><a class=\"ad-choice\" title=\"Escolha de An\u00fancio\" href=\"https:\/\/account.microsoft.com\/privacy\/ad-settings\" target=\"_blank\" rel=\"noopener\" data-t=\"{&quot;n&quot;:&quot;AdChoice&quot;,&quot;t&quot;:13,&quot;a&quot;:&quot;click&quot;,&quot;b&quot;:1,&quot;ext&quot;:{&quot;width&quot;:678,&quot;height&quot;:146,&quot;region&quot;:&quot;inarticle&quot;,&quot;partnerTagId&quot;:&quot;webcompar-inarticle-1&quot;}}\"><img decoding=\"async\" src=\"https:\/\/assets.msn.com\/staticsb\/statics\/\/latest\/responsive-card\/adChoiceIcon.svg\" alt=\"Escolha de An\u00fancio\" aria-hidden=\"true\" \/><\/a><\/span><\/div>\n<\/div>\n<div class=\"call-to-action\"><a class=\"call-to-action-link\" title=\"IRN | 30 yd. Rectangular 22X60 Roll-Off Container\" href=\"https:\/\/www.bing.com\/api\/v1\/mediation\/tracking?adUnit=1732768568&amp;auId=40518bae-8945-44f7-8f63-ed21d026c023&amp;bdc=oa&amp;bidId=9&amp;bidderId=4&amp;cmExpId=RSV&amp;impId=1&amp;impTy=1&amp;ldc=rhf2nczr&amp;mkt=pt-br&amp;oAdUnit=1732768568&amp;pId=1&amp;publisherId=17160724&amp;rId=cf220854-1199-41e2-9545-7c7f4d0d4dd2&amp;region=na&amp;rlink=https%3A%2F%2Fwww.bing.com%2Faclick%3Fld%3De8wwSW_AwvoUYquUOUPp-GVzVUCUx_BX91EaSN4_83czOmp1WPs9gRpIlQQtWazxQvCbHph6Yckd0CUErzeg5JDZGDLUgYomLtCFAr1qozwkftdBEAaL2JmrnY9PBL_EiyJ1Mh5os2uC1wwXJtPU5Wsh44JKqLk3lJar433ervbgLLZYu7plR6CHNWMv-lyC0FYfXkDFbLoXSr3cbdyyEh2Bzv2JQ%26u%3DaHR0cHMlM2ElMmYlMmZwYXJ0cy5lY3R0cy5jb20lMmYzMC15ZC1yZWN0YW5ndWxhci0yMng2MC1yb2xsLW9mZi1jb250YWluZXIlMmYlM2Ztc2Nsa2lkJTNkNzJjNzNiMjBlODRlMTRkOGVlNzc1MjhjOGMzNWFmNjklMjZ1dG1fc291cmNlJTNkYmluZyUyNnV0bV9tZWRpdW0lM2RjcGMlMjZ1dG1fY2FtcGFpZ24lM2RTJTI1MjZPJTI1MjAlMjU3QyUyNTIwQXVkaWVuY2UlMjZ1dG1fdGVybSUzZDIzMjI5MjQ0NzIzOTg2OTMlMjZ1dG1fY29udGVudCUzZEluLU1hcmtldA%26rlid%3D72c73b20e84e14d8ee77528c8c35af69&amp;rtype=targetURL&amp;tagId=webcompar-inarticle-1&amp;trafficGroup=zfa_angvir&amp;trafficSubGroup=erfreir&amp;uberGroup=hore_1c&amp;uberSubGroup=erfreir\" target=\"_blank\" rel=\"noopener noreferrer\" data-t=\"{&quot;n&quot;:&quot;sponcon&quot;,&quot;a&quot;:&quot;click&quot;,&quot;b&quot;:1,&quot;c.t&quot;:8,&quot;ext&quot;:{&quot;width&quot;:678,&quot;height&quot;:146,&quot;region&quot;:&quot;inarticle&quot;,&quot;partnerTagId&quot;:&quot;webcompar-inarticle-1&quot;}}\"><picture><source srcset=\"https:\/\/assets.msn.com\/staticsb\/statics\/latest\/views\/icons\/ChevronRightBlackBold.svg\" media=\"(prefers-color-scheme: dark)\" \/><source srcset=\"https:\/\/assets.msn.com\/staticsb\/statics\/latest\/views\/icons\/ChevronRightWhiteBold.svg\" media=\"(prefers-color-scheme: light)\" \/><img decoding=\"async\" class=\"call-to-action-icon\" src=\"https:\/\/assets.msn.com\/staticsb\/statics\/latest\/views\/icons\/ChevronRightWhiteBold.svg\" alt=\"call to action icon\" \/><\/picture><\/a><\/div>\n<div class=\"card-actions-button-container\"><button class=\"card-actions-button\" title=\"Veja mais\" data-t=\"{&quot;n&quot;:&quot;NativeAdSeeMore&quot;,&quot;t&quot;:11,&quot;b&quot;:12,&quot;ext&quot;:{&quot;width&quot;:678,&quot;height&quot;:146,&quot;region&quot;:&quot;inarticle&quot;,&quot;partnerTagId&quot;:&quot;webcompar-inarticle-1&quot;}}\" aria-label=\"Veja mais\"><img decoding=\"async\" src=\"https:\/\/assets.msn.com\/staticsb\/statics\/\/latest\/fluent-icons\/more_horizontal_20_regular.svg\" alt=\"\" aria-hidden=\"true\" \/><\/button><\/div>\n<\/div>\n<\/div>\n<div id=\"popover-feed-card-slot\" class=\"popover-slot\"><\/div>\n<\/div>\n<\/div>\n<\/div>\n<\/div>\n<p data-t=\"{&quot;n&quot;:&quot;blueLinks&quot;,&quot;t&quot;:13,&quot;a&quot;:&quot;click&quot;,&quot;b&quot;:76}\">&#8220;De fato, numa empresa, no setor privado, dentro dessas regras contempor\u00e2neas de compliance \u00e9 o que se recomendaria. Mas aqui tamb\u00e9m n\u00f3s estamos falando da mais alta corte judici\u00e1ria da Rep\u00fablica&#8221;, explicou o professor ao ser questionado sobre a possibilidade de afastamento de Moraes durante as investiga\u00e7\u00f5es.<\/p>\n<p class=\"continue-read-break\" data-t=\"{&quot;n&quot;:&quot;blueLinks&quot;,&quot;t&quot;:13,&quot;a&quot;:&quot;click&quot;,&quot;b&quot;:76}\">O especialista ressaltou que o caso apresenta &#8220;a contraposi\u00e7\u00e3o de alega\u00e7\u00f5es&#8221; \u2014 de um lado, provas extra\u00eddas das conversa\u00e7\u00f5es de Vorcaro com outras pessoas mencionando autoridades da Rep\u00fablica, e do outro, a nota do STF atestando que, according to Moraes, as alega\u00e7\u00f5es s\u00e3o impertinentes.<\/p>\n<p data-t=\"{&quot;n&quot;:&quot;blueLinks&quot;,&quot;t&quot;:13,&quot;a&quot;:&quot;click&quot;,&quot;b&quot;:76}\">J\u00e1 o cientista pol\u00edtico Leonardo Barreto, s\u00f3cio da consultoria Think Policy, avaliou que a crise envolvendo Moraes \u00e9 mais grave do que a que atingiu o ministro Dias Toffoli no \u00e2mbito do Caso Master.<\/p>\n<p data-t=\"{&quot;n&quot;:&quot;blueLinks&quot;,&quot;t&quot;:13,&quot;a&quot;:&quot;click&quot;,&quot;b&quot;:76}\">Segundo Barreto, a situa\u00e7\u00e3o de Moraes representa uma crise institucional maior porque, enquanto no caso de Toffoli tratava-se de &#8220;rela\u00e7\u00f5es comerciais envolvendo empreendimento, bens privados&#8221;, no contexto atual existe um contrato em que &#8220;a pessoa que \u00e9 titulada o contrato n\u00e3o prova os servi\u00e7os prestados at\u00e9 agora e h\u00e1 uma suspeita de que esses servi\u00e7os, na verdade, eles s\u00e3o desempenhados pelo ministro&#8221;.<\/p>\n<div class=\"intra-article-module\" data-t=\"{&quot;n&quot;:&quot;intraArticle&quot;,&quot;t&quot;:13}\">\n<div class=\"articlePageIntraArticleFullWidth left-image-intra-ad full-bleed-image-intra-ad intra-ad-rm-bg intra-ad-rm-h\">\n<div class=\"intra-article-relatedcontent\">\n<div class=\"video-wrapper   \" tabindex=\"0\">\n<div class=\"videocard3PP related-video-divider-bottom videocardRelatedVideo3PP\" data-t=\"{&quot;n&quot;:&quot;VideoCardWC&quot;,&quot;t&quot;:61,&quot;c.i&quot;:&quot;AA1XGkr5&quot;,&quot;c.l&quot;:false,&quot;c.t&quot;:61,&quot;c.v&quot;:&quot;news&quot;,&quot;c.c&quot;:&quot;newsbrazil&quot;,&quot;c.b&quot;:&quot;Dailymotion&quot;,&quot;c.bi&quot;:&quot;BBhFXKH&quot;,&quot;ext&quot;:{&quot;videoId&quot;:&quot;AA1XGkr5&quot;,&quot;videoCs&quot;:&quot;BBhFXKH&quot;,&quot;eventType&quot;:21,&quot;timeElasped&quot;:0,&quot;title&quot;:&quot;Defesa de Vorcaro pede ao STF investiga\u00e7\u00e3o sobre vazamento de mensagens&quot;,&quot;videoDuration&quot;:841,&quot;fr&quot;:&quot;pt-br_news&quot;,&quot;playType&quot;:&quot;embed&quot;,&quot;playerTech&quot;:&quot;3PP_Dailymotion&quot;,&quot;size&quot;:&quot;682x384&quot;,&quot;isContinuous&quot;:false,&quot;isMuted&quot;:true,&quot;playDuration&quot;:0,&quot;inline&quot;:true,&quot;vCard&quot;:0,&quot;videoPlayerType&quot;:&quot;BingMM&quot;,&quot;videoUrl&quot;:&quot;https:\/\/www.dailymotion.com\/video\/xa1f2kk&quot;,&quot;perf&quot;:{}},&quot;c.hl&quot;:&quot;Defesa de Vorcaro pede ao STF investiga\u00e7\u00e3o sobre vazamento de mensagens&quot;}\">\n<div id=\"Dailymotion-video-AA1XGkr5\" class=\"Dailymotion3PPStyle\">\n<div id=\"Dailymotion_container_AA1XGkr5\" class=\"dailymotion-player-root dailymotion-player-xffdq\">\n<div class=\"dailymotion-player-wrapper\"><\/div>\n<\/div>\n<\/div>\n<\/div>\n<\/div>\n<\/div>\n<\/div>\n<\/div>\n<p data-t=\"{&quot;n&quot;:&quot;blueLinks&quot;,&quot;t&quot;:13,&quot;a&quot;:&quot;click&quot;,&quot;b&quot;:76}\">Barreto classificou a situa\u00e7\u00e3o como &#8220;pavorosa&#8221; e levantou preocupa\u00e7\u00f5es institucionais mais amplas: &#8220;Isso traz uma situa\u00e7\u00e3o que, para mim, \u00e9 pavorosa de pensar, que \u00e9, se h\u00e1 esse contrato, pode haver outros, outros ministros podem estar tocando, isso \u00e9 um procedimento comum&#8221;, afirmou.<\/p>\n<p>&nbsp;<\/p>\n<p data-t=\"{&quot;n&quot;:&quot;blueLinks&quot;,&quot;t&quot;:13,&quot;a&quot;:&quot;click&quot;,&quot;b&quot;:76}\"><strong>Potencial divisor de \u00e1guas<\/strong><\/p>\n<p data-t=\"{&quot;n&quot;:&quot;blueLinks&quot;,&quot;t&quot;:13,&quot;a&quot;:&quot;click&quot;,&quot;b&quot;:76}\">Para Sampaio, as opera\u00e7\u00f5es envolvendo o Banco Master podem representar um marco hist\u00f3rico para o pa\u00eds.<\/p>\n<p data-t=\"{&quot;n&quot;:&quot;blueLinks&quot;,&quot;t&quot;:13,&quot;a&quot;:&quot;click&quot;,&quot;b&quot;:76}\">&#8220;Essas opera\u00e7\u00f5es Compliance Zero e outras, da\u00ed decorrentes, se envolvendo o Banco Master, podem ser um divisor de \u00e1guas, representar alguma coisa muito mais grave e de muito maior repercuss\u00e3o do que representou 10, 12 anos atr\u00e1s a Opera\u00e7\u00e3o Lava Jato&#8221;, afirmou.<\/p>\n<p data-t=\"{&quot;n&quot;:&quot;blueLinks&quot;,&quot;t&quot;:13,&quot;a&quot;:&quot;click&quot;,&quot;b&quot;:76}\">Sampaio enfatizou a necessidade de uma investiga\u00e7\u00e3o profunda e sem interfer\u00eancias.<\/p>\n<p data-t=\"{&quot;n&quot;:&quot;blueLinks&quot;,&quot;t&quot;:13,&quot;a&quot;:&quot;click&quot;,&quot;b&quot;:76}\">&#8220;\u00c9 preciso fazer o que o ministro Andr\u00e9 Mendon\u00e7a tem feito na reg\u00eancia da supervis\u00e3o dessas investiga\u00e7\u00f5es. O que vem a ser? Deixar a Pol\u00edcia Federal trabalhar com toda liberdade, com toda envergadura, com toda profundidade&#8221;, defendeu.<\/p>\n<p data-t=\"{&quot;n&quot;:&quot;blueLinks&quot;,&quot;t&quot;:13,&quot;a&quot;:&quot;click&quot;,&quot;b&quot;:76}\">Segundo Sampaio, apenas com uma apura\u00e7\u00e3o completa ser\u00e1 poss\u00edvel chegar \u00e0 verdade dos fatos.<\/p>\n<p data-t=\"{&quot;n&quot;:&quot;blueLinks&quot;,&quot;t&quot;:13,&quot;a&quot;:&quot;click&quot;,&quot;b&quot;:76}\">&#8220;Da\u00ed surgir\u00e3o as provas necess\u00e1rias para a cidadania brasileira conhecer a verdade dos fatos, porque nos basearmos apenas no que foi revelado a partir do telefone celular de Vorcaro para culpabilizar autoridades n\u00e3o \u00e9 o suficiente&#8221;, concluiu o especialista.<\/p>\n<p data-t=\"{&quot;n&quot;:&quot;blueLinks&quot;,&quot;t&quot;:13,&quot;a&quot;:&quot;click&quot;,&quot;b&quot;:76}\">Quest\u00f5es institucionais<\/p>\n<p data-t=\"{&quot;n&quot;:&quot;blueLinks&quot;,&quot;t&quot;:13,&quot;a&quot;:&quot;click&quot;,&quot;b&quot;:76}\">Para Barreto, o caso levanta quest\u00f5es que v\u00e3o al\u00e9m do notici\u00e1rio factual sobre culpabilidade individual.<\/p>\n<p data-t=\"{&quot;n&quot;:&quot;blueLinks&quot;,&quot;t&quot;:13,&quot;a&quot;:&quot;click&quot;,&quot;b&quot;:76}\">&#8220;Que controle que existe, que seguran\u00e7a que n\u00f3s temos, que hoje ministros da Suprema Corte, do STJ, ou de outros tribunais, n\u00e3o militam privadamente para clientes, utilizando o Estado como se fosse seu patrim\u00f4nio&#8221;, questionou.<\/p>\n<p data-t=\"{&quot;n&quot;:&quot;blueLinks&quot;,&quot;t&quot;:13,&quot;a&quot;:&quot;click&quot;,&quot;b&quot;:76}\">Barreto tamb\u00e9m expressou d\u00favidas sobre a natureza institucional do STF, em meio \u00e0 crise.<\/p>\n<p data-t=\"{&quot;n&quot;:&quot;blueLinks&quot;,&quot;t&quot;:13,&quot;a&quot;:&quot;click&quot;,&quot;b&quot;:76}\">&#8220;Se n\u00e3o existe institui\u00e7\u00e3o acima dos ministros, a gente tem que se perguntar se existe institui\u00e7\u00e3o. Ent\u00e3o, o STF \u00e9 uma fic\u00e7\u00e3o, apenas um lugar, onde a gente tem 11 detentores de poder absoluto que v\u00e3o para l\u00e1 fazer neg\u00f3cio&#8221;, ponderou.<\/p>\n<p data-t=\"{&quot;n&quot;:&quot;blueLinks&quot;,&quot;t&quot;:13,&quot;a&quot;:&quot;click&quot;,&quot;b&quot;:76}\">Barreto concluiu afirmando que esta \u00e9 uma quest\u00e3o que a sociedade brasileira precisa responder, destacando a gravidade do tema para o funcionamento das institui\u00e7\u00f5es democr\u00e1ticas do pa\u00eds.<\/p>\n<p data-t=\"{&quot;n&quot;:&quot;blueLinks&quot;,&quot;t&quot;:13,&quot;a&quot;:&quot;click&quot;,&quot;b&quot;:76}\">Via CNN Brasil<\/p>\n","protected":false},"excerpt":{"rendered":"<p>A investiga\u00e7\u00e3o envolvendo o banqueiro Daniel Vorcaro e as supostas mensagens trocadas com o ministro Alexandre de Moraes, do STF (Supremo Tribunal Federal), pressionam a Corte, segundo especialistas ouvidos no WW. Moraes nega a troca de mensagens com Vorcaro. O professor Gustavo Sampaio, de Direito Constitucional da UFF, destacou a gravidade da situa\u00e7\u00e3o que envolve &hellip;<\/p>\n","protected":false},"author":3,"featured_media":81005,"comment_status":"closed","ping_status":"open","sticky":false,"template":"","format":"standard","meta":{"_exactmetrics_skip_tracking":false,"_exactmetrics_sitenote_active":false,"_exactmetrics_sitenote_note":"","_exactmetrics_sitenote_category":0,"footnotes":""},"categories":[6,26,19],"tags":[],"_links":{"self":[{"href":"https:\/\/goiasemtempo.com.br\/home\/wp-json\/wp\/v2\/posts\/81004"}],"collection":[{"href":"https:\/\/goiasemtempo.com.br\/home\/wp-json\/wp\/v2\/posts"}],"about":[{"href":"https:\/\/goiasemtempo.com.br\/home\/wp-json\/wp\/v2\/types\/post"}],"author":[{"embeddable":true,"href":"https:\/\/goiasemtempo.com.br\/home\/wp-json\/wp\/v2\/users\/3"}],"replies":[{"embeddable":true,"href":"https:\/\/goiasemtempo.com.br\/home\/wp-json\/wp\/v2\/comments?post=81004"}],"version-history":[{"count":1,"href":"https:\/\/goiasemtempo.com.br\/home\/wp-json\/wp\/v2\/posts\/81004\/revisions"}],"predecessor-version":[{"id":81006,"href":"https:\/\/goiasemtempo.com.br\/home\/wp-json\/wp\/v2\/posts\/81004\/revisions\/81006"}],"wp:featuredmedia":[{"embeddable":true,"href":"https:\/\/goiasemtempo.com.br\/home\/wp-json\/wp\/v2\/media\/81005"}],"wp:attachment":[{"href":"https:\/\/goiasemtempo.com.br\/home\/wp-json\/wp\/v2\/media?parent=81004"}],"wp:term":[{"taxonomy":"category","embeddable":true,"href":"https:\/\/goiasemtempo.com.br\/home\/wp-json\/wp\/v2\/categories?post=81004"},{"taxonomy":"post_tag","embeddable":true,"href":"https:\/\/goiasemtempo.com.br\/home\/wp-json\/wp\/v2\/tags?post=81004"}],"curies":[{"name":"wp","href":"https:\/\/api.w.org\/{rel}","templated":true}]}}