{"id":81000,"date":"2026-03-06T20:10:30","date_gmt":"2026-03-06T20:10:30","guid":{"rendered":"https:\/\/goiasemtempo.com.br\/home\/?p=81000"},"modified":"2026-03-07T17:50:37","modified_gmt":"2026-03-07T17:50:37","slug":"oposicao-pede-prisao-de-alexandre-moraes-e-cresce-pressao-por-etica-no-stf-apos-mensagens-vazadas-com-vorcaro","status":"publish","type":"post","link":"https:\/\/goiasemtempo.com.br\/home\/oposicao-pede-prisao-de-alexandre-moraes-e-cresce-pressao-por-etica-no-stf-apos-mensagens-vazadas-com-vorcaro\/","title":{"rendered":"Oposi\u00e7\u00e3o pede pris\u00e3o de  Alexandre Moraes, e cresce press\u00e3o por \u00e9tica no STF ap\u00f3s mensagens vazadas com Vorcaro"},"content":{"rendered":"<p data-t=\"{&quot;n&quot;:&quot;blueLinks&quot;,&quot;t&quot;:13,&quot;a&quot;:&quot;click&quot;,&quot;b&quot;:76}\">Parlamentares da oposi\u00e7\u00e3o ao presidente Luiz In\u00e1cio Lula da Silva pedem a pris\u00e3o do ministro do Supremo Tribunal Federal (STF) Alexandre de Moraes,\u00a0 ap\u00f3s a revela\u00e7\u00e3o de que o banqueiro Daniel Vorcaro trocou mensagens com o magistrado\u00a0 no dia em que ele seria preso pela\u00a0 <a title=\"https:\/\/www.estadao.com.br\/tudo-sobre\/policia-federal\/?srsltid=AfmBOorpwwWtjV0K2--YPhi-E7oYymUFISjaQZfQYqHzyavLh6zZ24hE\" href=\"https:\/\/www.estadao.com.br\/tudo-sobre\/policia-federal\/?srsltid=AfmBOorpwwWtjV0K2--YPhi-E7oYymUFISjaQZfQYqHzyavLh6zZ24hE\" target=\"_blank\" rel=\"noopener noreferrer\" data-t=\"{&quot;n&quot;:&quot;destination&quot;,&quot;t&quot;:13,&quot;a&quot;:&quot;click&quot;,&quot;b&quot;:1,&quot;c.t&quot;:7}\"><b>Pol\u00edcia Federal<\/b><\/a>\u00a0pela primeira vez, em novembro de 2025.<\/p>\n<div class=\"mm_conteudo blog-multimidia foto\">\n<div class=\"article-image-slot image-slot-placeholder\" data-doc-id=\"cms\/api\/amp\/image\/AA1XFVQf\">\n<div class=\"article-image-slot\">\n<div class=\"article-image-container in-div polished\" data-t=\"{&quot;n&quot;:&quot;OpenModal&quot;,&quot;t&quot;:13,&quot;b&quot;:8,&quot;c.i&quot;:&quot;AA1XFKTQ&quot;,&quot;c.l&quot;:false,&quot;c.t&quot;:13,&quot;c.v&quot;:&quot;news&quot;,&quot;c.c&quot;:&quot;newsbrazil&quot;,&quot;c.b&quot;:&quot;Estad\u00e3o&quot;,&quot;c.bi&quot;:&quot;BB6s5Un&quot;,&quot;c.tv&quot;:&quot;news&quot;,&quot;c.tc&quot;:&quot;general&quot;,&quot;c.hl&quot;:&quot;Oposi\u00e7\u00e3o pede pris\u00e3o de Moraes, e cresce press\u00e3o por \u00e9tica no STF ap\u00f3s mensagens vazadas com Vorcaro&quot;}\" data-test-id=\"AA1XFVQf\">\n<p data-t=\"{&quot;n&quot;:&quot;blueLinks&quot;,&quot;t&quot;:13,&quot;a&quot;:&quot;click&quot;,&quot;b&quot;:76}\">\u201cPor muito menos o Alexandre de Moraes j\u00e1 teria prendido o Alexandre de Moraes. Esse cara precisa sair do STF. N\u00e3o \u00e9 impeachment, n\u00e3o, ele precisa ir direto para a pris\u00e3o. Responder por esses atos que n\u00e3o condiz com o magistrado\u201d, disse o deputado Nikolas Ferreira (PL-MG) .<\/p>\n<p data-t=\"{&quot;n&quot;:&quot;blueLinks&quot;,&quot;t&quot;:13,&quot;a&quot;:&quot;click&quot;,&quot;b&quot;:76}\">J\u00e1 o l\u00edder da minoria na C\u00e2mara, Gustavo Gayer (PL-GO), criticou o fato de que n\u00e3o h\u00e1, at\u00e9 o momento, conhecimento de troca de mensagens entre Vorcaro e a advogada <a title=\"https:\/\/www.estadao.com.br\/tudo-sobre\/viviane-barci-de-moraes\" href=\"https:\/\/www.estadao.com.br\/tudo-sobre\/viviane-barci-de-moraes\" target=\"_blank\" rel=\"noopener noreferrer\" data-t=\"{&quot;n&quot;:&quot;destination&quot;,&quot;t&quot;:13,&quot;a&quot;:&quot;click&quot;,&quot;b&quot;:1,&quot;c.t&quot;:7}\"><b>Viviane Barci de Moraes<\/b><\/a>, mulher do ministro, nas mensagens extra\u00eddas pela Pol\u00edcia Federal no celular do banqueiro. O jornal\u00a0<i>O Globo\u00a0<\/i>revelou um\u00a0<a title=\"https:\/\/www.estadao.com.br\/politica\/contrato-da-mulher-de-moraes-com-master-previa-atuacao-no-bc-na-receita-e-no-congresso-diz-jornal-npr\/?srsltid=AfmBOoqq-g5yw9JB8_5ib-aVztesKmH6bYRGHnudGv594QDlh8GbzriE\" href=\"https:\/\/www.estadao.com.br\/politica\/contrato-da-mulher-de-moraes-com-master-previa-atuacao-no-bc-na-receita-e-no-congresso-diz-jornal-npr\/?srsltid=AfmBOoqq-g5yw9JB8_5ib-aVztesKmH6bYRGHnudGv594QDlh8GbzriE\" target=\"_blank\" rel=\"noopener\" data-t=\"{&quot;n&quot;:&quot;destination&quot;,&quot;t&quot;:13,&quot;a&quot;:&quot;click&quot;,&quot;b&quot;:1,&quot;c.t&quot;:7}\"><b>contrato de R$ 129 milh\u00f5es entre o banco e o escrit\u00f3rio<\/b><\/a>\u00a0de Viviane Barci.<\/p>\n<div class=\"intra-article-module\" data-t=\"{&quot;n&quot;:&quot;intraArticle&quot;,&quot;t&quot;:13}\">\n<div class=\"articlePageIntraArticleFullWidth ad-slot-placeholder left-image-intra-ad full-bleed-image-intra-ad intra-ad-rm-bg intra-ad-rm-h\" data-ad-index=\"0\">\n<div class=\"left-image-intra-ad full-bleed-image-intra-ad\">\n<div class=\"responsive-views-ad-container\">\n<div class=\"root\">\n<div class=\"content-card-container\">\u201cO mais impressionante disso tudo \u00e9 que Vorcaro pagava R$ 3,6 milh\u00f5es para a esposa do Moraes por m\u00eas, mas n\u00e3o ligou ou trocou mensagem com ela nem uma vez\u201d, afirmou o parlamentar.<\/div>\n<\/div>\n<\/div>\n<\/div>\n<\/div>\n<\/div>\n<p data-t=\"{&quot;n&quot;:&quot;blueLinks&quot;,&quot;t&quot;:13,&quot;a&quot;:&quot;click&quot;,&quot;b&quot;:76}\"><a title=\"https:\/\/www.estadao.com.br\/politica\/blog-do-fausto-macedo\/entenda-as-conexoes-com-alexandre-de-moraes-encontradas-no-celular-de-daniel-vorcaro-do-master\/\" href=\"https:\/\/www.estadao.com.br\/politica\/blog-do-fausto-macedo\/entenda-as-conexoes-com-alexandre-de-moraes-encontradas-no-celular-de-daniel-vorcaro-do-master\/\" target=\"_blank\" rel=\"noopener noreferrer\" data-t=\"{&quot;n&quot;:&quot;destination&quot;,&quot;t&quot;:13,&quot;a&quot;:&quot;click&quot;,&quot;b&quot;:1,&quot;c.t&quot;:7}\"><b>Dados extra\u00eddos do celular de Vorcaro<\/b><\/a>\u00a0revelam que ele prestava contas a Moraes sobre as negocia\u00e7\u00f5es de venda do banco e sugerem di\u00e1logos a respeito do inqu\u00e9rito sigiloso que tramitava na Justi\u00e7a Federal de Bras\u00edlia.<\/p>\n<p data-t=\"{&quot;n&quot;:&quot;blueLinks&quot;,&quot;t&quot;:13,&quot;a&quot;:&quot;click&quot;,&quot;b&quot;:76}\">Para o l\u00edder da oposi\u00e7\u00e3o na C\u00e2mara, Cabo Gilberto Silva (PL-PB), a situa\u00e7\u00e3o de Moraes \u00e9 \u201cinsustent\u00e1vel\u201d. \u201cCom essas provas, a situa\u00e7\u00e3o do ministro Alexandre de Moraes, o ditador da toga, fica insustent\u00e1vel\u201d, disse o deputado. \u201cCongresso Nacional, PGR, Suprema Corte, voc\u00eas t\u00eam que fazer o seu papel urgentemente.\u201d<\/p>\n<p class=\"\" data-t=\"{&quot;n&quot;:&quot;blueLinks&quot;,&quot;t&quot;:13,&quot;a&quot;:&quot;click&quot;,&quot;b&quot;:76}\">Outras mensagens mostram que\u00a0<a title=\"https:\/\/www.estadao.com.br\/politica\/blog-do-fausto-macedo\/vorcaro-consultou-moraes-sobre-convidados-a-forum-juridico-e-ministro-mandou-para-barrar-joesley\/\" href=\"https:\/\/www.estadao.com.br\/politica\/blog-do-fausto-macedo\/vorcaro-consultou-moraes-sobre-convidados-a-forum-juridico-e-ministro-mandou-para-barrar-joesley\/\" target=\"_blank\" rel=\"noopener noreferrer\" data-t=\"{&quot;n&quot;:&quot;destination&quot;,&quot;t&quot;:13,&quot;a&quot;:&quot;click&quot;,&quot;b&quot;:1,&quot;c.t&quot;:7}\"><b>Vorcaro consultou Moraes sobre a lista de convidados para um f\u00f3rum jur\u00eddico<\/b><\/a>\u00a0realizado em Londres, em abril de 2024. O magistrado determinou que o empres\u00e1rio\u00a0<a title=\"https:\/\/www.estadao.com.br\/tudo-sobre\/joesley-batista\" href=\"https:\/\/www.estadao.com.br\/tudo-sobre\/joesley-batista\" target=\"_blank\" rel=\"noopener\" data-t=\"{&quot;n&quot;:&quot;destination&quot;,&quot;t&quot;:13,&quot;a&quot;:&quot;click&quot;,&quot;b&quot;:1,&quot;c.t&quot;:7}\"><b>Joesley Batista<\/b><\/a>, da J&amp;F, fosse \u201cbloqueado\u201d do evento, e Vorcaro levou a determina\u00e7\u00e3o \u00e0 organiza\u00e7\u00e3o do f\u00f3rum.<\/p>\n<div class=\"intra-article-module\" data-t=\"{&quot;n&quot;:&quot;intraArticle&quot;,&quot;t&quot;:13}\">\n<div class=\"articlePageIntraArticleFullWidth ad-slot-placeholder left-image-intra-ad full-bleed-image-intra-ad intra-ad-rm-bg intra-ad-rm-h\" data-ad-index=\"1\">\n<div class=\"left-image-intra-ad full-bleed-image-intra-ad\">\n<div class=\"responsive-views-ad-container\">\n<div class=\"root\">\n<div class=\"content-card-container\"><\/div>\n<\/div>\n<\/div>\n<\/div>\n<\/div>\n<\/div>\n<p data-t=\"{&quot;n&quot;:&quot;blueLinks&quot;,&quot;t&quot;:13,&quot;a&quot;:&quot;click&quot;,&quot;b&quot;:76}\">\u201cCada vez mais entendo que Bras\u00edlia n\u00e3o se trata de separa\u00e7\u00e3o dos Poderes, mas sim de prote\u00e7\u00e3o dos amigos daqueles que ajudam a manter o\u00a0<i>status quo<\/i>\u201d, disse a deputada\u00a0<a title=\"https:\/\/www.estadao.com.br\/tudo-sobre\/julia-zanatta\/\" href=\"https:\/\/www.estadao.com.br\/tudo-sobre\/julia-zanatta\/\" target=\"_blank\" rel=\"noopener noreferrer\" data-t=\"{&quot;n&quot;:&quot;destination&quot;,&quot;t&quot;:13,&quot;a&quot;:&quot;click&quot;,&quot;b&quot;:1,&quot;c.t&quot;:7}\"><b>J\u00falia Zanatta<\/b><\/a>\u00a0(PL-SC).<\/p>\n<p data-t=\"{&quot;n&quot;:&quot;blueLinks&quot;,&quot;t&quot;:13,&quot;a&quot;:&quot;click&quot;,&quot;b&quot;:76}\">Para manter o sigilo, Vorcaro e Moraes usavam o recurso de visualiza\u00e7\u00e3o \u00fanica. Por essa raz\u00e3o, as respostas do ministro n\u00e3o est\u00e3o dispon\u00edveis, mas as notas de banqueiro permaneceram acess\u00edveis no hist\u00f3rico do aparelho celular dele.<\/p>\n<p data-t=\"{&quot;n&quot;:&quot;blueLinks&quot;,&quot;t&quot;:13,&quot;a&quot;:&quot;click&quot;,&quot;b&quot;:76}\">\u201cA opini\u00e3o de Alexandre de Moraes sobre quem apaga mensagens de WhatsApp no celular no caso da D\u00e9bora do Batom: \u2018desprezo com o Poder Judici\u00e1rio e a ordem p\u00fablica\u2019. E como fica quem manda mensagem de visualiza\u00e7\u00e3o \u00fanica para responder se \u2018bloqueou\u2019 algo ou n\u00e3o a um criminoso?\u201d, questionou o deputado federal\u00a0<a title=\"https:\/\/www.estadao.com.br\/tudo-sobre\/marcel-van-hattem\/\" href=\"https:\/\/www.estadao.com.br\/tudo-sobre\/marcel-van-hattem\/\" target=\"_blank\" rel=\"noopener noreferrer\" data-t=\"{&quot;n&quot;:&quot;destination&quot;,&quot;t&quot;:13,&quot;a&quot;:&quot;click&quot;,&quot;b&quot;:1,&quot;c.t&quot;:7}\"><b>Marcel van Hattem<\/b><\/a>\u00a0(Novo-RS), em refer\u00eancia\u00a0<a title=\"https:\/\/www.estadao.com.br\/politica\/blog-do-fausto-macedo\/moraes-que-trocou-mensagens-que-somem-com-vorcaro-criticou-textos-apagados-por-debora-do-batom\/\" href=\"https:\/\/www.estadao.com.br\/politica\/blog-do-fausto-macedo\/moraes-que-trocou-mensagens-que-somem-com-vorcaro-criticou-textos-apagados-por-debora-do-batom\/\" target=\"_blank\" rel=\"noopener noreferrer\" data-t=\"{&quot;n&quot;:&quot;destination&quot;,&quot;t&quot;:13,&quot;a&quot;:&quot;click&quot;,&quot;b&quot;:1,&quot;c.t&quot;:7}\"><b>ao voto do ministro do STF no caso da cabeleireira D\u00e9bora Rodrigues dos Santos, a \u201cD\u00e9bora do batom\u201d<\/b><\/a>, condenada a 14 anos de pris\u00e3o pela Corte.<img decoding=\"async\" src=\"https:\/\/assets.msn.com\/staticsb\/statics\/\/latest\/fluent-icons\/more_horizontal_20_regular.svg\" alt=\"\" aria-hidden=\"true\" \/><\/p>\n<div class=\"intra-article-module\" data-t=\"{&quot;n&quot;:&quot;intraArticle&quot;,&quot;t&quot;:13}\">\n<div class=\"articlePageIntraArticleFullWidth ad-slot-placeholder left-image-intra-ad full-bleed-image-intra-ad intra-ad-rm-bg intra-ad-rm-h\" data-ad-index=\"2\">\n<div class=\"left-image-intra-ad full-bleed-image-intra-ad\">\n<div class=\"responsive-views-ad-container\">\n<div id=\"popover-feed-card-slot\" class=\"popover-slot\"><\/div>\n<\/div>\n<\/div>\n<\/div>\n<\/div>\n<p data-t=\"{&quot;n&quot;:&quot;blueLinks&quot;,&quot;t&quot;:13,&quot;a&quot;:&quot;click&quot;,&quot;b&quot;:76}\">Tamb\u00e9m do Novo, o senador\u00a0<a title=\"https:\/\/www.estadao.com.br\/tudo-sobre\/eduardo-girao\/?srsltid=AfmBOooJM0xNrfEuB-bctoBx7khLai2_ivCAaLyfZcptNZ-qB7pPLwxo\" href=\"https:\/\/www.estadao.com.br\/tudo-sobre\/eduardo-girao\/?srsltid=AfmBOooJM0xNrfEuB-bctoBx7khLai2_ivCAaLyfZcptNZ-qB7pPLwxo\" target=\"_blank\" rel=\"noopener noreferrer\" data-t=\"{&quot;n&quot;:&quot;destination&quot;,&quot;t&quot;:13,&quot;a&quot;:&quot;click&quot;,&quot;b&quot;:1,&quot;c.t&quot;:7}\"><b>Eduardo Gir\u00e3o<\/b><\/a>\u00a0(CE) disse que o partido estuda rea\u00e7\u00f5es institucionais. \u201cS\u00f3 falta dizer que as diversas mensagens tempor\u00e1rias apagadas automaticamente pelo ministro foi puro engano. Errou de destinat\u00e1rio como deve ter sido engano do Vorcaro contratar os \u2018servi\u00e7os advocat\u00edcios\u2019 de R$ 129 milh\u00f5es da esposa dele. Como deve ter sido engano estarem na mesma casa residencial e mesmo evento nos EUA, patrocinado pelo Banco Master. O Novo j\u00e1 estuda entrar com outras a\u00e7\u00f5es firmes para o resgate da \u00e9tica na Rep\u00fablica a partir das revela\u00e7\u00f5es dessas conversas\u201d, afirmou.<\/p>\n<div class=\"lista-numerada-noticia list-numbered modulo-noticia\">\n<div class=\"article-list-slot\">\n<ul class=\"indice-ranking\">\n<li data-t=\"{&quot;n&quot;:&quot;blueLinks&quot;,&quot;t&quot;:13,&quot;a&quot;:&quot;click&quot;,&quot;b&quot;:76}\">\n<div class=\"ln-right\">\n<div class=\"ln-right-title title-ranking\">Moraes, que trocou mensagens que somem com Vorcaro, criticou textos apagados por \u2018D\u00e9bora do batom\u2019<\/div>\n<\/div>\n<\/li>\n<li data-t=\"{&quot;n&quot;:&quot;blueLinks&quot;,&quot;t&quot;:13,&quot;a&quot;:&quot;click&quot;,&quot;b&quot;:76}\">\n<div class=\"ln-right\">\n<div class=\"ln-right-title title-ranking\">Entenda as conex\u00f5es com Alexandre de Moraes encontradas no celular de Daniel Vorcaro, do Master<\/div>\n<\/div>\n<\/li>\n<li data-t=\"{&quot;n&quot;:&quot;blueLinks&quot;,&quot;t&quot;:13,&quot;a&quot;:&quot;click&quot;,&quot;b&quot;:76}\">\n<div class=\"ln-right\">\n<div class=\"ln-right-title title-ranking\">Vorcaro consultou Moraes sobre convidados a f\u00f3rum jur\u00eddico e ministro mandou barrar Joesley Batista<\/div>\n<\/div>\n<\/li>\n<\/ul>\n<\/div>\n<\/div>\n<p data-t=\"{&quot;n&quot;:&quot;blueLinks&quot;,&quot;t&quot;:13,&quot;a&quot;:&quot;click&quot;,&quot;b&quot;:76}\">Do lado governista, o deputado\u00a0<a title=\"https:\/\/www.estadao.com.br\/tudo-sobre\/chico-alencar\/\" href=\"https:\/\/www.estadao.com.br\/tudo-sobre\/chico-alencar\/\" target=\"_blank\" rel=\"noopener noreferrer\" data-t=\"{&quot;n&quot;:&quot;destination&quot;,&quot;t&quot;:13,&quot;a&quot;:&quot;click&quot;,&quot;b&quot;:1,&quot;c.t&quot;:7}\"><b>Chico Alencar<\/b><\/a>\u00a0(PSOL-RJ) cobrou pela cria\u00e7\u00e3o de um c\u00f3digo de \u00e9tica do STF. \u201cEssas rela\u00e7\u00f5es s\u00e3o t\u00e3o impr\u00f3prias que Moraes tratou de dizer que elas sequer existem, que \u00e9 tudo mentira. Isso revela como elas s\u00e3o graves e podem ter desdobramentos, se o Vorcaro falar mais, falar tudo, que \u00e9 o que desejamos\u201d, disse Alencar. \u201c\u00c9 importante estabelecermos de uma vez por todas um c\u00f3digo de \u00e9tica ao STF a fim de vedar peremptoriamente rela\u00e7\u00f5es de ju\u00edzes com interessados em causas em andamento.\u201d<\/p>\n<div class=\"intra-article-module\" data-t=\"{&quot;n&quot;:&quot;intraArticle&quot;,&quot;t&quot;:13}\"><\/div>\n<p data-t=\"{&quot;n&quot;:&quot;blueLinks&quot;,&quot;t&quot;:13,&quot;a&quot;:&quot;click&quot;,&quot;b&quot;:76}\">O l\u00edder do PSOL na C\u00e2mara, deputado\u00a0<a title=\"https:\/\/www.estadao.com.br\/tudo-sobre\/tarcisio-motta\/\" href=\"https:\/\/www.estadao.com.br\/tudo-sobre\/tarcisio-motta\/\" target=\"_blank\" rel=\"noopener noreferrer\" data-t=\"{&quot;n&quot;:&quot;destination&quot;,&quot;t&quot;:13,&quot;a&quot;:&quot;click&quot;,&quot;b&quot;:1,&quot;c.t&quot;:7}\"><b>Tarc\u00edsio Motta<\/b><\/a>\u00a0(RJ), defendeu transpar\u00eancia no caso e afirmou que \u201cnenhuma autoridade est\u00e1 acima do escrut\u00ednio democr\u00e1tico\u201d.<\/p>\n<p data-t=\"{&quot;n&quot;:&quot;blueLinks&quot;,&quot;t&quot;:13,&quot;a&quot;:&quot;click&quot;,&quot;b&quot;:76}\">\u201cO que est\u00e1 vindo \u00e0 tona precisa ser esclarecido com muita transpar\u00eancia. Quando surgem mensagens que levantam suspeitas de proximidade indevida entre agentes do Judici\u00e1rio e interesses privados, isso afeta a confian\u00e7a da sociedade nas institui\u00e7\u00f5es. \u00c9 fundamental que todos os fatos sejam apurados, com serenidade e responsabilidade, para que n\u00e3o paire qualquer d\u00favida sobre a lisura das decis\u00f5es. Defendo que o Brasil fortale\u00e7a suas institui\u00e7\u00f5es com mais controle p\u00fablico, mais transpar\u00eancia e respeito ao devido processo. Nenhuma autoridade est\u00e1 acima do escrut\u00ednio democr\u00e1tico\u201d, disse.<\/p>\n<p data-t=\"{&quot;n&quot;:&quot;blueLinks&quot;,&quot;t&quot;:13,&quot;a&quot;:&quot;click&quot;,&quot;b&quot;:76}\">J\u00e1 a deputada\u00a0<a title=\"https:\/\/www.estadao.com.br\/tudo-sobre\/heloisa-helena\/?srsltid=AfmBOorE3yrJcevqE8XAI60d4_Iypht1Dq8rrm55f0nt3wqbhObotCI_\" href=\"https:\/\/www.estadao.com.br\/tudo-sobre\/heloisa-helena\/?srsltid=AfmBOorE3yrJcevqE8XAI60d4_Iypht1Dq8rrm55f0nt3wqbhObotCI_\" target=\"_blank\" rel=\"noopener noreferrer\" data-t=\"{&quot;n&quot;:&quot;destination&quot;,&quot;t&quot;:13,&quot;a&quot;:&quot;click&quot;,&quot;b&quot;:1,&quot;c.t&quot;:7}\"><b>Helo\u00edsa Helena<\/b><\/a>\u00a0(Rede-RJ) pressiona pela CPI do Banco Master na C\u00e2mara. \u201cComo a CPI \u00e9 uma ferramenta aberta de monitoramento da sociedade, n\u00e3o haver\u00e1 sigilos, provas fatiadas ou quaisquer outros mecanismos de prote\u00e7\u00e3o ao banditismo pol\u00edtico \u2013 esteja onde estiver\u201d, disse a parlamentar. \u201cEstamos trabalhando muito para conseguirmos as \u00faltimas assinaturas na C\u00e2mara. Chega a ser inacredit\u00e1vel e repugnante o protecionismo ao Banco Master, que vai da covardia em n\u00e3o assinar at\u00e9 a covardia de n\u00e3o instalar.\u201d<\/p>\n<div class=\"intra-article-module\" data-t=\"{&quot;n&quot;:&quot;intraArticle&quot;,&quot;t&quot;:13}\"><\/div>\n<p data-t=\"{&quot;n&quot;:&quot;blueLinks&quot;,&quot;t&quot;:13,&quot;a&quot;:&quot;click&quot;,&quot;b&quot;:76}\">J\u00e1 foram protocoladas duas CPIs sobre o Banco Master. Uma, de origem no governo, foi protocolada na C\u00e2mara, e tem a autoria do deputado\u00a0<a title=\"https:\/\/www.estadao.com.br\/tudo-sobre\/rodrigo-rollemberg\/?srsltid=AfmBOoq1t8kBsN2dBIvp0rjkISxx-m_fqF2lpOpPX91nqcvRF2fiTM4a\" href=\"https:\/\/www.estadao.com.br\/tudo-sobre\/rodrigo-rollemberg\/?srsltid=AfmBOoq1t8kBsN2dBIvp0rjkISxx-m_fqF2lpOpPX91nqcvRF2fiTM4a\" target=\"_blank\" rel=\"noopener noreferrer\" data-t=\"{&quot;n&quot;:&quot;destination&quot;,&quot;t&quot;:13,&quot;a&quot;:&quot;click&quot;,&quot;b&quot;:1,&quot;c.t&quot;:7}\"><b>Rodrigo Rollemberg<\/b><\/a>\u00a0(PSB-DF). A outra, protocolada no Congresso, veio da oposi\u00e7\u00e3o, de autoria do deputado\u00a0<a title=\"https:\/\/www.estadao.com.br\/tudo-sobre\/carlos-jordy\/?srsltid=AfmBOopQ18dha0xSe-lD_OnII0nV-m8gMDdFsXkoWse2xK_SDBexM26d\" href=\"https:\/\/www.estadao.com.br\/tudo-sobre\/carlos-jordy\/?srsltid=AfmBOopQ18dha0xSe-lD_OnII0nV-m8gMDdFsXkoWse2xK_SDBexM26d\" target=\"_blank\" rel=\"noopener noreferrer\" data-t=\"{&quot;n&quot;:&quot;destination&quot;,&quot;t&quot;:13,&quot;a&quot;:&quot;click&quot;,&quot;b&quot;:1,&quot;c.t&quot;:7}\"><b>Carlos Jordy<\/b><\/a>\u00a0(PL-RJ).<\/p>\n<p data-t=\"{&quot;n&quot;:&quot;blueLinks&quot;,&quot;t&quot;:13,&quot;a&quot;:&quot;click&quot;,&quot;b&quot;:76}\">Via Estad\u00e3o<\/p>\n<\/div>\n<\/div>\n<\/div>\n<\/div>\n","protected":false},"excerpt":{"rendered":"<p>Parlamentares da oposi\u00e7\u00e3o ao presidente Luiz In\u00e1cio Lula da Silva pedem a pris\u00e3o do ministro do Supremo Tribunal Federal (STF) Alexandre de Moraes,\u00a0 ap\u00f3s a revela\u00e7\u00e3o de que o banqueiro Daniel Vorcaro trocou mensagens com o magistrado\u00a0 no dia em que ele seria preso pela\u00a0 Pol\u00edcia Federal\u00a0pela primeira vez, em novembro de 2025. \u201cPor muito &hellip;<\/p>\n","protected":false},"author":3,"featured_media":81001,"comment_status":"closed","ping_status":"open","sticky":false,"template":"","format":"standard","meta":{"_exactmetrics_skip_tracking":false,"_exactmetrics_sitenote_active":false,"_exactmetrics_sitenote_note":"","_exactmetrics_sitenote_category":0,"footnotes":""},"categories":[6,489,26,2],"tags":[],"_links":{"self":[{"href":"https:\/\/goiasemtempo.com.br\/home\/wp-json\/wp\/v2\/posts\/81000"}],"collection":[{"href":"https:\/\/goiasemtempo.com.br\/home\/wp-json\/wp\/v2\/posts"}],"about":[{"href":"https:\/\/goiasemtempo.com.br\/home\/wp-json\/wp\/v2\/types\/post"}],"author":[{"embeddable":true,"href":"https:\/\/goiasemtempo.com.br\/home\/wp-json\/wp\/v2\/users\/3"}],"replies":[{"embeddable":true,"href":"https:\/\/goiasemtempo.com.br\/home\/wp-json\/wp\/v2\/comments?post=81000"}],"version-history":[{"count":1,"href":"https:\/\/goiasemtempo.com.br\/home\/wp-json\/wp\/v2\/posts\/81000\/revisions"}],"predecessor-version":[{"id":81002,"href":"https:\/\/goiasemtempo.com.br\/home\/wp-json\/wp\/v2\/posts\/81000\/revisions\/81002"}],"wp:featuredmedia":[{"embeddable":true,"href":"https:\/\/goiasemtempo.com.br\/home\/wp-json\/wp\/v2\/media\/81001"}],"wp:attachment":[{"href":"https:\/\/goiasemtempo.com.br\/home\/wp-json\/wp\/v2\/media?parent=81000"}],"wp:term":[{"taxonomy":"category","embeddable":true,"href":"https:\/\/goiasemtempo.com.br\/home\/wp-json\/wp\/v2\/categories?post=81000"},{"taxonomy":"post_tag","embeddable":true,"href":"https:\/\/goiasemtempo.com.br\/home\/wp-json\/wp\/v2\/tags?post=81000"}],"curies":[{"name":"wp","href":"https:\/\/api.w.org\/{rel}","templated":true}]}}