{"id":80994,"date":"2026-03-06T15:41:08","date_gmt":"2026-03-06T15:41:08","guid":{"rendered":"https:\/\/goiasemtempo.com.br\/home\/?p=80994"},"modified":"2026-03-06T15:41:08","modified_gmt":"2026-03-06T15:41:08","slug":"advogado-goiano-com-nanismo-denuncia-discriminacao-em-concurso-para-delegado-em-mg-veja-video","status":"publish","type":"post","link":"https:\/\/goiasemtempo.com.br\/home\/advogado-goiano-com-nanismo-denuncia-discriminacao-em-concurso-para-delegado-em-mg-veja-video\/","title":{"rendered":"Advogado goiano com nanismo denuncia discrimina\u00e7\u00e3o em  concurso para delegado em MG; Veja V\u00eddeo"},"content":{"rendered":"<p>O advogado goiano Matheus Menezes, que tem nanismo, denuncia caso de discrimina\u00e7\u00e3o no concurso para delegado da Pol\u00edcia Civil de Minas Gerais (PCMG), ap\u00f3s ser desclassificado no Teste de Aptid\u00e3o F\u00edsica (TAF). Inscrito como pessoa com defici\u00eancia (PCD), ele afirma que n\u00e3o recebeu adapta\u00e7\u00f5es na prova, mesmo ap\u00f3s apresentar laudos m\u00e9dicos e solicitar ajustes \u00e0 banca organizadora.<\/p>\n<div id=\"inread1\" class=\"square-ad\" data-google-query-id=\"CPmQtqbNi5MDFa-EYQYdBLQzxw\">\n<div id=\"google_ads_iframe_\/176290677\/maisgoias\/inread1_0__container__\"><\/div>\n<\/div>\n<p>A Funda\u00e7\u00e3o Get\u00falio Vargas (FGV), respons\u00e1vel pela realiza\u00e7\u00e3o do\u00a0<strong>concurso para delegado da Pol\u00edcia Civil de Minas Gerais<\/strong>, divulgou na \u00faltima semana a lista com o resultado definitivo dos aprovados no exame f\u00edsico do certame. O nome de Matheus n\u00e3o consta na lista. Segundo o candidato, a banca avaliadora aplicou os mesmos crit\u00e9rios f\u00edsicos utilizados para candidatos da ampla concorr\u00eancia.<\/p>\n<p><iframe title=\"Candidato com nanismo denuncia discrimina\u00e7\u00e3o em TAF para Delegado da PCMG\" width=\"563\" height=\"1000\" src=\"https:\/\/www.youtube.com\/embed\/JWDf9ZBzCYE?feature=oembed\" frameborder=\"0\" allow=\"accelerometer; autoplay; clipboard-write; encrypted-media; gyroscope; picture-in-picture; web-share\" referrerpolicy=\"strict-origin-when-cross-origin\" allowfullscreen><\/iframe><\/p>\n<h2 id=\"h-nanismo-foi-desconsiderado\" class=\"wp-block-heading\">\u2018Nanismo foi desconsiderado\u2019<\/h2>\n<p>\u201cFizeram com que a gente realizasse as provas nos mesmos par\u00e2metros das pessoas sem defici\u00eancia, da ampla concorr\u00eancia\u201d, afirmou. Matheus relata que apresentou laudos m\u00e9dicos e solicitou adapta\u00e7\u00f5es para a etapa f\u00edsica, mas a demanda n\u00e3o teria sido atendida. \u201cEu estava amparado em laudos m\u00e9dicos e requeri adapta\u00e7\u00f5es nessa fase da prova, mas eles simplesmente n\u00e3o atenderam\u201d, declarou.<\/p>\n<p>O\u00a0<strong>Mais Goi\u00e1s\u00a0<\/strong>aguarda retorno da FGV, respons\u00e1vel pelo concurso, e da Acadepool, incumbida pela execu\u00e7\u00e3o das provas.<\/p>\n<h2 id=\"h-taf-sem-adaptacao\" class=\"wp-block-heading\">TAF sem adapta\u00e7\u00e3o<\/h2>\n<p>V\u00eddeos encaminhados \u00e0 reportagem mostram Matheus sendo submetido a provas de salto, corrida e flex\u00e3o. Em uma delas, foi exigido um salto de 1,65 metro \u2014 a mesma marca, segundo ele, cobrada de candidatos da ampla concorr\u00eancia. Na grava\u00e7\u00e3ao feita no momento do salto, um fiscal informa o resultado ao t\u00e9rmino da tentativa: \u201cO candidato n\u00e3o atingiu o m\u00ednimo exigido pelo edital, que \u00e9 de 1,65m. Infelizmente, candidato, ser\u00e1 considerado inapto aqui nesta prova\u201d.<\/p>\n","protected":false},"excerpt":{"rendered":"<p>O advogado goiano Matheus Menezes, que tem nanismo, denuncia caso de discrimina\u00e7\u00e3o no concurso para delegado da Pol\u00edcia Civil de Minas Gerais (PCMG), ap\u00f3s ser desclassificado no Teste de Aptid\u00e3o F\u00edsica (TAF). Inscrito como pessoa com defici\u00eancia (PCD), ele afirma que n\u00e3o recebeu adapta\u00e7\u00f5es na prova, mesmo ap\u00f3s apresentar laudos m\u00e9dicos e solicitar ajustes \u00e0 &hellip;<\/p>\n","protected":false},"author":3,"featured_media":80995,"comment_status":"closed","ping_status":"open","sticky":false,"template":"","format":"standard","meta":{"_exactmetrics_skip_tracking":false,"_exactmetrics_sitenote_active":false,"_exactmetrics_sitenote_note":"","_exactmetrics_sitenote_category":0,"footnotes":""},"categories":[7,26,4],"tags":[],"_links":{"self":[{"href":"https:\/\/goiasemtempo.com.br\/home\/wp-json\/wp\/v2\/posts\/80994"}],"collection":[{"href":"https:\/\/goiasemtempo.com.br\/home\/wp-json\/wp\/v2\/posts"}],"about":[{"href":"https:\/\/goiasemtempo.com.br\/home\/wp-json\/wp\/v2\/types\/post"}],"author":[{"embeddable":true,"href":"https:\/\/goiasemtempo.com.br\/home\/wp-json\/wp\/v2\/users\/3"}],"replies":[{"embeddable":true,"href":"https:\/\/goiasemtempo.com.br\/home\/wp-json\/wp\/v2\/comments?post=80994"}],"version-history":[{"count":1,"href":"https:\/\/goiasemtempo.com.br\/home\/wp-json\/wp\/v2\/posts\/80994\/revisions"}],"predecessor-version":[{"id":80996,"href":"https:\/\/goiasemtempo.com.br\/home\/wp-json\/wp\/v2\/posts\/80994\/revisions\/80996"}],"wp:featuredmedia":[{"embeddable":true,"href":"https:\/\/goiasemtempo.com.br\/home\/wp-json\/wp\/v2\/media\/80995"}],"wp:attachment":[{"href":"https:\/\/goiasemtempo.com.br\/home\/wp-json\/wp\/v2\/media?parent=80994"}],"wp:term":[{"taxonomy":"category","embeddable":true,"href":"https:\/\/goiasemtempo.com.br\/home\/wp-json\/wp\/v2\/categories?post=80994"},{"taxonomy":"post_tag","embeddable":true,"href":"https:\/\/goiasemtempo.com.br\/home\/wp-json\/wp\/v2\/tags?post=80994"}],"curies":[{"name":"wp","href":"https:\/\/api.w.org\/{rel}","templated":true}]}}