{"id":80988,"date":"2026-03-06T15:25:06","date_gmt":"2026-03-06T15:25:06","guid":{"rendered":"https:\/\/goiasemtempo.com.br\/home\/?p=80988"},"modified":"2026-03-06T15:25:06","modified_gmt":"2026-03-06T15:25:06","slug":"uniao-politica-em-jatai-pode-recolocar-a-cidade-na-assembleia-legislativa-de-goias","status":"publish","type":"post","link":"https:\/\/goiasemtempo.com.br\/home\/uniao-politica-em-jatai-pode-recolocar-a-cidade-na-assembleia-legislativa-de-goias\/","title":{"rendered":"Uni\u00e3o pol\u00edtica em Jata\u00ed pode recolocar a cidade na Assembleia Legislativa de Goi\u00e1s"},"content":{"rendered":"<p>Jata\u00ed vive um momento considerado hist\u00f3rico na pol\u00edtica regional. Ap\u00f3s anos sem conseguir eleger um representante pr\u00f3prio para a Assembleia Legislativa de Goi\u00e1s, lideran\u00e7as locais come\u00e7aram a construir um movimento de uni\u00e3o para fortalecer uma candidatura \u00fanica de deputado estadual nas pr\u00f3ximas elei\u00e7\u00f5es.<\/p>\n<p>A articula\u00e7\u00e3o foi conduzida pelo prefeito Geneilton Assis, eleito em 2024 com uma vota\u00e7\u00e3o expressiva. No pleito municipal, Geneilton conquistou 58,93% dos votos v\u00e1lidos, consolidando uma das vit\u00f3rias mais significativas da hist\u00f3ria pol\u00edtica recente do munic\u00edpio.<\/p>\n<p>A for\u00e7a pol\u00edtica constru\u00edda nessa elei\u00e7\u00e3o agora come\u00e7a a ser utilizada para um objetivo maior: garantir que Jata\u00ed volte a ter representatividade direta no parlamento estadual.<\/p>\n<p><strong>\u00a0<\/strong><strong>A uni\u00e3o das principais lideran\u00e7as<\/strong><\/p>\n<p>O movimento ganhou for\u00e7a ap\u00f3s um encontro que reuniu o senador Wilder Morais, pr\u00e9-candidato ao governo de Goi\u00e1s, o prefeito Geneilton e duas importantes lideran\u00e7as pol\u00edticas da cidade: o vereador Carlos Canzi e o presidente da C\u00e2mara Municipal, Marcos Patrick.<\/p>\n<p>Carlos Canzi foi o vereador mais votado de Jata\u00ed nas \u00faltimas elei\u00e7\u00f5es, conquistando 4.477 votos, uma vota\u00e7\u00e3o hist\u00f3rica que demonstrou forte apoio popular.<\/p>\n<p>J\u00e1 Marcos Patrick tamb\u00e9m possui trajet\u00f3ria consolidada na pol\u00edtica municipal. Ele foi reeleito vereador com 2.877 votos e atualmente preside a C\u00e2mara Municipal de Jata\u00ed, cargo que ocupa no bi\u00eanio 2025\u20132026.<\/p>\n<p>Diante da possibilidade de m\u00faltiplas candidaturas locais dividirem votos e enfraquecerem as chances de elei\u00e7\u00e3o, foi constru\u00edda uma articula\u00e7\u00e3o pol\u00edtica considerada estrat\u00e9gica: Marcos Patrick abriu m\u00e3o de sua pr\u00e9-candidatura a deputado estadual para apoiar Carlos Canzi, consolidando uma candidatura \u00fanica da cidade.<\/p>\n<p><strong>\u00a0<\/strong><\/p>\n<p><strong>Uma estrat\u00e9gia para fortalecer Jata\u00ed<\/strong><\/p>\n<p>A decis\u00e3o representa uma mudan\u00e7a importante no cen\u00e1rio pol\u00edtico local. Historicamente, Jata\u00ed j\u00e1 teve diversos candidatos a deputado estadual concorrendo ao mesmo tempo, o que frequentemente diluiu votos e dificultou a elei\u00e7\u00e3o de um representante da cidade.<\/p>\n<p>A estrat\u00e9gia atual busca exatamente o oposto: concentrar for\u00e7as em um \u00fanico nome, com apoio pol\u00edtico mais amplo.<\/p>\n<p>Al\u00e9m do prefeito Geneilton e da base do PL, a candidatura tamb\u00e9m passa a contar com o apoio de importantes lideran\u00e7as pol\u00edticas e empresariais da regi\u00e3o.<\/p>\n<p>Durante o encontro, Carlos Canzi tamb\u00e9m oficializou sua filia\u00e7\u00e3o ao PL Goi\u00e1s, partido que hoje lidera a base pol\u00edtica do prefeito Geneilton no munic\u00edpio.<\/p>\n<p><strong>\u00a0<\/strong><\/p>\n<p><strong>A import\u00e2ncia de ter um deputado estadual<\/strong><\/p>\n<p>Para especialistas em gest\u00e3o p\u00fablica e desenvolvimento regional, ter um deputado estadual da pr\u00f3pria regi\u00e3o pode trazer benef\u00edcios estrat\u00e9gicos para o munic\u00edpio e cidades vizinhas.<\/p>\n<p>Um parlamentar com base eleitoral forte na regi\u00e3o pode:<\/p>\n<ul>\n<li>Defender investimentos para infraestrutura<\/li>\n<li>Articular recursos para sa\u00fade e educa\u00e7\u00e3o<\/li>\n<li>Apoiar projetos de desenvolvimento econ\u00f4mico<\/li>\n<li>Fortalecer o agroneg\u00f3cio regional<\/li>\n<li>Facilitar o di\u00e1logo com o governo estadual<\/li>\n<\/ul>\n<p>Jata\u00ed \u00e9 hoje um dos maiores polos econ\u00f4micos do interior de Goi\u00e1s, com destaque para o agroneg\u00f3cio, ind\u00fastria e servi\u00e7os. Mesmo com essa relev\u00e2ncia econ\u00f4mica, o munic\u00edpio tem enfrentado dificuldades para garantir representa\u00e7\u00e3o pol\u00edtica proporcional ao seu peso regional.<\/p>\n<p><strong>\u00a0<\/strong><\/p>\n<p><strong>Novo momento pol\u00edtico<\/strong><\/p>\n<p>A articula\u00e7\u00e3o liderada pelo prefeito Geneilton representa uma tentativa de inaugurar um novo momento pol\u00edtico para a cidade: menos divis\u00e3o e mais estrat\u00e9gia eleitoral.<\/p>\n<p>Com a uni\u00e3o entre as principais lideran\u00e7as locais, cresce a expectativa de que Jata\u00ed possa voltar a ter um representante direto na Assembleia Legislativa de Goi\u00e1s \u2014 algo visto por muitos como essencial para fortalecer a voz do munic\u00edpio nas decis\u00f5es do Estado.<\/p>\n<p>A constru\u00e7\u00e3o dessa candidatura \u00fanica representa maturidade pol\u00edtica e vis\u00e3o de futuro. Com uni\u00e3o, di\u00e1logo e lideran\u00e7a, cresce a esperan\u00e7a de que a cidade volte a ter uma voz ativa na Assembleia Legislativa de Goi\u00e1s, abrindo caminho para mais investimentos, mais desenvolvimento e mais oportunidades para toda a popula\u00e7\u00e3o de Jata\u00ed e regi\u00e3o.<\/p>\n","protected":false},"excerpt":{"rendered":"<p>Jata\u00ed vive um momento considerado hist\u00f3rico na pol\u00edtica regional. Ap\u00f3s anos sem conseguir eleger um representante pr\u00f3prio para a Assembleia Legislativa de Goi\u00e1s, lideran\u00e7as locais come\u00e7aram a construir um movimento de uni\u00e3o para fortalecer uma candidatura \u00fanica de deputado estadual nas pr\u00f3ximas elei\u00e7\u00f5es. A articula\u00e7\u00e3o foi conduzida pelo prefeito Geneilton Assis, eleito em 2024 com &hellip;<\/p>\n","protected":false},"author":3,"featured_media":80989,"comment_status":"closed","ping_status":"open","sticky":false,"template":"","format":"standard","meta":{"_exactmetrics_skip_tracking":false,"_exactmetrics_sitenote_active":false,"_exactmetrics_sitenote_note":"","_exactmetrics_sitenote_category":0,"footnotes":""},"categories":[7,15,19,2],"tags":[],"_links":{"self":[{"href":"https:\/\/goiasemtempo.com.br\/home\/wp-json\/wp\/v2\/posts\/80988"}],"collection":[{"href":"https:\/\/goiasemtempo.com.br\/home\/wp-json\/wp\/v2\/posts"}],"about":[{"href":"https:\/\/goiasemtempo.com.br\/home\/wp-json\/wp\/v2\/types\/post"}],"author":[{"embeddable":true,"href":"https:\/\/goiasemtempo.com.br\/home\/wp-json\/wp\/v2\/users\/3"}],"replies":[{"embeddable":true,"href":"https:\/\/goiasemtempo.com.br\/home\/wp-json\/wp\/v2\/comments?post=80988"}],"version-history":[{"count":1,"href":"https:\/\/goiasemtempo.com.br\/home\/wp-json\/wp\/v2\/posts\/80988\/revisions"}],"predecessor-version":[{"id":80990,"href":"https:\/\/goiasemtempo.com.br\/home\/wp-json\/wp\/v2\/posts\/80988\/revisions\/80990"}],"wp:featuredmedia":[{"embeddable":true,"href":"https:\/\/goiasemtempo.com.br\/home\/wp-json\/wp\/v2\/media\/80989"}],"wp:attachment":[{"href":"https:\/\/goiasemtempo.com.br\/home\/wp-json\/wp\/v2\/media?parent=80988"}],"wp:term":[{"taxonomy":"category","embeddable":true,"href":"https:\/\/goiasemtempo.com.br\/home\/wp-json\/wp\/v2\/categories?post=80988"},{"taxonomy":"post_tag","embeddable":true,"href":"https:\/\/goiasemtempo.com.br\/home\/wp-json\/wp\/v2\/tags?post=80988"}],"curies":[{"name":"wp","href":"https:\/\/api.w.org\/{rel}","templated":true}]}}