{"id":80982,"date":"2026-03-04T19:47:26","date_gmt":"2026-03-04T19:47:26","guid":{"rendered":"https:\/\/goiasemtempo.com.br\/home\/?p=80982"},"modified":"2026-03-04T19:47:26","modified_gmt":"2026-03-04T19:47:26","slug":"nao-tem-carne-tio-e-morto-pelo-sobrinho-apos-briga-por-jantar-em-goias","status":"publish","type":"post","link":"https:\/\/goiasemtempo.com.br\/home\/nao-tem-carne-tio-e-morto-pelo-sobrinho-apos-briga-por-jantar-em-goias\/","title":{"rendered":"\u2018N\u00e3o tem carne?\u2019: tio \u00e9 morto pelo sobrinho ap\u00f3s briga por jantar em Goi\u00e1s"},"content":{"rendered":"<p>A falta de carne durante um jantar em fam\u00edlia foi o estopim para que uma\u00a0<a id=\"https:\/\/www.maisgoias.com.br\/cidades\/mulher-mata-o-proprio-irmao-apos-briga-para-defender-a-mae-em-rio-verde\/#google_vignette\" href=\"https:\/\/www.maisgoias.com.br\/cidades\/mulher-mata-o-proprio-irmao-apos-briga-para-defender-a-mae-em-rio-verde\/#google_vignette\" target=\"_blank\" rel=\"noreferrer noopener\" type=\"link\">briga entre tio e sobrinho<\/a>\u00a0em Goi\u00e1s acabasse em morte. O desentendimento, que rapidamente evoluiu para ataque com enxada e resposta a facadas, aconteceu na madrugada desta ter\u00e7a-feira (3\/3), no distrito de Santo Ant\u00f4nio do Rio Verde, em Catal\u00e3o. Adolescente de 15 anos foi apreendido ap\u00f3s atacar o tio, Paulo S\u00e9rgio Pereira da Silva, que teria questionado a falta de carne para a refei\u00e7\u00e3o. A v\u00edtima foi socorrida, mas morreu ap\u00f3s dar entrada na Santa Casa do munic\u00edpio.<\/p>\n<div id=\"inread1\" class=\"square-ad\" data-google-query-id=\"CNH-6-2Ah5MDFSKFYQYdmT4b-w\">\n<div id=\"google_ads_iframe_\/176290677\/maisgoias\/inread1_0__container__\"><\/div>\n<\/div>\n<p>De acordo com as informa\u00e7\u00f5es apuradas pela Pol\u00edcia Militar, o conflito teve in\u00edcio por volta de 1h da manh\u00e3. Paulo S\u00e9rgio, que havia ingerido bebidas alco\u00f3licas, teria iniciado uma discuss\u00e3o ao questionar o fato de a carne preparada para o jantar j\u00e1 ter sido consumida. A briga escalou rapidamente e a v\u00edtima, armada com uma enxada, teria atingido o sobrinho de 15 anos. Em rea\u00e7\u00e3o \u00e0 agress\u00e3o, o adolescente utilizou uma faca para desferir golpes contra o tio, atingindo-o principalmente no bra\u00e7o esquerdo e na regi\u00e3o do pesco\u00e7o.<\/p>\n<h2 id=\"h-obito-apos-resgate\" class=\"wp-block-heading\">\u00d3bito ap\u00f3s resgate<\/h2>\n<p>Segundo a corpora\u00e7\u00e3o, uma den\u00fancia an\u00f4nima informava que havia um homem ca\u00eddo na Rua Cl\u00f3vis Nogueira, apresentando diversas perfura\u00e7\u00f5es. A v\u00edtima foi encontrada e foi socorrida em estado grave por uma ambul\u00e2ncia, sendo levada ao pronto-socorro da Santa Casa de Catal\u00e3o. Embora a equipe m\u00e9dica tenha informado inicialmente que o quadro era est\u00e1vel, a gravidade das les\u00f5es levou a uma piora s\u00fabita. Por volta das 6h da manh\u00e3, a unidade de sa\u00fade confirmou o \u00f3bito da v\u00edtima.<\/p>\n<div id=\"inread2\" class=\"square-ad\" data-google-query-id=\"CLK8mfiAh5MDFYEKHgAdCD0lMw\">\n<div id=\"google_ads_iframe_\/176290677\/maisgoias\/inread2_0__container__\"><\/div>\n<\/div>\n<p>O adolescente foi localizado na resid\u00eancia da fam\u00edlia e\u00a0<a href=\"https:\/\/goias.gov.br\/policiamilitar\/\" target=\"_blank\" rel=\"noreferrer noopener\">apreendido pelos militares.<\/a>\u00a0Ele foi conduzido \u00e0 Central de Flagrantes de Catal\u00e3o, juntamente com a faca e a enxada utilizadas no confronto, para a realiza\u00e7\u00e3o dos procedimentos da per\u00edcia.<\/p>\n<p>O corpo de Paulo S\u00e9rgio foi encaminhado ao Instituto M\u00e9dico Legal (IML) para exames cadav\u00e9ricos. A Pol\u00edcia Civil j\u00e1 instaurou um procedimento para investigar o caso, que foi registrado como ato infracional an\u00e1logo ao crime de homic\u00eddio.<\/p>\n","protected":false},"excerpt":{"rendered":"<p>A falta de carne durante um jantar em fam\u00edlia foi o estopim para que uma\u00a0briga entre tio e sobrinho\u00a0em Goi\u00e1s acabasse em morte. O desentendimento, que rapidamente evoluiu para ataque com enxada e resposta a facadas, aconteceu na madrugada desta ter\u00e7a-feira (3\/3), no distrito de Santo Ant\u00f4nio do Rio Verde, em Catal\u00e3o. Adolescente de 15 &hellip;<\/p>\n","protected":false},"author":3,"featured_media":80983,"comment_status":"closed","ping_status":"open","sticky":false,"template":"","format":"standard","meta":{"_exactmetrics_skip_tracking":false,"_exactmetrics_sitenote_active":false,"_exactmetrics_sitenote_note":"","_exactmetrics_sitenote_category":0,"footnotes":""},"categories":[4],"tags":[],"_links":{"self":[{"href":"https:\/\/goiasemtempo.com.br\/home\/wp-json\/wp\/v2\/posts\/80982"}],"collection":[{"href":"https:\/\/goiasemtempo.com.br\/home\/wp-json\/wp\/v2\/posts"}],"about":[{"href":"https:\/\/goiasemtempo.com.br\/home\/wp-json\/wp\/v2\/types\/post"}],"author":[{"embeddable":true,"href":"https:\/\/goiasemtempo.com.br\/home\/wp-json\/wp\/v2\/users\/3"}],"replies":[{"embeddable":true,"href":"https:\/\/goiasemtempo.com.br\/home\/wp-json\/wp\/v2\/comments?post=80982"}],"version-history":[{"count":1,"href":"https:\/\/goiasemtempo.com.br\/home\/wp-json\/wp\/v2\/posts\/80982\/revisions"}],"predecessor-version":[{"id":80984,"href":"https:\/\/goiasemtempo.com.br\/home\/wp-json\/wp\/v2\/posts\/80982\/revisions\/80984"}],"wp:featuredmedia":[{"embeddable":true,"href":"https:\/\/goiasemtempo.com.br\/home\/wp-json\/wp\/v2\/media\/80983"}],"wp:attachment":[{"href":"https:\/\/goiasemtempo.com.br\/home\/wp-json\/wp\/v2\/media?parent=80982"}],"wp:term":[{"taxonomy":"category","embeddable":true,"href":"https:\/\/goiasemtempo.com.br\/home\/wp-json\/wp\/v2\/categories?post=80982"},{"taxonomy":"post_tag","embeddable":true,"href":"https:\/\/goiasemtempo.com.br\/home\/wp-json\/wp\/v2\/tags?post=80982"}],"curies":[{"name":"wp","href":"https:\/\/api.w.org\/{rel}","templated":true}]}}