{"id":80979,"date":"2026-03-04T19:32:58","date_gmt":"2026-03-04T19:32:58","guid":{"rendered":"https:\/\/goiasemtempo.com.br\/home\/?p=80979"},"modified":"2026-03-04T19:32:58","modified_gmt":"2026-03-04T19:32:58","slug":"dino-suspende-quebra-de-sigilo-de-lulinha-filho-do-presidente-lula","status":"publish","type":"post","link":"https:\/\/goiasemtempo.com.br\/home\/dino-suspende-quebra-de-sigilo-de-lulinha-filho-do-presidente-lula\/","title":{"rendered":"Dino suspende quebra de sigilo de Lulinha, filho do presidente Lula"},"content":{"rendered":"<p data-t=\"{&quot;n&quot;:&quot;blueLinks&quot;,&quot;t&quot;:13,&quot;a&quot;:&quot;click&quot;,&quot;b&quot;:76}\">O ministro\u00a0<a href=\"https:\/\/revistaforum.com.br\/tags\/flavio-dino\/\" target=\"_blank\" rel=\"noopener\" data-t=\"{&quot;n&quot;:&quot;destination&quot;,&quot;t&quot;:13,&quot;a&quot;:&quot;click&quot;,&quot;b&quot;:1,&quot;c.t&quot;:7}\"><strong>Fl\u00e1vio Dino<\/strong><\/a>, do\u00a0<a href=\"https:\/\/revistaforum.com.br\/tags\/supremo-tribunal-federal-stf\/\" target=\"_blank\" rel=\"noopener\" data-t=\"{&quot;n&quot;:&quot;destination&quot;,&quot;t&quot;:13,&quot;a&quot;:&quot;click&quot;,&quot;b&quot;:1,&quot;c.t&quot;:7}\">Supremo Tribunal Federal (STF)<\/a>, suspendeu a quebra de sigilo banc\u00e1rio e fiscal de\u00a0<a href=\"https:\/\/revistaforum.com.br\/tags\/fabio-luis-lula-da-silva\/\" target=\"_blank\" rel=\"noopener\" data-t=\"{&quot;n&quot;:&quot;destination&quot;,&quot;t&quot;:13,&quot;a&quot;:&quot;click&quot;,&quot;b&quot;:1,&quot;c.t&quot;:7}\"><strong>F\u00e1bio Lu\u00eds Lula da Silva<\/strong><\/a>, conhecido como\u00a0<strong>Lulinha<\/strong>, e de outros alvos atingidos por decis\u00e3o da\u00a0<a href=\"https:\/\/revistaforum.com.br\/tags\/cpmi\/\" target=\"_blank\" rel=\"noopener\" data-t=\"{&quot;n&quot;:&quot;destination&quot;,&quot;t&quot;:13,&quot;a&quot;:&quot;click&quot;,&quot;b&quot;:1,&quot;c.t&quot;:7}\">CPMI<\/a>\u00a0do\u00a0<strong>INSS<\/strong>. A medida havia sido aprovada em vota\u00e7\u00e3o realizada na quinta-feira (26\/2).<\/p>\n<p data-t=\"{&quot;n&quot;:&quot;blueLinks&quot;,&quot;t&quot;:13,&quot;a&quot;:&quot;click&quot;,&quot;b&quot;:76}\">A decis\u00e3o liminar foi proferida ap\u00f3s a empres\u00e1ria<a href=\"https:\/\/revistaforum.com.br\/tags\/roberta-luchsinger\/\" target=\"_blank\" rel=\"noopener\" data-t=\"{&quot;n&quot;:&quot;destination&quot;,&quot;t&quot;:13,&quot;a&quot;:&quot;click&quot;,&quot;b&quot;:1,&quot;c.t&quot;:7}\">\u00a0<strong>Roberta Luchsinger<\/strong><\/a>, tamb\u00e9m inclu\u00edda na lista de investigados, ingressar com mandado de seguran\u00e7a no Supremo pedindo a suspens\u00e3o da medida.<\/p>\n<p data-t=\"{&quot;n&quot;:&quot;blueLinks&quot;,&quot;t&quot;:13,&quot;a&quot;:&quot;click&quot;,&quot;b&quot;:76}\">Ao analisar o pedido, Dino escreveu: \u201cAnte o exposto, concedo em parte a medida liminar para suspender os efeitos do ato impugnado e o cumprimento dos of\u00edcios respectivos ou, subsidiariamente, caso j\u00e1 tenham sido encaminhadas informa\u00e7\u00f5es, determino o sobrestamento e a preserva\u00e7\u00e3o sob sigilo pela Presid\u00eancia do Senado Federal. N\u00e3o h\u00e1 obst\u00e1culo a eventual novo procedimento no \u00e2mbito da CPMI, desta feita com an\u00e1lise, debate, motiva\u00e7\u00e3o e delibera\u00e7\u00e3o de modo fundamentado e individualizado. A ado\u00e7\u00e3o desses passos e ritos deve ser devidamente registrada em ata, como atendimento do dever constitucional de motiva\u00e7\u00e3o\u201d.<\/p>\n<p class=\"continue-read-break\" data-t=\"{&quot;n&quot;:&quot;blueLinks&quot;,&quot;t&quot;:13,&quot;a&quot;:&quot;click&quot;,&quot;b&quot;:76}\">Na decis\u00e3o, o ministro ressaltou que os poderes de investiga\u00e7\u00e3o das CPIs e CPMIs n\u00e3o s\u00e3o ilimitados. Segundo ele, a prerrogativa concedida \u00e0s comiss\u00f5es parlamentares \u201cn\u00e3o admite a devassa indiscriminada \u00e0 vida privada dos cidad\u00e3os\u201d.<\/p>\n<p data-t=\"{&quot;n&quot;:&quot;blueLinks&quot;,&quot;t&quot;:13,&quot;a&quot;:&quot;click&quot;,&quot;b&quot;:76}\">\n","protected":false},"excerpt":{"rendered":"<p>O ministro\u00a0Fl\u00e1vio Dino, do\u00a0Supremo Tribunal Federal (STF), suspendeu a quebra de sigilo banc\u00e1rio e fiscal de\u00a0F\u00e1bio Lu\u00eds Lula da Silva, conhecido como\u00a0Lulinha, e de outros alvos atingidos por decis\u00e3o da\u00a0CPMI\u00a0do\u00a0INSS. A medida havia sido aprovada em vota\u00e7\u00e3o realizada na quinta-feira (26\/2). A decis\u00e3o liminar foi proferida ap\u00f3s a empres\u00e1ria\u00a0Roberta Luchsinger, tamb\u00e9m inclu\u00edda na lista de &hellip;<\/p>\n","protected":false},"author":3,"featured_media":80980,"comment_status":"closed","ping_status":"open","sticky":false,"template":"","format":"standard","meta":{"_exactmetrics_skip_tracking":false,"_exactmetrics_sitenote_active":false,"_exactmetrics_sitenote_note":"","_exactmetrics_sitenote_category":0,"footnotes":""},"categories":[6,2,4],"tags":[],"_links":{"self":[{"href":"https:\/\/goiasemtempo.com.br\/home\/wp-json\/wp\/v2\/posts\/80979"}],"collection":[{"href":"https:\/\/goiasemtempo.com.br\/home\/wp-json\/wp\/v2\/posts"}],"about":[{"href":"https:\/\/goiasemtempo.com.br\/home\/wp-json\/wp\/v2\/types\/post"}],"author":[{"embeddable":true,"href":"https:\/\/goiasemtempo.com.br\/home\/wp-json\/wp\/v2\/users\/3"}],"replies":[{"embeddable":true,"href":"https:\/\/goiasemtempo.com.br\/home\/wp-json\/wp\/v2\/comments?post=80979"}],"version-history":[{"count":1,"href":"https:\/\/goiasemtempo.com.br\/home\/wp-json\/wp\/v2\/posts\/80979\/revisions"}],"predecessor-version":[{"id":80981,"href":"https:\/\/goiasemtempo.com.br\/home\/wp-json\/wp\/v2\/posts\/80979\/revisions\/80981"}],"wp:featuredmedia":[{"embeddable":true,"href":"https:\/\/goiasemtempo.com.br\/home\/wp-json\/wp\/v2\/media\/80980"}],"wp:attachment":[{"href":"https:\/\/goiasemtempo.com.br\/home\/wp-json\/wp\/v2\/media?parent=80979"}],"wp:term":[{"taxonomy":"category","embeddable":true,"href":"https:\/\/goiasemtempo.com.br\/home\/wp-json\/wp\/v2\/categories?post=80979"},{"taxonomy":"post_tag","embeddable":true,"href":"https:\/\/goiasemtempo.com.br\/home\/wp-json\/wp\/v2\/tags?post=80979"}],"curies":[{"name":"wp","href":"https:\/\/api.w.org\/{rel}","templated":true}]}}