{"id":80964,"date":"2026-03-03T01:28:40","date_gmt":"2026-03-03T01:28:40","guid":{"rendered":"https:\/\/goiasemtempo.com.br\/home\/?p=80964"},"modified":"2026-03-03T01:28:40","modified_gmt":"2026-03-03T01:28:40","slug":"supermercados-podem-fechar-aos-domingos-a-partir-de-abril-em-goias","status":"publish","type":"post","link":"https:\/\/goiasemtempo.com.br\/home\/supermercados-podem-fechar-aos-domingos-a-partir-de-abril-em-goias\/","title":{"rendered":"Supermercados podem fechar aos domingos a partir de abril, em Goi\u00e1s"},"content":{"rendered":"<div id=\"chunk-db083\">\n<div class=\"mc-column content-text active-extra-styles \" data-block-type=\"unstyled\" data-block-weight=\"70\" data-block-id=\"3\">\n<p class=\" content-text__container \" data-track-category=\"Link no Texto\" data-track-links=\"\" data-mrf-recirculation=\"Mat\u00e9ria - Links no Texto\">Os supermercados de Goi\u00e1s podem passar a fechar aos domingos a partir de abril, dependendo do acordo que houver entre os estabelecimentos comerciais e os trabalhadores. Al\u00e9m da folga aos domingos, o sindicato que representa os funcion\u00e1rios pede a redu\u00e7\u00e3o da jornada semanal de 40 para 36 horas. A negocia\u00e7\u00e3o acontece em meio \u00e0s discuss\u00f5es no Congresso Nacional, em Bras\u00edlia, sobre o fim da escala 6&#215;1, em todo o pa\u00eds.<\/p>\n<\/div>\n<\/div>\n<div class=\"wall protected-content\">\n<div id=\"chunk-bnd54\">\n<div class=\"mc-column content-text active-extra-styles \" data-block-type=\"unstyled\" data-block-weight=\"63\" data-block-id=\"5\">\n<p class=\" content-text__container \" data-track-category=\"Link no Texto\" data-track-links=\"\" data-mrf-recirculation=\"Mat\u00e9ria - Links no Texto\">Em entrevista ao\u00a0<a class=\"\" href=\"https:\/\/g1.globo.com\/go\/goias\" data-mrf-link=\"https:\/\/g1.globo.com\/go\/goias\"><strong>g1<\/strong><\/a>, os representantes do Sindicato dos Empregados no Com\u00e9rcio Varejista de G\u00eaneros Aliment\u00edcios do Estado de Goi\u00e1s (Secom-GO) e Sindicato do Com\u00e9rcio Varejista de G\u00eaneros Aliment\u00edcios no Estado (Sincovaga-GO), que representa os patr\u00f5es, informaram que as negocia\u00e7\u00f5es est\u00e3o sendo realizadas neste m\u00eas para que a decis\u00e3o que for acordada passa valer a partir de 1\u00ba de abril, data-base da categoria<\/p>\n<\/div>\n<\/div>\n<div id=\"chunk-9bp45\">\n<div class=\"mc-column content-text active-extra-styles\" data-block-type=\"raw\" data-block-weight=\"11\" data-block-id=\"7\">\n<p>Para entrar em vigor, a proposta precisa seguir o seguinte tr\u00e2mite:<\/p>\n<\/div>\n<\/div>\n<div id=\"chunk-5p844\">\n<div class=\"mc-column content-text active-extra-styles\" data-block-type=\"raw\" data-block-weight=\"71\" data-block-id=\"9\">\n<ol class=\"content-ordered-list theme-ordered-list-color-primary\" data-mrf-recirculation=\"Mat\u00e9ria - Links no Texto\">\n<li><strong>Proposta<\/strong>: o sindicato que representa os trabalhadores envia uma minuta com os pedidos para o sindicato que representa as empresas;<\/li>\n<li><strong>Contraproposta<\/strong>: as empresas devolvem, em outro documento, chamado &#8220;contraminuta&#8221;, no qual est\u00e3o os pontos com os quais concorda;<\/li>\n<li><strong>Assinatura<\/strong>: Se houver consenso, o documento \u00e9 assinado e passa a valer a partir da data-base (abril). Se n\u00e3o houver, restar\u00e1 \u00e0 categoria apenas os acordos coletivos por empresa ou grupo de empresas.<\/li>\n<\/ol>\n<p>&nbsp;<\/p>\n<\/div>\n<\/div>\n<div id=\"chunk-9f75s\">\n<div class=\"mc-column content-text active-extra-styles \" data-block-type=\"unstyled\" data-block-weight=\"32\" data-block-id=\"10\">\n<p class=\" content-text__container \" data-track-category=\"Link no Texto\" data-track-links=\"\" data-mrf-recirculation=\"Mat\u00e9ria - Links no Texto\">Atualmente, os funcion\u00e1rios dos supermercados trabalham em uma jornada de oito horas di\u00e1rias, com uma folga semanal, cujo dia varia de acordo com a escala da empresa. Ou seja, trabalham 6&#215;1.<\/p>\n<\/div>\n<\/div>\n<div id=\"chunk-a8vtt\">\n<div class=\"mc-column content-text active-extra-styles \" data-block-type=\"unstyled\" data-block-weight=\"77\" data-block-id=\"11\">\n<p class=\" content-text__container \" data-track-category=\"Link no Texto\" data-track-links=\"\" data-mrf-recirculation=\"Mat\u00e9ria - Links no Texto\">Jos\u00e9 Nilton Carvalho, procurador jur\u00eddico do Secom-GO, explica a obrigatoriedade de folga aos domingos e a redu\u00e7\u00e3o de jornada semanal pode beneficiar cerca de 45 mil funcion\u00e1rios em todo o estado. Ele afirma que o sindicato pretende enviar a minuta com a proposta at\u00e9 a pr\u00f3xima sexta-feira (6). &#8220;Para que do dia 25 ao dia 30 de mar\u00e7o, as duas diretorias e os dois departamentos jur\u00eddicos (dos dois sindicatos) sentem, re\u00fanam-se e assinem uma conven\u00e7\u00e3o coletiva&#8221;, detalhou.<\/p>\n<\/div>\n<\/div>\n<div id=\"chunk-5eq9i\"><\/div>\n<div id=\"chunk-ca3h1\">\n<div class=\"cxm-block-video content-media mc-column \" data-block-type=\"backstage-video\" data-block-id=\"13\">\n<div class=\"cxm-block-video__container cxm-block-video__container--fallback \">\n<div class=\"cxm-block-video__caption-container\">\n<p class=\"codex-caption codex-caption--small\">O superintendente do Sincovaga-GO, Alessandro Jean Pereira de Faria, afirma que n\u00e3o pode adiantar como ser\u00e3o os votos dos quase 17 mil estabelecimentos comerciais associados em Goi\u00e1s, incluem supermercados, emp\u00f3rios e outros que vendem alimentos. Ele adianta, por\u00e9m, que extraoficialmente praticamente todos os empres\u00e1rios do setor s\u00e3o contr\u00e1rios \u00e0 mudan\u00e7a.<\/p>\n<\/div>\n<\/div>\n<\/div>\n<\/div>\n<div id=\"chunk-639n9\">\n<div class=\"mc-column content-text active-extra-styles\" data-block-type=\"raw\" data-block-weight=\"38\" data-block-id=\"15\">\n<p class=\"content-text__container\" data-mrf-recirculation=\"Mat\u00e9ria - Links no Texto\">\n<blockquote class=\"content-blockquote theme-border-color-primary-before\"><p>&#8220;A gente se preocupa muito com o consumidor porque ele \u00e9 o nosso alvo. A dona de casa trabalha de segunda a s\u00e1bado. Domingo \u00e9 quando ela faz a compra da semana, ela arruma a casa&#8230;&#8221;, afirmou.<\/p><\/blockquote>\n<p>&nbsp;<\/p>\n<\/div>\n<\/div>\n<div id=\"chunk-3e89t\">\n<div class=\"mc-column content-text active-extra-styles \" data-block-type=\"unstyled\" data-block-weight=\"23\" data-block-id=\"16\">\n<p class=\" content-text__container \" data-track-category=\"Link no Texto\" data-track-links=\"\" data-mrf-recirculation=\"Mat\u00e9ria - Links no Texto\">Jos\u00e9 Nilton, por outro lado, diz que o movimento do sindicato apenas refor\u00e7a uma discuss\u00e3o que est\u00e1 acontecendo em todo o pa\u00eds.<\/p>\n<\/div>\n<\/div>\n<div id=\"chunk-cac48\">\n<div class=\"content-ads\" data-block-type=\"ads\" data-block-id=\"17\"><\/div>\n<\/div>\n<div id=\"chunk-l9dj\">\n<div class=\"mc-column content-text active-extra-styles\" data-block-type=\"raw\" data-block-weight=\"27\" data-block-id=\"18\">\n<p class=\"content-text__container\" data-mrf-recirculation=\"Mat\u00e9ria - Links no Texto\">\n<blockquote class=\"content-blockquote theme-border-color-primary-before\"><p>&#8220;O Congresso Nacional est\u00e1 apaixonado em querer aprovar a redu\u00e7\u00e3o da jornada e o fim da escala 6&#215;1. \u00c9 fato p\u00fablico e not\u00f3rio. Todo mundo sabe&#8221;, afirmou.<\/p><\/blockquote>\n<p>&nbsp;<\/p>\n<\/div>\n<\/div>\n<div id=\"chunk-c5e52\">\n<div class=\"mc-column content-text active-extra-styles\" data-block-type=\"raw\" data-block-weight=\"7\" data-block-id=\"19\">\n<p class=\"content-text__container\" data-mrf-recirculation=\"Mat\u00e9ria - Links no Texto\">\n<div class=\"content-intertitle\">\n<h2><strong>Foco \u00e9 tamb\u00e9m atrair a gera\u00e7\u00e3o Z<\/strong><\/h2>\n<\/div>\n<p>&nbsp;<\/p>\n<\/div>\n<\/div>\n<div id=\"chunk-f6iri\">\n<div class=\"mc-column content-text active-extra-styles \" data-block-type=\"unstyled\" data-block-weight=\"68\" data-block-id=\"20\">\n<p class=\" content-text__container \" data-track-category=\"Link no Texto\" data-track-links=\"\" data-mrf-recirculation=\"Mat\u00e9ria - Links no Texto\">Outro motivo alegado pelo Secom-GO para propor a mudan\u00e7a \u00e9 o que o sindicato chama de &#8220;in\u00e9rcia&#8221; da m\u00e3o de obra jovem, principalmente a Gera\u00e7\u00e3o Z (pessoas que nasceram entre 1995 e 2009). Jos\u00e9 Nilton afirma que essa gera\u00e7\u00e3o &#8220;passa longe&#8221; do supermercado enquanto local de trabalho. S\u00f3 na Regi\u00e3o Metropolitana, h\u00e1, segundo ele, um d\u00e9ficit de 7 mil trabalhadores porque o setor n\u00e3o consegue preencher as vagas.<\/p>\n<\/div>\n<\/div>\n<div id=\"chunk-296qd\">\n<div class=\"mc-column content-text active-extra-styles\" data-block-type=\"raw\" data-block-weight=\"28\" data-block-id=\"21\">\n<p class=\"content-text__container\" data-mrf-recirculation=\"Mat\u00e9ria - Links no Texto\">\n<blockquote class=\"content-blockquote theme-border-color-primary-before\"><p>&#8220;Com a redu\u00e7\u00e3o para 6 horas e com fechamento aos domingos, n\u00f3s vamos atrair (essa gera\u00e7\u00e3o)&#8230; n\u00f3s queremos contratar n\u00e3o 7 mil, mas 12 mil no estado&#8221;, afirmou.<\/p><\/blockquote>\n<p>&nbsp;<\/p>\n<\/div>\n<\/div>\n<div id=\"chunk-d6s6j\">\n<div class=\"mc-column content-text active-extra-styles \" data-block-type=\"unstyled\" data-block-weight=\"20\" data-block-id=\"22\">\n<p class=\" content-text__container \" data-track-category=\"Link no Texto\" data-track-links=\"\" data-mrf-recirculation=\"Mat\u00e9ria - Links no Texto\">Alessandro Jean, por sua vez, diz que n\u00e3o h\u00e1 reclama\u00e7\u00f5es por parte dos empres\u00e1rios que corroborem esse suposto quadro.<\/p>\n<\/div>\n<\/div>\n<div id=\"chunk-64kfv\">\n<div class=\"mc-column content-text active-extra-styles\" data-block-type=\"raw\" data-block-weight=\"41\" data-block-id=\"23\">\n<p class=\"content-text__container\" data-mrf-recirculation=\"Mat\u00e9ria - Links no Texto\">\n<blockquote class=\"content-blockquote theme-border-color-primary-before\"><p>&#8220;Essa diferencia\u00e7\u00e3o de hor\u00e1rio existe h\u00e1 muito tempo em todos os segmentos. Ent\u00e3o, afirmar que na nossa categoria falte m\u00e3o de obra (por causa disso) \u00e9 a mesma coisa que falar que falta m\u00e3o de obra para trabalhar nos shoppings&#8221;, argumentou.<\/p><\/blockquote>\n<p>&nbsp;<\/p>\n<\/div>\n<\/div>\n<div id=\"chunk-cgnau\">\n<div class=\"mc-column content-text active-extra-styles \" data-block-type=\"unstyled\" data-block-weight=\"46\" data-block-id=\"24\">\n<p class=\" content-text__container \" data-track-category=\"Link no Texto\" data-track-links=\"\" data-mrf-recirculation=\"Mat\u00e9ria - Links no Texto\">Caso os dois sindicatos entrem em um consenso at\u00e9 o dia 30 de mar\u00e7o, o fechamento aos domingos deve come\u00e7ar a valer no dia 10 de abril. Jos\u00e9 Nilton explica que o prazo de dez dias \u00e9 para que as empresas ajustem as suas escalas.<\/p>\n<\/div>\n<\/div>\n<div id=\"chunk-42dl8\">\n<div class=\"content-ads\" data-block-type=\"ads\" data-block-id=\"25\"><\/div>\n<\/div>\n<div id=\"chunk-8oqnk\">\n<div class=\"mc-column content-text active-extra-styles \" data-block-type=\"unstyled\" data-block-weight=\"53\" data-block-id=\"26\">\n<p class=\" content-text__container \" data-track-category=\"Link no Texto\" data-track-links=\"\" data-mrf-recirculation=\"Mat\u00e9ria - Links no Texto\">Se n\u00e3o houver consenso, o caminho deve ser mais complicado e mais lento para a proposta ser aprovada, de acordo com Jos\u00e9 Nilton. &#8220;N\u00f3 estamos fazendo de tudo para que a assembleia das empresas aprove essa minuta. Caso contr\u00e1rio, n\u00f3s vamos ter que ir atrav\u00e9s dos acordos coletivos, que \u00e9 mais trabalhoso&#8221;, detalhou.<\/p>\n<\/div>\n<\/div>\n<\/div>\n","protected":false},"excerpt":{"rendered":"<p>Os supermercados de Goi\u00e1s podem passar a fechar aos domingos a partir de abril, dependendo do acordo que houver entre os estabelecimentos comerciais e os trabalhadores. Al\u00e9m da folga aos domingos, o sindicato que representa os funcion\u00e1rios pede a redu\u00e7\u00e3o da jornada semanal de 40 para 36 horas. A negocia\u00e7\u00e3o acontece em meio \u00e0s discuss\u00f5es &hellip;<\/p>\n","protected":false},"author":3,"featured_media":80965,"comment_status":"closed","ping_status":"open","sticky":false,"template":"","format":"standard","meta":{"_exactmetrics_skip_tracking":false,"_exactmetrics_sitenote_active":false,"_exactmetrics_sitenote_note":"","_exactmetrics_sitenote_category":0,"footnotes":""},"categories":[17,15,19],"tags":[],"_links":{"self":[{"href":"https:\/\/goiasemtempo.com.br\/home\/wp-json\/wp\/v2\/posts\/80964"}],"collection":[{"href":"https:\/\/goiasemtempo.com.br\/home\/wp-json\/wp\/v2\/posts"}],"about":[{"href":"https:\/\/goiasemtempo.com.br\/home\/wp-json\/wp\/v2\/types\/post"}],"author":[{"embeddable":true,"href":"https:\/\/goiasemtempo.com.br\/home\/wp-json\/wp\/v2\/users\/3"}],"replies":[{"embeddable":true,"href":"https:\/\/goiasemtempo.com.br\/home\/wp-json\/wp\/v2\/comments?post=80964"}],"version-history":[{"count":1,"href":"https:\/\/goiasemtempo.com.br\/home\/wp-json\/wp\/v2\/posts\/80964\/revisions"}],"predecessor-version":[{"id":80966,"href":"https:\/\/goiasemtempo.com.br\/home\/wp-json\/wp\/v2\/posts\/80964\/revisions\/80966"}],"wp:featuredmedia":[{"embeddable":true,"href":"https:\/\/goiasemtempo.com.br\/home\/wp-json\/wp\/v2\/media\/80965"}],"wp:attachment":[{"href":"https:\/\/goiasemtempo.com.br\/home\/wp-json\/wp\/v2\/media?parent=80964"}],"wp:term":[{"taxonomy":"category","embeddable":true,"href":"https:\/\/goiasemtempo.com.br\/home\/wp-json\/wp\/v2\/categories?post=80964"},{"taxonomy":"post_tag","embeddable":true,"href":"https:\/\/goiasemtempo.com.br\/home\/wp-json\/wp\/v2\/tags?post=80964"}],"curies":[{"name":"wp","href":"https:\/\/api.w.org\/{rel}","templated":true}]}}