{"id":80632,"date":"2026-01-19T22:04:45","date_gmt":"2026-01-19T22:04:45","guid":{"rendered":"https:\/\/goiasemtempo.com.br\/home\/?p=80632"},"modified":"2026-01-19T22:04:45","modified_gmt":"2026-01-19T22:04:45","slug":"tecnicos-de-hospital-no-df-sao-presos-por-aplicar-detergente-na-veia-e-matar-pacientes","status":"publish","type":"post","link":"https:\/\/goiasemtempo.com.br\/home\/tecnicos-de-hospital-no-df-sao-presos-por-aplicar-detergente-na-veia-e-matar-pacientes\/","title":{"rendered":"T\u00e9cnicos de hospital no DF s\u00e3o presos por aplicar detergente na veia e matar pacientes"},"content":{"rendered":"<p>Tr\u00eas t\u00e9cnicos de enfermagem, de 22, 24 e 28 anos, foram presos suspeitos de praticar homic\u00eddios em s\u00e9rie contra pacientes do Hospital Anchieta, em Taguatinga, no Distrito Federal. Os crimes, conforme a Pol\u00edcia Civil (PC), foram praticados em novembro e dezembro de 2025. Em nota divulgada \u00e0 imprensa, o hospital informou que denunciou o caso (<em>veja nota completa abaixo<\/em>).<\/p>\n<div id=\"inread1\" class=\"square-ad\" data-google-query-id=\"CMK1iKjNmJIDFe5V3QIdGdAwZg\"><\/div>\n<p>At\u00e9 o momento, a corpora\u00e7\u00e3o identificou tr\u00eas v\u00edtimas: uma professora aposentada, de 75 anos, moradora de Taguatinga; um servidor p\u00fablico, de 63 anos, que residia no Riacho Fundo I; e um servidor p\u00fablico, de 33 anos, natural de Brazl\u00e2ndia.<\/p>\n<p>Segundo a corpora\u00e7\u00e3o, os suspeitos provocaram a morte dos pacientes por meio da aplica\u00e7\u00e3o indevida de detergente l\u00edquido e de um composto qu\u00edmico diretamente na veia. A subst\u00e2ncia, quando administrada de forma incorreta, pode causar parada card\u00edaca, matando sem deixar rastros. A primeira fase da opera\u00e7\u00e3o foi deflagrada na manh\u00e3 de 11 de janeiro, com apoio do Departamento de Pol\u00edcia Especializada (DPE).<\/p>\n<div id=\"inread2\" class=\"square-ad\" data-google-query-id=\"CJmH46jNmJIDFb1c3QIdfKEWWw\">\n<div id=\"google_ads_iframe_\/176290677\/maisgoias\/inread2_0__container__\"><\/div>\n<\/div>\n<p>Na ocasi\u00e3o, dois investigados foram presos temporariamente por ordem judicial. Tamb\u00e9m foram cumpridos mandados de busca e apreens\u00e3o em endere\u00e7os localizados em Taguatinga, Brazl\u00e2ndia e \u00c1guas Lindas, no Entorno do Distrito Federal. No \u00faltimo dia 16, a pol\u00edcia voltou \u00e0s ruas em nova ofensiva contra os investigados.<\/p>\n<p>Durante as dilig\u00eancias, os policiais recolheram materiais considerados relevantes para a apura\u00e7\u00e3o, que passaram a ser analisados pelos investigadores. A pol\u00edcia busca esclarecer a din\u00e2mica das mortes, o papel de cada suspeito e se houve participa\u00e7\u00e3o de outras pessoas.<\/p>\n<h3 id=\"h-tecnico-era-lider-do-grupo-nbsp\" class=\"wp-block-heading\">T\u00e9cnico era l\u00edder do grupo<\/h3>\n<p>As apura\u00e7\u00f5es, que correm sob sigilo, apontam que o grupo agia de forma coordenada dentro da rotina hospitalar. De acordo com\u00a0 PC, um dos t\u00e9cnicos, de 24 anos, utilizou indevidamente o sistema eletr\u00f4nico do hospital que estava aberto em nome de um m\u00e9dico para prescrever um medicamento incompat\u00edvel com o quadro cl\u00ednico das v\u00edtimas.<\/p>\n<div id=\"inread3\" class=\"square-ad\" data-google-query-id=\"CPTTw67NmJIDFdtM3QIdfisScg\">\n<div id=\"google_ads_iframe_\/176290677\/maisgoias\/inread3_0__container__\"><\/div>\n<\/div>\n<p>Em seguida, ele retirava o rem\u00e9dio na farm\u00e1cia da unidade e o aplicava diretamente nos pacientes, sem qualquer autoriza\u00e7\u00e3o ou ci\u00eancia da equipe m\u00e9dica respons\u00e1vel. Duas dessas aplica\u00e7\u00f5es ocorreram em 17 de novembro do ano passado, e a terceira ocorreu em 1\u00ba de dezembro. Al\u00e9m desse medicamento, o t\u00e9cnico aplicou desinfetante dez vezes na paciente de 75 anos, com uma seringa, apontaram as investiga\u00e7\u00f5es.<\/p>\n<p>Segundo a Pol\u00edcia Civil, as aplica\u00e7\u00f5es foram feitas no mesmo dia, ap\u00f3s a paciente ter v\u00e1rias paradas card\u00edacas. A subst\u00e2ncia n\u00e3o possui qualquer indica\u00e7\u00e3o para uso intravenoso e pode causar danos graves e imediatos. A fim disfar\u00e7ar a autoria do crime, o t\u00e9cnico de enfermagem fazia massagem card\u00edaca nos pacientes para tentar reanim\u00e1-los.<\/p>\n<p>Os investigadores tiveram acesso \u00e0s imagens das c\u00e2meras de seguran\u00e7a instaladas na Unidade de Terapia Intensiva (UTI), que registraram a movimenta\u00e7\u00e3o dos suspeitos no interior da unidade. As grava\u00e7\u00f5es mostraram a presen\u00e7a dos t\u00e9cnicos junto aos leitos das v\u00edtimas nos hor\u00e1rios compat\u00edveis com os procedimentos irregulares.<\/p>\n<div id=\"inread4\" class=\"square-ad\" data-google-query-id=\"CJO_k6_NmJIDFXZK3QId9z4AQA\">\n<div id=\"google_ads_iframe_\/176290677\/maisgoias\/inread4_0__container__\"><\/div>\n<\/div>\n<p>Inicialmente, os tr\u00eas ex-t\u00e9cnicos negaram qualquer participa\u00e7\u00e3o nos crimes. No entanto, ap\u00f3s serem confrontados com as imagens e outros elementos colhidos durante a investiga\u00e7\u00e3o, acabaram confessando o envolvimento.<\/p>\n<p>Segundo a Pol\u00edcia Civil, o homem de 24 anos foi o respons\u00e1vel direto pela aplica\u00e7\u00e3o dos medicamentos, enquanto as duas mulheres, de 22 e 28 anos, teriam auxiliado em pelo menos dois dos epis\u00f3dios, dando suporte log\u00edstico ou facilitando o acesso aos pacientes.<\/p>\n<p><strong>Confira nota na \u00edntegra do Hospital Anchieta:<\/strong><\/p>\n<p><em>\u201cO Hospital Anchieta S.A., refer\u00eancia em cuidados de sa\u00fade em Bras\u00edlia\/DF h\u00e1 30 anos, vem a p\u00fablico esclarecer as provid\u00eancias adotadas diante de fatos graves envolvendo ex-funcion\u00e1rios da institui\u00e7\u00e3o.<\/em><\/p>\n<p><em>Ao identificar circunst\u00e2ncias at\u00edpicas relacionadas a tr\u00eas \u00f3bitos ocorridos em sua Unidade de Terapia Intensiva, o Hospital instaurou, por iniciativa pr\u00f3pria, em cumprimento ao seu dever civil, \u00e9tico e ao seu compromisso com a transpar\u00eancia, comit\u00ea interno de an\u00e1lise e conduziu investiga\u00e7\u00e3o c\u00e9lere e rigorosa, que em menos de vinte dias resultou na identifica\u00e7\u00e3o de evid\u00eancias envolvendo ex-t\u00e9cnicos de enfermagem, as quais foram formalmente encaminhadas \u00e0s autoridades competentes.<\/em><\/p>\n<p><em>Com base nessas evid\u00eancias, fruto da investiga\u00e7\u00e3o interna realizada pela institui\u00e7\u00e3o, o pr\u00f3prio Hospital requereu a instaura\u00e7\u00e3o de inqu\u00e9rito policial, bem como a ado\u00e7\u00e3o das medidas cautelares cab\u00edveis, inclusive a pris\u00e3o cautelar dos envolvidos os quais j\u00e1 haviam sido desligados da Institui\u00e7\u00e3o, pris\u00f5es as quais foram cumpridas pelas autoridades nos dias 12 e 15 de janeiro de 2026.<\/em><\/p>\n<p><em>Pautado pela transpar\u00eancia de seus processos e pela confian\u00e7a nos protocolos internos que norteiam sua atua\u00e7\u00e3o, o Hospital entrou em contato com as fam\u00edlias envolvidas, prestando todos os esclarecimentos necess\u00e1rios de forma respons\u00e1vel e acolhedora. Reitera, ainda, que o caso tramita em segredo de justi\u00e7a, o que impossibilita a divulga\u00e7\u00e3o de informa\u00e7\u00f5es adicionais bem como a identifica\u00e7\u00e3o das partes envolvidas.<\/em><\/p>\n<p><em>O hospital entende que o segredo de justi\u00e7a \u00e9 imprescind\u00edvel \u00e0 preserva\u00e7\u00e3o da apura\u00e7\u00e3o, \u00e0 prote\u00e7\u00e3o das partes envolvidas e ao regular exerc\u00edcio das atribui\u00e7\u00f5es das autoridades competentes, o qual deve ser estritamente observado de acordo com os limites impostos pela decis\u00e3o judicial.<\/em><\/p>\n<p><em>O Hospital, enquanto tamb\u00e9m v\u00edtima da a\u00e7\u00e3o destes ex-funcion\u00e1rios, solidariza-se com os familiares das v\u00edtimas, e informa que est\u00e1 colaborando de forma irrestrita e incondicional com as autoridades p\u00fablicas, reafirmando seu compromisso permanente com a seguran\u00e7a dos pacientes, com a verdade e a justi\u00e7a\u201d.<\/em><\/p>\n","protected":false},"excerpt":{"rendered":"<p>Tr\u00eas t\u00e9cnicos de enfermagem, de 22, 24 e 28 anos, foram presos suspeitos de praticar homic\u00eddios em s\u00e9rie contra pacientes do Hospital Anchieta, em Taguatinga, no Distrito Federal. Os crimes, conforme a Pol\u00edcia Civil (PC), foram praticados em novembro e dezembro de 2025. Em nota divulgada \u00e0 imprensa, o hospital informou que denunciou o caso &hellip;<\/p>\n","protected":false},"author":3,"featured_media":80633,"comment_status":"closed","ping_status":"open","sticky":false,"template":"","format":"standard","meta":{"footnotes":""},"categories":[489,26,19,16],"tags":[],"class_list":["post-80632","post","type-post","status-publish","format-standard","has-post-thumbnail","hentry","category-crime","category-justica","category-manchete","category-saude"],"_links":{"self":[{"href":"https:\/\/goiasemtempo.com.br\/home\/wp-json\/wp\/v2\/posts\/80632","targetHints":{"allow":["GET"]}}],"collection":[{"href":"https:\/\/goiasemtempo.com.br\/home\/wp-json\/wp\/v2\/posts"}],"about":[{"href":"https:\/\/goiasemtempo.com.br\/home\/wp-json\/wp\/v2\/types\/post"}],"author":[{"embeddable":true,"href":"https:\/\/goiasemtempo.com.br\/home\/wp-json\/wp\/v2\/users\/3"}],"replies":[{"embeddable":true,"href":"https:\/\/goiasemtempo.com.br\/home\/wp-json\/wp\/v2\/comments?post=80632"}],"version-history":[{"count":1,"href":"https:\/\/goiasemtempo.com.br\/home\/wp-json\/wp\/v2\/posts\/80632\/revisions"}],"predecessor-version":[{"id":80634,"href":"https:\/\/goiasemtempo.com.br\/home\/wp-json\/wp\/v2\/posts\/80632\/revisions\/80634"}],"wp:featuredmedia":[{"embeddable":true,"href":"https:\/\/goiasemtempo.com.br\/home\/wp-json\/wp\/v2\/media\/80633"}],"wp:attachment":[{"href":"https:\/\/goiasemtempo.com.br\/home\/wp-json\/wp\/v2\/media?parent=80632"}],"wp:term":[{"taxonomy":"category","embeddable":true,"href":"https:\/\/goiasemtempo.com.br\/home\/wp-json\/wp\/v2\/categories?post=80632"},{"taxonomy":"post_tag","embeddable":true,"href":"https:\/\/goiasemtempo.com.br\/home\/wp-json\/wp\/v2\/tags?post=80632"}],"curies":[{"name":"wp","href":"https:\/\/api.w.org\/{rel}","templated":true}]}}