{"id":80606,"date":"2026-01-15T23:05:59","date_gmt":"2026-01-15T23:05:59","guid":{"rendered":"https:\/\/goiasemtempo.com.br\/home\/?p=80606"},"modified":"2026-01-15T23:05:59","modified_gmt":"2026-01-15T23:05:59","slug":"documentario-goiano-utiliza-inteligencia-artificial-para-recriar-memorias-da-musica-sertaneja-e-emociona-publico-na-pre-estreia","status":"publish","type":"post","link":"https:\/\/goiasemtempo.com.br\/home\/documentario-goiano-utiliza-inteligencia-artificial-para-recriar-memorias-da-musica-sertaneja-e-emociona-publico-na-pre-estreia\/","title":{"rendered":"Document\u00e1rio goiano utiliza Intelig\u00eancia Artificial para recriar mem\u00f3rias da m\u00fasica sertaneja e emociona p\u00fablico na pr\u00e9-estreia"},"content":{"rendered":"<p>O audiovisual goiano ganha um novo e inovador cap\u00edtulo com o document\u00e1rio de curta-metragem Jo\u00e3o Veloso na Beira da Mata , que aposta no uso da Intelig\u00eancia Artificial como ferramenta narrativa para preservar a mem\u00f3ria cultural da m\u00fasica sertaneja. Idealizada pelas jornalistas e documentaristas Mariley Carneiro e Norma Leitte, a obra reconstr\u00f3i, com sensibilidade e fidelidade hist\u00f3rica, a trajet\u00f3ria de Jo\u00e3o Veloso, comunicador que marcou gera\u00e7\u00f5es no r\u00e1dio e na televis\u00e3o em Goi\u00e1s.<\/p>\n<p>A pr\u00e9-estreia do document\u00e1rio foi realizada no Espa\u00e7o Cultural Layanne Figueiredo e reuniu dezenas de convidados. Entre os presentes estavam familiares do homenageado, incluindo seus filhos, entrevistados do filme, radialistas das antigas ondas do r\u00e1dio, companheiros de longa data, m\u00fasicos, amigos e a equipe t\u00e9cnica da produ\u00e7\u00e3o.<\/p>\n<p>A narrativa conduz o espectador \u00e0 inf\u00e2ncia do comunicador, quando Jo\u00e3o formou, ao lado do irm\u00e3o Velosinho, uma dupla sertaneja que chegou a conquistar reconhecimento nacional. A promissora trajet\u00f3ria foi interrompida de forma tr\u00e1gica com a morte precoce de Velosinho, v\u00edtima de um infarto fulminante ainda na juventude, epis\u00f3dio que marcou profundamente a vida e a carreira de Jo\u00e3o Veloso.<br \/>\nDiante da escassez de registros audiovisuais desse per\u00edodo, a produ\u00e7\u00e3o recorreu \u00e0 Intelig\u00eancia Artificial para recriar cen\u00e1rios, situa\u00e7\u00f5es e atmosferas da \u00e9poca, al\u00e9m de dar movimento e express\u00e3o a fotografias antigas. O recurso tecnol\u00f3gico, utilizado com cuidado est\u00e9tico e rigor hist\u00f3rico, provocou forte emo\u00e7\u00e3o no p\u00fablico ao transformar imagens est\u00e1ticas em fragmentos vivos da mem\u00f3ria.<\/p>\n<p>Mais do que um efeito visual, a Intelig\u00eancia Artificial foi empregada como ferramenta cultural, respeitando a narrativa hist\u00f3rica e a identidade da m\u00fasica sertaneja e de seus personagens. A tecnologia permitiu estabelecer um di\u00e1logo entre passado e presente, ampliando a experi\u00eancia do espectador e valorizando uma hist\u00f3ria constru\u00edda ao longo de d\u00e9cadas.<\/p>\n<p>Al\u00e9m da exibi\u00e7\u00e3o especial de pr\u00e9-estreia, o projeto \u2014 contemplado pela Lei de Incentivo \u00e0 Cultura da Prefeitura de Goi\u00e2nia \u2014 tamb\u00e9m cumpriu um importante compromisso social. O document\u00e1rio foi exibido na Institui\u00e7\u00e3o de Longa Perman\u00eancia para Idosos (ILPI) S\u00e3o Vicente de Paulo de Goi\u00e2nia, como parte da proposta de levar cultura a espa\u00e7os sociais de forma acess\u00edvel e totalmente gratuita. A iniciativa foi recebida com entusiasmo pela diretoria da institui\u00e7\u00e3o.<\/p>\n<p>A sess\u00e3o na Institui\u00e7\u00e3o proporcionou uma tarde marcada por emo\u00e7\u00e3o, aprendizado e descontra\u00e7\u00e3o, reunindo colaboradores e internos em um encontro dedicado \u00e0 cultura goiana e \u00e0 m\u00fasica sertaneja de raiz, pano de fundo da obra. Ap\u00f3s a exibi\u00e7\u00e3o, os participantes compartilharam impress\u00f5es e lembran\u00e7as despertadas pelo filme. Alguns internos, inclusive, emocionaram o p\u00fablico ao apresentar m\u00fasicas e declamar poemas, transformando o momento em uma celebra\u00e7\u00e3o coletiva da mem\u00f3ria e da arte.<\/p>\n<p>O encerramento aconteceu com um lanche da tarde, fortalecendo o clima de confraterniza\u00e7\u00e3o entre realizadores, colaboradores e moradores da institui\u00e7\u00e3o.<br \/>\nAo unir inova\u00e7\u00e3o tecnol\u00f3gica, preserva\u00e7\u00e3o da mem\u00f3ria cultural e compromisso social, Jo\u00e3o Veloso na Beira da Mata se consolida como um exemplo de como o audiovisual pode dialogar com a tradi\u00e7\u00e3o, ampliar seu alcance e contribuir para o fortalecimento do patrim\u00f4nio imaterial e do cen\u00e1rio cultural de Goi\u00e1s.<\/p>\n<p><strong>A equipe t\u00e9cnica do document\u00e1rio \u00e9 formada por:<\/strong><\/p>\n<p><strong>\u2022 Dire\u00e7\u00e3o: Mariley Carneiro<\/strong><br \/>\n<strong>\u2022 Roteiro e produ\u00e7\u00e3o: Norma Leitte<\/strong><br \/>\n<strong>\u2022 Pesquisa: Maisa Brun<\/strong><br \/>\n<strong>\u2022 Produ\u00e7\u00e3o Executiva: Fabrinny Paulino<\/strong><br \/>\n<strong>\u2022 Produ\u00e7\u00e3o: Ednair Barros<\/strong><br \/>\n<strong>\u2022 Assistente de Produ\u00e7\u00e3o: Raysa Ferrari<\/strong><br \/>\n<strong>\u2022 Assistente de Dire\u00e7\u00e3o: Luma Brum<\/strong><br \/>\n<strong>\u2022 Dire\u00e7\u00e3o de Imagens: Jonas Guedes<\/strong><br \/>\n<strong>\u2022 Edi\u00e7\u00e3o e Finaliza\u00e7\u00e3o: C\u00e9lio Silveira<\/strong><\/p>\n<p><img decoding=\"async\" src=\"https:\/\/goiasemtempo.com.br\/home\/wp-content\/uploads\/2026\/01\/documentario-ia-1.jpg\" \/><\/p>\n<p><img decoding=\"async\" src=\"https:\/\/goiasemtempo.com.br\/home\/wp-content\/uploads\/2026\/01\/documentario-ia-2.jpg\" \/><\/p>\n<p><img decoding=\"async\" src=\"https:\/\/goiasemtempo.com.br\/home\/wp-content\/uploads\/2026\/01\/documentario-ia-3-joao-veloso.jpg\" \/><\/p>\n<p>&nbsp;<\/p>\n","protected":false},"excerpt":{"rendered":"<p>O audiovisual goiano ganha um novo e inovador cap\u00edtulo com o document\u00e1rio de curta-metragem Jo\u00e3o Veloso na Beira da Mata , que aposta no uso da Intelig\u00eancia Artificial como ferramenta narrativa para preservar a mem\u00f3ria cultural da m\u00fasica sertaneja. Idealizada pelas jornalistas e documentaristas Mariley Carneiro e Norma Leitte, a obra reconstr\u00f3i, com sensibilidade e &hellip;<\/p>\n","protected":false},"author":3,"featured_media":80609,"comment_status":"closed","ping_status":"open","sticky":false,"template":"","format":"standard","meta":{"_exactmetrics_skip_tracking":false,"_exactmetrics_sitenote_active":false,"_exactmetrics_sitenote_note":"","_exactmetrics_sitenote_category":0,"footnotes":""},"categories":[491,41,32,540],"tags":[],"_links":{"self":[{"href":"https:\/\/goiasemtempo.com.br\/home\/wp-json\/wp\/v2\/posts\/80606"}],"collection":[{"href":"https:\/\/goiasemtempo.com.br\/home\/wp-json\/wp\/v2\/posts"}],"about":[{"href":"https:\/\/goiasemtempo.com.br\/home\/wp-json\/wp\/v2\/types\/post"}],"author":[{"embeddable":true,"href":"https:\/\/goiasemtempo.com.br\/home\/wp-json\/wp\/v2\/users\/3"}],"replies":[{"embeddable":true,"href":"https:\/\/goiasemtempo.com.br\/home\/wp-json\/wp\/v2\/comments?post=80606"}],"version-history":[{"count":1,"href":"https:\/\/goiasemtempo.com.br\/home\/wp-json\/wp\/v2\/posts\/80606\/revisions"}],"predecessor-version":[{"id":80610,"href":"https:\/\/goiasemtempo.com.br\/home\/wp-json\/wp\/v2\/posts\/80606\/revisions\/80610"}],"wp:featuredmedia":[{"embeddable":true,"href":"https:\/\/goiasemtempo.com.br\/home\/wp-json\/wp\/v2\/media\/80609"}],"wp:attachment":[{"href":"https:\/\/goiasemtempo.com.br\/home\/wp-json\/wp\/v2\/media?parent=80606"}],"wp:term":[{"taxonomy":"category","embeddable":true,"href":"https:\/\/goiasemtempo.com.br\/home\/wp-json\/wp\/v2\/categories?post=80606"},{"taxonomy":"post_tag","embeddable":true,"href":"https:\/\/goiasemtempo.com.br\/home\/wp-json\/wp\/v2\/tags?post=80606"}],"curies":[{"name":"wp","href":"https:\/\/api.w.org\/{rel}","templated":true}]}}