{"id":80589,"date":"2026-01-13T14:02:32","date_gmt":"2026-01-13T14:02:32","guid":{"rendered":"https:\/\/goiasemtempo.com.br\/home\/?p=80589"},"modified":"2026-01-13T14:02:32","modified_gmt":"2026-01-13T14:02:32","slug":"homem-morre-apos-manter-jovem-de-16-anos-refem-em-goias","status":"publish","type":"post","link":"https:\/\/goiasemtempo.com.br\/home\/homem-morre-apos-manter-jovem-de-16-anos-refem-em-goias\/","title":{"rendered":"Homem morre ap\u00f3s manter jovem de 16 anos ref\u00e9m em Goi\u00e1s"},"content":{"rendered":"<div id=\"chunk-9hio9\">\n<div class=\"mc-column content-text active-extra-styles \" data-block-type=\"unstyled\" data-block-weight=\"58\" data-block-id=\"3\">\n<p class=\" content-text__container \" data-track-category=\"Link no Texto\" data-track-links=\"\" data-mrf-recirculation=\"Mat\u00e9ria - Links no Texto\">Um homem morreu ap\u00f3s manter ref\u00e9m uma adolescente de 16 anos em\u00a0<a class=\"\" href=\"https:\/\/g1.globo.com\/go\/goias\/cidade\/senador-canedo\/\" data-mrf-link=\"https:\/\/g1.globo.com\/go\/goias\/cidade\/senador-canedo\/\">Senador Canedo<\/a>, na Regi\u00e3o Metropolitana de Goi\u00e2nia. Ele foi atingido por disparos de policiais militares que foram chamados, ap\u00f3s mais de 20 minutos de negocia\u00e7\u00e3o, de acordo com o comandante do 27\u00ba Batalh\u00e3o, tenente-coronel Rog\u00e9rio Virg\u00edlio. Imagens da a\u00e7\u00e3o foram divulgadas pela Pol\u00edcia Militar (<strong><em>veja acima<\/em><\/strong>).<\/p>\n<\/div>\n<\/div>\n<div class=\"wall protected-content\">\n<div id=\"chunk-1rh71\">\n<div class=\"mc-column content-text active-extra-styles \" data-block-type=\"unstyled\" data-block-weight=\"67\" data-block-id=\"5\">\n<p class=\" content-text__container \" data-track-category=\"Link no Texto\" data-track-links=\"\" data-mrf-recirculation=\"Mat\u00e9ria - Links no Texto\">Em entrevista ao\u00a0<a class=\"\" href=\"https:\/\/g1.globo.com\/go\/goias\/\" data-mrf-link=\"https:\/\/g1.globo.com\/go\/goias\/\"><strong>g1<\/strong><\/a>, o coronel contou que a pol\u00edcia foi chamada na noite de segunda-feira (12), sendo informada que uma jovem havia sido rendida por um homem, com uma faca, no Residencial Boa Esperan\u00e7a. Ao chegarem ao local, os policiais come\u00e7aram a negocia\u00e7\u00e3o com ele, pedindo para soltar a v\u00edtima. Segundo o coronel Virg\u00edlio, um tenente que atua como negociador na Pol\u00edcia Militar tamb\u00e9m foi chamado.<\/p>\n<\/div>\n<\/div>\n<div id=\"chunk-f3lsd\">\n<div class=\"mc-column content-text active-extra-styles\" data-block-type=\"raw\" data-block-weight=\"11\" data-block-id=\"7\">\n<p>&nbsp;<\/p>\n<\/div>\n<\/div>\n<div id=\"chunk-akf8b\">\n<div class=\"row medium-uncollapsed content-media content-photo\" data-block-type=\"backstage-photo\" data-block-id=\"8\">\n<div class=\" mc-column  content-media__container\">\n<div class=\"content-media-container glb-skeleton-box\">\n<figure class=\"content-media-figure\"><img decoding=\"async\" class=\"i-amphtml-fill-content i-amphtml-replaced-content\" src=\"https:\/\/s2-g1.glbimg.com\/WjObmoEpT7d7p3_5gGLBKWwiaSA=\/0x0:1700x1065\/984x0\/smart\/filters:strip_icc()\/i.s3.glbimg.com\/v1\/AUTH_59edd422c0c84a879bd37670ae4f538a\/internal_photos\/bs\/2026\/2\/x\/tVo240StWJh7aABAOPvA\/homem-morto-apos-fazer-adolescente-refem-em-senador.jpg\" sizes=\"(max-width: 1366px) 648px, 100vw\" srcset=\"https:\/\/s2-g1.glbimg.com\/xkNg1ET6ya1VYkmoqDa-FlY0olA=\/0x0:1700x1065\/1000x0\/smart\/filters:strip_icc()\/i.s3.glbimg.com\/v1\/AUTH_59edd422c0c84a879bd37670ae4f538a\/internal_photos\/bs\/2026\/2\/x\/tVo240StWJh7aABAOPvA\/homem-morto-apos-fazer-adolescente-refem-em-senador.jpg 1000w, https:\/\/s2-g1.glbimg.com\/WjObmoEpT7d7p3_5gGLBKWwiaSA=\/0x0:1700x1065\/984x0\/smart\/filters:strip_icc()\/i.s3.glbimg.com\/v1\/AUTH_59edd422c0c84a879bd37670ae4f538a\/internal_photos\/bs\/2026\/2\/x\/tVo240StWJh7aABAOPvA\/homem-morto-apos-fazer-adolescente-refem-em-senador.jpg 984w, https:\/\/s2-g1.glbimg.com\/kMn__9yDkw7aF4j0ySRrhvGswWs=\/0x0:1700x1065\/640x0\/smart\/filters:strip_icc()\/i.s3.glbimg.com\/v1\/AUTH_59edd422c0c84a879bd37670ae4f538a\/internal_photos\/bs\/2026\/2\/x\/tVo240StWJh7aABAOPvA\/homem-morto-apos-fazer-adolescente-refem-em-senador.jpg 640w, https:\/\/s2-g1.glbimg.com\/TqiM5EvWnecmJdhVho0o8ZDYmbc=\/0x0:1700x1065\/600x0\/smart\/filters:strip_icc()\/i.s3.glbimg.com\/v1\/AUTH_59edd422c0c84a879bd37670ae4f538a\/internal_photos\/bs\/2026\/2\/x\/tVo240StWJh7aABAOPvA\/homem-morto-apos-fazer-adolescente-refem-em-senador.jpg 600w\" alt=\"Homem fez adolescente de 16 anos ref\u00e9m, em Senador Canedo, e foi morto pela Pol\u00edcia Militar \u2014 Foto: Divulga\u00e7\u00e3o\/ PMGO\" \/><\/figure>\n<\/div>\n<p class=\"content-media__description  \">Homem fez adolescente de 16 anos ref\u00e9m, em Senador Canedo, e foi morto pela Pol\u00edcia Militar \u2014 Foto: Divulga\u00e7\u00e3o\/ PMGO<\/p>\n<\/div>\n<\/div>\n<\/div>\n<div id=\"chunk-2hoev\">\n<div class=\"mc-column content-text active-extra-styles\" data-block-type=\"raw\" data-block-weight=\"42\" data-block-id=\"9\">\n<p class=\"content-text__container\" data-mrf-recirculation=\"Mat\u00e9ria - Links no Texto\">\n<blockquote class=\"content-blockquote theme-border-color-primary-before\"><p>&#8220;Em dado momento, ele come\u00e7a a passar a faca no pesco\u00e7o da menina. Uma faca de 39 cm. A\u00ed, um policial militar viu uma janela (de oportunidade), percebeu que o cara estava passando a faca e efetuou o disparo&#8221;, relatou o coronel.<\/p><\/blockquote>\n<p>&nbsp;<\/p>\n<\/div>\n<\/div>\n<div id=\"chunk-3f0n0\">\n<div class=\"mc-column content-text active-extra-styles \" data-block-type=\"unstyled\" data-block-weight=\"40\" data-block-id=\"10\">\n<p class=\" content-text__container \" data-track-category=\"Link no Texto\" data-track-links=\"\" data-mrf-recirculation=\"Mat\u00e9ria - Links no Texto\">Depois de ser atingido, o homem caiu no ch\u00e3o junto com a adolescente. Segundo o coronel, por conta disso, foram necess\u00e1rios mais disparos por parte da equipe. &#8220;Mesmo ele sendo alvejado, ele n\u00e3o soltou a mo\u00e7a e cortou ela&#8221;, afirmou.<\/p>\n<\/div>\n<\/div>\n<\/div>\n","protected":false},"excerpt":{"rendered":"<p>Um homem morreu ap\u00f3s manter ref\u00e9m uma adolescente de 16 anos em\u00a0Senador Canedo, na Regi\u00e3o Metropolitana de Goi\u00e2nia. Ele foi atingido por disparos de policiais militares que foram chamados, ap\u00f3s mais de 20 minutos de negocia\u00e7\u00e3o, de acordo com o comandante do 27\u00ba Batalh\u00e3o, tenente-coronel Rog\u00e9rio Virg\u00edlio. Imagens da a\u00e7\u00e3o foram divulgadas pela Pol\u00edcia Militar &hellip;<\/p>\n","protected":false},"author":3,"featured_media":80590,"comment_status":"closed","ping_status":"open","sticky":false,"template":"","format":"standard","meta":{"_exactmetrics_skip_tracking":false,"_exactmetrics_sitenote_active":false,"_exactmetrics_sitenote_note":"","_exactmetrics_sitenote_category":0,"footnotes":""},"categories":[4],"tags":[],"_links":{"self":[{"href":"https:\/\/goiasemtempo.com.br\/home\/wp-json\/wp\/v2\/posts\/80589"}],"collection":[{"href":"https:\/\/goiasemtempo.com.br\/home\/wp-json\/wp\/v2\/posts"}],"about":[{"href":"https:\/\/goiasemtempo.com.br\/home\/wp-json\/wp\/v2\/types\/post"}],"author":[{"embeddable":true,"href":"https:\/\/goiasemtempo.com.br\/home\/wp-json\/wp\/v2\/users\/3"}],"replies":[{"embeddable":true,"href":"https:\/\/goiasemtempo.com.br\/home\/wp-json\/wp\/v2\/comments?post=80589"}],"version-history":[{"count":1,"href":"https:\/\/goiasemtempo.com.br\/home\/wp-json\/wp\/v2\/posts\/80589\/revisions"}],"predecessor-version":[{"id":80591,"href":"https:\/\/goiasemtempo.com.br\/home\/wp-json\/wp\/v2\/posts\/80589\/revisions\/80591"}],"wp:featuredmedia":[{"embeddable":true,"href":"https:\/\/goiasemtempo.com.br\/home\/wp-json\/wp\/v2\/media\/80590"}],"wp:attachment":[{"href":"https:\/\/goiasemtempo.com.br\/home\/wp-json\/wp\/v2\/media?parent=80589"}],"wp:term":[{"taxonomy":"category","embeddable":true,"href":"https:\/\/goiasemtempo.com.br\/home\/wp-json\/wp\/v2\/categories?post=80589"},{"taxonomy":"post_tag","embeddable":true,"href":"https:\/\/goiasemtempo.com.br\/home\/wp-json\/wp\/v2\/tags?post=80589"}],"curies":[{"name":"wp","href":"https:\/\/api.w.org\/{rel}","templated":true}]}}