{"id":80568,"date":"2026-01-13T00:46:36","date_gmt":"2026-01-13T00:46:36","guid":{"rendered":"https:\/\/goiasemtempo.com.br\/home\/?p=80568"},"modified":"2026-01-13T00:46:36","modified_gmt":"2026-01-13T00:46:36","slug":"tv-em-goias-lanca-novo-programa-dedicado-ao-turismo","status":"publish","type":"post","link":"https:\/\/goiasemtempo.com.br\/home\/tv-em-goias-lanca-novo-programa-dedicado-ao-turismo\/","title":{"rendered":"TV em Goi\u00e1s lan\u00e7a novo programa dedicado ao turismo"},"content":{"rendered":"<p>Brasil, 12 de janeiro de 2026 &#8211;\u00a0Um novo programa televisivo dedicado \u00e0 an\u00e1lise do turismo brasileiro passa a ser exibido a partir de Goi\u00e2nia (GO) com veicula\u00e7\u00e3o em todo territ\u00f3rio de Goi\u00e1s, um dos principais polos tur\u00edsticos do Centro-Oeste. Intitulado\u00a0<i><strong>Destino Brasil TV<\/strong><\/i>, o projeto tem como proposta apresentar o turismo nacional sob uma perspectiva informativa e anal\u00edtica, combinando entretenimento, dados setoriais e discuss\u00f5es estruturais sobre o desenvolvimento do setor.<br \/>\nA atra\u00e7\u00e3o ser\u00e1 exibida pela emissora SBT \u2013 TV Serra Dourada, com epis\u00f3dios de 30 minutos de dura\u00e7\u00e3o. A exibi\u00e7\u00e3o est\u00e1 prevista para todo domingo das 10h30 \u00e0s 11h00, com estreia marcado para o dia 11.01.26 e ser\u00e1 transmitido durante o ano de 2026. Ao todo, est\u00e3o previstos 52 epis\u00f3dios nesta primeira fase do programa.<br \/>\nCom grava\u00e7\u00f5es realizadas em diferentes regi\u00f5es do pa\u00eds,\u00a0<i><strong>Destino Brasil TV<\/strong><\/i>\u00a0aborda temas como infraestrutura tur\u00edstica, hotelaria, mobilidade, atrativos, planejamento urbano e bem-estar dos viajantes. A escolha de Goi\u00e1s como cen\u00e1rio inicial reflete o papel estrat\u00e9gico do estado no turismo nacional, reconhecido pela concentra\u00e7\u00e3o de est\u00e2ncias termais, parques aqu\u00e1ticos, complexos hoteleiros de grande fluxo e pela posi\u00e7\u00e3o geogr\u00e1fica central no territ\u00f3rio brasileiro.<br \/>\nAl\u00e9m da apresenta\u00e7\u00e3o de destinos, o programa abre espa\u00e7o para debates que envolvem representantes da sociedade civil, especialistas, empres\u00e1rios e agentes do setor p\u00fablico e privado. A proposta editorial prioriza discuss\u00f5es sobre desafios, oportunidades e caminhos para o fortalecimento do turismo como atividade econ\u00f4mica estruturante.<br \/>\nCriado pelo diretor audiovisual Maur\u00edcio Donato, e com apresenta\u00e7\u00e3o de um dos jornalistas mais premiado do Brasil Domingos Meirelles. A iniciativa contribui para ampliar o debate qualificado sobre o turismo no pa\u00eds. \u201cO turismo brasileiro tem impacto direto na economia, na gera\u00e7\u00e3o de empregos e no desenvolvimento regional. Criar um espa\u00e7o dedicado \u00e0 an\u00e1lise desses temas \u00e9 fundamental para pensar o futuro do setor\u201d, afirmou o produtor do programa.<br \/>\nCom apresenta\u00e7\u00e3o do jornalista Domingos Meirelles,\u00a0<i>Destino Brasil<\/i>\u00a0TV se posiciona como uma produ\u00e7\u00e3o voltada \u00e0 compreens\u00e3o do turismo nacional em suas m\u00faltiplas dimens\u00f5es, explorando o potencial econ\u00f4mico, social e territorial da atividade em diferentes contextos do pa\u00eds.<\/p>\n<p>A temporada tamb\u00e9m poder\u00e1 ser acompanhada online, com transmiss\u00e3o pelo canal oficial no YouTube, dispon\u00edvel no link:\u00a0<a href=\"https:\/\/youtu.be\/giiT5T90htc\" target=\"_blank\" rel=\"noopener\" data-saferedirecturl=\"https:\/\/www.google.com\/url?q=https:\/\/youtu.be\/giiT5T90htc&amp;source=gmail&amp;ust=1768351392934000&amp;usg=AOvVaw3XTEu7K-xwSKXe1xNVr2T8\">Link<\/a>. O conte\u00fado estar\u00e1 ainda dispon\u00edvel nas redes sociais Facebook, TikTok e Instagram, pelo perfil\u00a0<strong>destinobrasiltv.<\/strong><\/p>\n<p><iframe title=\"Estreia Destino Brasil TV\" width=\"708\" height=\"398\" src=\"https:\/\/www.youtube.com\/embed\/giiT5T90htc?feature=oembed\" frameborder=\"0\" allow=\"accelerometer; autoplay; clipboard-write; encrypted-media; gyroscope; picture-in-picture; web-share\" referrerpolicy=\"strict-origin-when-cross-origin\" allowfullscreen><\/iframe><\/p>\n","protected":false},"excerpt":{"rendered":"<p>Brasil, 12 de janeiro de 2026 &#8211;\u00a0Um novo programa televisivo dedicado \u00e0 an\u00e1lise do turismo brasileiro passa a ser exibido a partir de Goi\u00e2nia (GO) com veicula\u00e7\u00e3o em todo territ\u00f3rio de Goi\u00e1s, um dos principais polos tur\u00edsticos do Centro-Oeste. Intitulado\u00a0Destino Brasil TV, o projeto tem como proposta apresentar o turismo nacional sob uma perspectiva informativa &hellip;<\/p>\n","protected":false},"author":3,"featured_media":80569,"comment_status":"closed","ping_status":"open","sticky":false,"template":"","format":"standard","meta":{"_exactmetrics_skip_tracking":false,"_exactmetrics_sitenote_active":false,"_exactmetrics_sitenote_note":"","_exactmetrics_sitenote_category":0,"footnotes":""},"categories":[15,37,477],"tags":[],"_links":{"self":[{"href":"https:\/\/goiasemtempo.com.br\/home\/wp-json\/wp\/v2\/posts\/80568"}],"collection":[{"href":"https:\/\/goiasemtempo.com.br\/home\/wp-json\/wp\/v2\/posts"}],"about":[{"href":"https:\/\/goiasemtempo.com.br\/home\/wp-json\/wp\/v2\/types\/post"}],"author":[{"embeddable":true,"href":"https:\/\/goiasemtempo.com.br\/home\/wp-json\/wp\/v2\/users\/3"}],"replies":[{"embeddable":true,"href":"https:\/\/goiasemtempo.com.br\/home\/wp-json\/wp\/v2\/comments?post=80568"}],"version-history":[{"count":1,"href":"https:\/\/goiasemtempo.com.br\/home\/wp-json\/wp\/v2\/posts\/80568\/revisions"}],"predecessor-version":[{"id":80570,"href":"https:\/\/goiasemtempo.com.br\/home\/wp-json\/wp\/v2\/posts\/80568\/revisions\/80570"}],"wp:featuredmedia":[{"embeddable":true,"href":"https:\/\/goiasemtempo.com.br\/home\/wp-json\/wp\/v2\/media\/80569"}],"wp:attachment":[{"href":"https:\/\/goiasemtempo.com.br\/home\/wp-json\/wp\/v2\/media?parent=80568"}],"wp:term":[{"taxonomy":"category","embeddable":true,"href":"https:\/\/goiasemtempo.com.br\/home\/wp-json\/wp\/v2\/categories?post=80568"},{"taxonomy":"post_tag","embeddable":true,"href":"https:\/\/goiasemtempo.com.br\/home\/wp-json\/wp\/v2\/tags?post=80568"}],"curies":[{"name":"wp","href":"https:\/\/api.w.org\/{rel}","templated":true}]}}