{"id":80525,"date":"2026-01-07T13:48:41","date_gmt":"2026-01-07T13:48:41","guid":{"rendered":"https:\/\/goiasemtempo.com.br\/home\/?p=80525"},"modified":"2026-01-07T13:48:41","modified_gmt":"2026-01-07T13:48:41","slug":"morte-de-estudante-de-medicina-da-unievangelica-em-anapolis-causa-comocao","status":"publish","type":"post","link":"https:\/\/goiasemtempo.com.br\/home\/morte-de-estudante-de-medicina-da-unievangelica-em-anapolis-causa-comocao\/","title":{"rendered":"Morte de estudante de medicina da UniEvang\u00e9lica em An\u00e1polis causa como\u00e7\u00e3o"},"content":{"rendered":"<p>Amigos, familiares e conhecidos da estudante de medicina da UniEvang\u00e9lica de An\u00e1polis ,Clara Martins Ribeiro, de 19 anos, expressaram consterna\u00e7\u00e3o com a morte da jovem. Ela morreu na segunda-feira (5), ap\u00f3s ser internada em um hospital. A causa da morte n\u00e3o foi divulgada.<\/p>\n<p>Ribeiro estava no segundo per\u00edodo de medicina. A UniEvang\u00e9lica, nas redes sociais, afirmou que Clara deixa &#8220;sua marca na trajet\u00f3ria acad\u00eamica e na conviv\u00eancia com aqueles que tiveram o privil\u00e9gio de compartilhar sua caminhada, sendo lembrada por sua dedica\u00e7\u00e3o e presen\u00e7a entre n\u00f3s&#8221;.<\/p>\n<p>A jovem morava com a fam\u00edlia em An\u00e1polis. Ela foi aprovada em mar\u00e7o do ano passado no curso de medicina. Na postagem de um curso preparat\u00f3rio, sua m\u00e3e, al\u00e9m de amigos e professores a parabenizaram na \u00e9poca.<\/p>\n<p>Uma das colegas escreveu que Clara marcou a todos com seu sorriso, alegria e intelig\u00eancia. Em outro coment\u00e1rio, uma professora escreveu que a estudante era um doce de menina, muito inteligente e participava ativamente das discuss\u00f5es em sala de aula.<\/p>\n<div id=\"chunk-lpou\">\n<div class=\"mc-column content-text active-extra-styles\" data-block-type=\"raw\" data-block-weight=\"3\" data-block-id=\"13\">\n<div class=\"content-intertitle\">\n<h2>\u2018Meiga e falante\u2019<\/h2>\n<\/div>\n<p>A pedagoga Lorrany Assun\u00e7\u00e3o escreveu nas redes sociais que Clara era meiga e falante na \u00e9poca da educa\u00e7\u00e3o infantil. &#8220;Esses olhinhos jamais foram esquecidos por mim&#8230; voc\u00ea foi a primeira Clara no infantil quando comecei na pedagogia. Era toda meiga e falante&#8221;, escreveu.<\/p>\n<\/div>\n<\/div>\n","protected":false},"excerpt":{"rendered":"<p>Amigos, familiares e conhecidos da estudante de medicina da UniEvang\u00e9lica de An\u00e1polis ,Clara Martins Ribeiro, de 19 anos, expressaram consterna\u00e7\u00e3o com a morte da jovem. Ela morreu na segunda-feira (5), ap\u00f3s ser internada em um hospital. A causa da morte n\u00e3o foi divulgada. Ribeiro estava no segundo per\u00edodo de medicina. A UniEvang\u00e9lica, nas redes sociais, &hellip;<\/p>\n","protected":false},"author":3,"featured_media":80526,"comment_status":"closed","ping_status":"open","sticky":false,"template":"","format":"standard","meta":{"_exactmetrics_skip_tracking":false,"_exactmetrics_sitenote_active":false,"_exactmetrics_sitenote_note":"","_exactmetrics_sitenote_category":0,"footnotes":""},"categories":[18,58],"tags":[],"_links":{"self":[{"href":"https:\/\/goiasemtempo.com.br\/home\/wp-json\/wp\/v2\/posts\/80525"}],"collection":[{"href":"https:\/\/goiasemtempo.com.br\/home\/wp-json\/wp\/v2\/posts"}],"about":[{"href":"https:\/\/goiasemtempo.com.br\/home\/wp-json\/wp\/v2\/types\/post"}],"author":[{"embeddable":true,"href":"https:\/\/goiasemtempo.com.br\/home\/wp-json\/wp\/v2\/users\/3"}],"replies":[{"embeddable":true,"href":"https:\/\/goiasemtempo.com.br\/home\/wp-json\/wp\/v2\/comments?post=80525"}],"version-history":[{"count":1,"href":"https:\/\/goiasemtempo.com.br\/home\/wp-json\/wp\/v2\/posts\/80525\/revisions"}],"predecessor-version":[{"id":80527,"href":"https:\/\/goiasemtempo.com.br\/home\/wp-json\/wp\/v2\/posts\/80525\/revisions\/80527"}],"wp:featuredmedia":[{"embeddable":true,"href":"https:\/\/goiasemtempo.com.br\/home\/wp-json\/wp\/v2\/media\/80526"}],"wp:attachment":[{"href":"https:\/\/goiasemtempo.com.br\/home\/wp-json\/wp\/v2\/media?parent=80525"}],"wp:term":[{"taxonomy":"category","embeddable":true,"href":"https:\/\/goiasemtempo.com.br\/home\/wp-json\/wp\/v2\/categories?post=80525"},{"taxonomy":"post_tag","embeddable":true,"href":"https:\/\/goiasemtempo.com.br\/home\/wp-json\/wp\/v2\/tags?post=80525"}],"curies":[{"name":"wp","href":"https:\/\/api.w.org\/{rel}","templated":true}]}}