{"id":80518,"date":"2026-01-07T13:39:25","date_gmt":"2026-01-07T13:39:25","guid":{"rendered":"https:\/\/goiasemtempo.com.br\/home\/?p=80518"},"modified":"2026-01-07T13:39:25","modified_gmt":"2026-01-07T13:39:25","slug":"homem-rouba-veiculo-creta-e-foge-na-contramao-ate-ser-preso-na-t-9-em-goiania","status":"publish","type":"post","link":"https:\/\/goiasemtempo.com.br\/home\/homem-rouba-veiculo-creta-e-foge-na-contramao-ate-ser-preso-na-t-9-em-goiania\/","title":{"rendered":"Homem rouba ve\u00edculo Creta e foge na contram\u00e3o at\u00e9 ser preso na T-9, em Goi\u00e2nia"},"content":{"rendered":"<p>O homem que roubou um Hyundai Creta e fugiu na contram\u00e3o at\u00e9 ser preso pela Rotam na avenida T-9, em Goi\u00e2nia, por volta do meio-dia desta ter\u00e7a-feira (6) \u00e9 Marco Ant\u00f4nio Pereira, de 39 anos.<\/p>\n<p>Segundo informa\u00e7\u00f5es do coronel Durvalino C\u00e2mara dos Santos J\u00fanior, chefe de Estado-maior Estrat\u00e9gico da Pol\u00edcia Militar de Goi\u00e1s, Marco usou um garfo e \u201cviol\u00eancia extrema\u201d para cometer a tentativa de latroc\u00ednio contra a dona do carro, uma mulher que se encontra em estado grav\u00edssimo no Hospital de Urg\u00eancias de Goi\u00e2nia (Hugo).<\/p>\n<p>\u201cA mesma agressividade demonstrada contra uma senhora indefesa n\u00f3s quer\u00edamos que ele demonstrasse contra n\u00f3s\u201d, disse o coronel. Ele afirma que o criminoso usa tornozeleira eletr\u00f4nica e estava sob efeito de drogas.<\/p>\n<p>\u201cPreso v\u00e1rias vezes pela Pol\u00edcia Militar, essa conta n\u00e3o pode ser paga pelo cidad\u00e3o de bem, n\u00e3o pode ser paga pelos humanos direitos, n\u00e3o pode ser paga com o sangue da v\u00edtima\u201d, desabafou o chefe do Estado-Maior. \u201cA pol\u00edtica de desencarceramento do CNJ, STF, STJ e de alguns magistrados est\u00e1 matando todos os dias em nosso pa\u00eds\u201d.<\/p>\n<p><strong>o caso<\/strong><\/p>\n<p>Uma grande movimenta\u00e7\u00e3o policial chamou aten\u00e7\u00e3o de comerciantes, pedestres e motoristas na avenida T-9, em Goi\u00e2nia. Por volta do meio-dia desta ter\u00e7a-feira (6), um Hyundai Creta foi roubado e o criminoso rodou na contram\u00e3o at\u00e9 ser interceptado pela Rotam. Um helic\u00f3ptero deu apoio \u00e0 opera\u00e7\u00e3o. O homem foi preso.<\/p>\n<p><em>Via Mais Goi\u00e1s<\/em><\/p>\n<p><img decoding=\"async\" src=\"https:\/\/uploads.maisgoias.com.br\/2026\/01\/06172951\/1200-800-2026-01-06t142817-391-1200x675.webp\" alt=\"Homem rouba carro e sobe avenida T-9 na contram\u00e3o, em Goi\u00e2nia (Foto cedida ao Mais Goi\u00e1s)\" \/><\/p>\n<p><img decoding=\"async\" src=\"https:\/\/uploads.maisgoias.com.br\/2026\/01\/06210012\/1200-800-2026-01-06t175817-481.webp\" \/><\/p>\n<p><img decoding=\"async\" src=\"https:\/\/uploads.maisgoias.com.br\/2026\/01\/06210038\/essa-e-a-cara-do-vagabundo-covarde-bandido-que-no-final-da-manha-de-hoje-utilizando-uma-arma-2.webp\" \/><\/p>\n<p>&nbsp;<\/p>\n","protected":false},"excerpt":{"rendered":"<p>O homem que roubou um Hyundai Creta e fugiu na contram\u00e3o at\u00e9 ser preso pela Rotam na avenida T-9, em Goi\u00e2nia, por volta do meio-dia desta ter\u00e7a-feira (6) \u00e9 Marco Ant\u00f4nio Pereira, de 39 anos. Segundo informa\u00e7\u00f5es do coronel Durvalino C\u00e2mara dos Santos J\u00fanior, chefe de Estado-maior Estrat\u00e9gico da Pol\u00edcia Militar de Goi\u00e1s, Marco usou &hellip;<\/p>\n","protected":false},"author":3,"featured_media":80519,"comment_status":"closed","ping_status":"open","sticky":false,"template":"","format":"standard","meta":{"_exactmetrics_skip_tracking":false,"_exactmetrics_sitenote_active":false,"_exactmetrics_sitenote_note":"","_exactmetrics_sitenote_category":0,"footnotes":""},"categories":[489,500,19],"tags":[],"_links":{"self":[{"href":"https:\/\/goiasemtempo.com.br\/home\/wp-json\/wp\/v2\/posts\/80518"}],"collection":[{"href":"https:\/\/goiasemtempo.com.br\/home\/wp-json\/wp\/v2\/posts"}],"about":[{"href":"https:\/\/goiasemtempo.com.br\/home\/wp-json\/wp\/v2\/types\/post"}],"author":[{"embeddable":true,"href":"https:\/\/goiasemtempo.com.br\/home\/wp-json\/wp\/v2\/users\/3"}],"replies":[{"embeddable":true,"href":"https:\/\/goiasemtempo.com.br\/home\/wp-json\/wp\/v2\/comments?post=80518"}],"version-history":[{"count":1,"href":"https:\/\/goiasemtempo.com.br\/home\/wp-json\/wp\/v2\/posts\/80518\/revisions"}],"predecessor-version":[{"id":80520,"href":"https:\/\/goiasemtempo.com.br\/home\/wp-json\/wp\/v2\/posts\/80518\/revisions\/80520"}],"wp:featuredmedia":[{"embeddable":true,"href":"https:\/\/goiasemtempo.com.br\/home\/wp-json\/wp\/v2\/media\/80519"}],"wp:attachment":[{"href":"https:\/\/goiasemtempo.com.br\/home\/wp-json\/wp\/v2\/media?parent=80518"}],"wp:term":[{"taxonomy":"category","embeddable":true,"href":"https:\/\/goiasemtempo.com.br\/home\/wp-json\/wp\/v2\/categories?post=80518"},{"taxonomy":"post_tag","embeddable":true,"href":"https:\/\/goiasemtempo.com.br\/home\/wp-json\/wp\/v2\/tags?post=80518"}],"curies":[{"name":"wp","href":"https:\/\/api.w.org\/{rel}","templated":true}]}}