{"id":80405,"date":"2025-12-30T13:12:15","date_gmt":"2025-12-30T13:12:15","guid":{"rendered":"https:\/\/goiasemtempo.com.br\/home\/?p=80405"},"modified":"2025-12-30T13:12:15","modified_gmt":"2025-12-30T13:12:15","slug":"dupla-cesar-e-alessandro-confirma-presenca-no-reveillon-de-fazenda-nova","status":"publish","type":"post","link":"https:\/\/goiasemtempo.com.br\/home\/dupla-cesar-e-alessandro-confirma-presenca-no-reveillon-de-fazenda-nova\/","title":{"rendered":"Dupla C\u00e9sar e Alessandro confirma presen\u00e7a no R\u00e9veillon de Fazenda Nova"},"content":{"rendered":"<p dir=\"ltr\">A dupla sertaneja C\u00e9sar e Alessandro \u00e9 uma das atra\u00e7\u00f5es confirmadas no 2\u00ba R\u00e9veillon da Fam\u00edlia, que acontece na quarta-feira (31), no Parque Ecol\u00f3gico Francisca Soares da Costa, em Fazenda Nova, Goi\u00e1s. O evento ter\u00e1 in\u00edcio \u00e0 noite e contar\u00e1 ainda com o show do artista Marcinho Malemol\u00eancia, al\u00e9m da tradicional queima de fogos \u00e0 meia-noite, marcando a chegada do novo ano.<\/p>\n<p dir=\"ltr\">A programa\u00e7\u00e3o festiva segue na quinta-feira (1\u00ba), com um grande churrasco \u00e0 vontade oferecido \u00e0 popula\u00e7\u00e3o e apresenta\u00e7\u00f5es de Nana Gyn, Banda Marcantes e DJ Performance. A diversidade de atra\u00e7\u00f5es refor\u00e7a o compromisso do R\u00e9veillon da Fam\u00edlia com a valoriza\u00e7\u00e3o da cultura local e a pluralidade musical, promovendo momentos de lazer e confraterniza\u00e7\u00e3o para moradores e visitantes.<\/p>\n<p dir=\"ltr\">O 2\u00ba R\u00e9veillon da Fam\u00edlia \u00e9 uma realiza\u00e7\u00e3o da Prefeitura de Fazenda Nova, que aposta no evento como forma de incentivar o turismo, fortalecer a economia local e proporcionar uma virada de ano segura, acess\u00edvel e voltada para toda a fam\u00edlia.<\/p>\n<p dir=\"ltr\"><strong>Confira a programa\u00e7\u00e3o completa:<\/strong><\/p>\n<p dir=\"ltr\"><strong>Quarta-Feira 31\/12<\/strong><\/p>\n<p dir=\"ltr\">Show com C\u00e9sar e Alessandro \u00e0s 23h<\/p>\n<p dir=\"ltr\">Queima de Fogos \u00e0s 00h<\/p>\n<p dir=\"ltr\">Show com Marcinho Malemol\u00eancia \u00e0s 01h<\/p>\n<p dir=\"ltr\"><strong>Quinta-Feira 01\/01<\/strong><\/p>\n<p dir=\"ltr\">Churrasco \u00e0s 14h<\/p>\n<p dir=\"ltr\">Show com Nana Gyn \u00e0s 15h<\/p>\n<p dir=\"ltr\">Show com Banda Marcantes \u00e0s 17h<\/p>\n<p dir=\"ltr\">DJ Performance \u00e0s 19h<\/p>\n<p dir=\"ltr\"><strong>Sobre a dupla<\/strong><\/p>\n<p dir=\"ltr\">A dupla sertaneja C\u00e9sar e Alessandro, juntos desde 1996, tem mais de 20 anos de carreira, marcada por sucessos como Casa Liberada e Amor para Vida Inteira. Com 9 CDs e 4 DVDs lan\u00e7ados, tornaram-se presen\u00e7a constante em festas agropecu\u00e1rias e rodeios pelo pa\u00eds. Alessandro \u00e9 reconhecido como compositor de grandes hits gravados por artistas como Gusttavo Lima e Z\u00e9 Neto &amp; Cristiano, enquanto C\u00e9sar traz influ\u00eancia country de seus 11 anos na banda Mississipi. Ap\u00f3s uma pausa na pandemia, retornaram aos palcos em nova forma\u00e7\u00e3o, sendo elogiados pela musicalidade e conex\u00e3o com o p\u00fablico. A nova m\u00fasica de trabalho \u00e9 uma releitura animada de Pega Fogo Cabar\u00e9, em ritmo de arrasta-p\u00e9.<\/p>\n<p dir=\"ltr\"><strong>Servi\u00e7o<\/strong><\/p>\n<p dir=\"ltr\">O que:\u00a02\u00ba R\u00e9veillon da Fam\u00edlia &#8211; Show da Virada<\/p>\n<p dir=\"ltr\">Quando:\u00a031 de dezembro de 2025 e 01 de janeiro de 2026<\/p>\n<p dir=\"ltr\">Onde:\u00a0Parque Ecol\u00f3gico Francisca Soares da Costa. Fazenda Nova &#8211; GO<\/p>\n<p dir=\"ltr\"><strong>Assessoria de Imprensa<\/strong><\/p>\n<p dir=\"ltr\"><strong>Flora Alves Assessoria<\/strong><\/p>\n<p dir=\"ltr\"><strong>(62)99381-5115<\/strong><\/p>\n<p dir=\"ltr\"><a href=\"mailto:assessoria@floraalves.com\" target=\"_blank\" rel=\"noopener\">assessoria@floraalves.com<\/a><\/p>\n","protected":false},"excerpt":{"rendered":"<p>A dupla sertaneja C\u00e9sar e Alessandro \u00e9 uma das atra\u00e7\u00f5es confirmadas no 2\u00ba R\u00e9veillon da Fam\u00edlia, que acontece na quarta-feira (31), no Parque Ecol\u00f3gico Francisca Soares da Costa, em Fazenda Nova, Goi\u00e1s. O evento ter\u00e1 in\u00edcio \u00e0 noite e contar\u00e1 ainda com o show do artista Marcinho Malemol\u00eancia, al\u00e9m da tradicional queima de fogos \u00e0 &hellip;<\/p>\n","protected":false},"author":3,"featured_media":80406,"comment_status":"closed","ping_status":"open","sticky":false,"template":"","format":"standard","meta":{"_exactmetrics_skip_tracking":false,"_exactmetrics_sitenote_active":false,"_exactmetrics_sitenote_note":"","_exactmetrics_sitenote_category":0,"footnotes":""},"categories":[50,22],"tags":[],"_links":{"self":[{"href":"https:\/\/goiasemtempo.com.br\/home\/wp-json\/wp\/v2\/posts\/80405"}],"collection":[{"href":"https:\/\/goiasemtempo.com.br\/home\/wp-json\/wp\/v2\/posts"}],"about":[{"href":"https:\/\/goiasemtempo.com.br\/home\/wp-json\/wp\/v2\/types\/post"}],"author":[{"embeddable":true,"href":"https:\/\/goiasemtempo.com.br\/home\/wp-json\/wp\/v2\/users\/3"}],"replies":[{"embeddable":true,"href":"https:\/\/goiasemtempo.com.br\/home\/wp-json\/wp\/v2\/comments?post=80405"}],"version-history":[{"count":1,"href":"https:\/\/goiasemtempo.com.br\/home\/wp-json\/wp\/v2\/posts\/80405\/revisions"}],"predecessor-version":[{"id":80407,"href":"https:\/\/goiasemtempo.com.br\/home\/wp-json\/wp\/v2\/posts\/80405\/revisions\/80407"}],"wp:featuredmedia":[{"embeddable":true,"href":"https:\/\/goiasemtempo.com.br\/home\/wp-json\/wp\/v2\/media\/80406"}],"wp:attachment":[{"href":"https:\/\/goiasemtempo.com.br\/home\/wp-json\/wp\/v2\/media?parent=80405"}],"wp:term":[{"taxonomy":"category","embeddable":true,"href":"https:\/\/goiasemtempo.com.br\/home\/wp-json\/wp\/v2\/categories?post=80405"},{"taxonomy":"post_tag","embeddable":true,"href":"https:\/\/goiasemtempo.com.br\/home\/wp-json\/wp\/v2\/tags?post=80405"}],"curies":[{"name":"wp","href":"https:\/\/api.w.org\/{rel}","templated":true}]}}