{"id":80318,"date":"2025-12-22T16:37:24","date_gmt":"2025-12-22T16:37:24","guid":{"rendered":"https:\/\/goiasemtempo.com.br\/home\/?p=80318"},"modified":"2025-12-22T16:37:24","modified_gmt":"2025-12-22T16:37:24","slug":"diogo-nogueira-e-paolla-oliveira-anunciam-separacao-e-revelam-motivo-veja","status":"publish","type":"post","link":"https:\/\/goiasemtempo.com.br\/home\/diogo-nogueira-e-paolla-oliveira-anunciam-separacao-e-revelam-motivo-veja\/","title":{"rendered":"Diogo Nogueira e Paolla Oliveira anunciam separa\u00e7\u00e3o e revelam motivo; veja"},"content":{"rendered":"<p><strong>Paolla Oliveira e Diogo Nogueira anunciaram a separa\u00e7\u00e3o<\/strong>\u00a0na manh\u00e3 desta\u00a0<strong>segunda-feira (22)<\/strong>, ap\u00f3s quase\u00a0<strong>cinco anos de relacionamento<\/strong>. Em comunicado conjunto divulgado nas redes sociais, o agora ex-casal explicou que o t\u00e9rmino aconteceu de forma\u00a0<strong>madura, respeitosa e sem um motivo espec\u00edfico<\/strong>, surpreendendo f\u00e3s que acompanhavam a rela\u00e7\u00e3o desde 2021.<\/p>\n<div id=\"inread1\" class=\"square-ad\" data-google-query-id=\"CKak54LQ0ZEDFVZPuAQdY0c2cQ\"><\/div>\n<p>Na mensagem,\u00a0<strong>Paolla Oliveira<\/strong>\u00a0e\u00a0<strong>Diogo Nogueira<\/strong>\u00a0afirmaram que a decis\u00e3o foi tomada ap\u00f3s di\u00e1logo e entendimento m\u00fatuo. \u201cForam quase cinco anos de uma hist\u00f3ria que agora chega a um final feliz, n\u00e3o como nos contos, mas como foi tudo na nossa vida:\u00a0<strong>real, intenso e cheio de amor<\/strong>. As rela\u00e7\u00f5es se transformam e, portanto,\u00a0<strong>n\u00e3o houve um \u00fanico motivo<\/strong>, nem um rompimento brusco\u201d, escreveram.<\/p>\n<p>O casal refor\u00e7ou que segue em paz com a decis\u00e3o. \u201cCom gratid\u00e3o pela hist\u00f3ria que constru\u00edmos e em paz com a decis\u00e3o que tomamos,\u00a0<strong>seguiremos caminhos separados<\/strong>, guardando profundo carinho um pelo outro. Neste momento, pedimos\u00a0<strong>sensibilidade e privacidade<\/strong>\u201d, conclu\u00edram.<\/p>\n<p><strong>Paolla Oliveira e Diogo Nogueira<\/strong>\u00a0se conheceram por interm\u00e9dio do cantor\u00a0<strong>Mumuzinho<\/strong>, que atuou como cupido. Em entrevistas anteriores, Diogo contou que j\u00e1 havia cruzado com a atriz nos corredores da\u00a0<strong>TV Globo<\/strong>, mas o romance s\u00f3 come\u00e7ou ap\u00f3s a liga\u00e7\u00e3o do amigo, em 2021.<\/p>\n<div id=\"inread2\" class=\"square-ad\" data-google-query-id=\"CIGW54LQ0ZEDFVZPuAQdY0c2cQ\">\n<div id=\"google_ads_iframe_\/176290677\/maisgoias\/inread2_0__container__\"><\/div>\n<\/div>\n<p>\u00c0 emissora, o cantor relembrou como tudo come\u00e7ou. \u201cQuando ele falou quem era, eu disse: \u2018n\u00e3o \u00e9 poss\u00edvel, ser\u00e1 que \u00e9 verdade isso?\u2019. A gente foi se falando at\u00e9 se encontrar. A coisa foi evoluindo. Fiz uma massa com camar\u00e3o, tomamos vinho\u201d, contou Diogo.<\/p>\n<p>O an\u00fancio da\u00a0<strong>separa\u00e7\u00e3o de Paolla Oliveira e Diogo Nogueira<\/strong>\u00a0gerou grande repercuss\u00e3o nas redes sociais. Amigos e f\u00e3s deixaram mensagens de apoio ao casal. \u201cEste ano n\u00e3o est\u00e1 f\u00e1cil\u201d, comentou a atriz\u00a0<strong>Alexia Dechamps<\/strong>.\u00a0<strong>Regina Cas\u00e9<\/strong>\u00a0desejou carinho aos dois, enquanto\u00a0<strong>Carolina Dieckmann<\/strong>\u00a0reagiu com um emoji de choro. Internautas tamb\u00e9m lamentaram o fim do relacionamento, considerado um dos mais queridos do meio art\u00edstico.<\/p>\n<p>Durante o namoro, iniciado em\u00a0<strong>2021<\/strong>, Diogo chegou a homenagear Paolla com a m\u00fasica\u00a0<strong>\u201cFlor de Can\u00e3\u201d<\/strong>, cujo clipe contou com a participa\u00e7\u00e3o da atriz. A rela\u00e7\u00e3o sempre foi marcada por declara\u00e7\u00f5es p\u00fablicas de carinho e apari\u00e7\u00f5es conjuntas em eventos, o que aumentou a como\u00e7\u00e3o do p\u00fablico com o t\u00e9rmino.<\/p>\n<div id=\"inread3\" class=\"square-ad\"><\/div>\n<p>Apesar do fim do romance,\u00a0<strong>Paolla Oliveira e Diogo Nogueira<\/strong>\u00a0destacaram que permanecem unidos pelo respeito, pela admira\u00e7\u00e3o e pela hist\u00f3ria que constru\u00edram juntos.<\/p>\n","protected":false},"excerpt":{"rendered":"<p>Paolla Oliveira e Diogo Nogueira anunciaram a separa\u00e7\u00e3o\u00a0na manh\u00e3 desta\u00a0segunda-feira (22), ap\u00f3s quase\u00a0cinco anos de relacionamento. Em comunicado conjunto divulgado nas redes sociais, o agora ex-casal explicou que o t\u00e9rmino aconteceu de forma\u00a0madura, respeitosa e sem um motivo espec\u00edfico, surpreendendo f\u00e3s que acompanhavam a rela\u00e7\u00e3o desde 2021. Na mensagem,\u00a0Paolla Oliveira\u00a0e\u00a0Diogo Nogueira\u00a0afirmaram que a decis\u00e3o foi &hellip;<\/p>\n","protected":false},"author":3,"featured_media":80319,"comment_status":"closed","ping_status":"open","sticky":false,"template":"","format":"standard","meta":{"footnotes":""},"categories":[472],"tags":[],"class_list":["post-80318","post","type-post","status-publish","format-standard","has-post-thumbnail","hentry","category-famosos"],"_links":{"self":[{"href":"https:\/\/goiasemtempo.com.br\/home\/wp-json\/wp\/v2\/posts\/80318","targetHints":{"allow":["GET"]}}],"collection":[{"href":"https:\/\/goiasemtempo.com.br\/home\/wp-json\/wp\/v2\/posts"}],"about":[{"href":"https:\/\/goiasemtempo.com.br\/home\/wp-json\/wp\/v2\/types\/post"}],"author":[{"embeddable":true,"href":"https:\/\/goiasemtempo.com.br\/home\/wp-json\/wp\/v2\/users\/3"}],"replies":[{"embeddable":true,"href":"https:\/\/goiasemtempo.com.br\/home\/wp-json\/wp\/v2\/comments?post=80318"}],"version-history":[{"count":1,"href":"https:\/\/goiasemtempo.com.br\/home\/wp-json\/wp\/v2\/posts\/80318\/revisions"}],"predecessor-version":[{"id":80320,"href":"https:\/\/goiasemtempo.com.br\/home\/wp-json\/wp\/v2\/posts\/80318\/revisions\/80320"}],"wp:featuredmedia":[{"embeddable":true,"href":"https:\/\/goiasemtempo.com.br\/home\/wp-json\/wp\/v2\/media\/80319"}],"wp:attachment":[{"href":"https:\/\/goiasemtempo.com.br\/home\/wp-json\/wp\/v2\/media?parent=80318"}],"wp:term":[{"taxonomy":"category","embeddable":true,"href":"https:\/\/goiasemtempo.com.br\/home\/wp-json\/wp\/v2\/categories?post=80318"},{"taxonomy":"post_tag","embeddable":true,"href":"https:\/\/goiasemtempo.com.br\/home\/wp-json\/wp\/v2\/tags?post=80318"}],"curies":[{"name":"wp","href":"https:\/\/api.w.org\/{rel}","templated":true}]}}