{"id":80276,"date":"2025-12-20T16:48:58","date_gmt":"2025-12-20T16:48:58","guid":{"rendered":"https:\/\/goiasemtempo.com.br\/home\/?p=80276"},"modified":"2025-12-20T16:48:58","modified_gmt":"2025-12-20T16:48:58","slug":"rede-de-fast-food-em-anapolis-e-condenada-a-pagar-vale-alimentacao-e-indenizacao-a-ex-gerente","status":"publish","type":"post","link":"https:\/\/goiasemtempo.com.br\/home\/rede-de-fast-food-em-anapolis-e-condenada-a-pagar-vale-alimentacao-e-indenizacao-a-ex-gerente\/","title":{"rendered":"Rede de fast food em An\u00e1polis \u00e9 condenada a pagar vale-alimenta\u00e7\u00e3o e indeniza\u00e7\u00e3o a ex-gerente"},"content":{"rendered":"<p>A 1\u00aa Turma do Tribunal Regional do Trabalho de Goi\u00e1s (TRT-GO) condenou uma rede de fast food com unidade em An\u00e1polis ao pagamento de vale-alimenta\u00e7\u00e3o a um ex-gerente que, durante anos, teve como \u00fanica forma de alimenta\u00e7\u00e3o no expediente os lanches comercializados pela pr\u00f3pria empresa. A decis\u00e3o tamb\u00e9m manteve a condena\u00e7\u00e3o por danos morais, reconhecendo que o ambiente de trabalho contribuiu para o agravamento de problemas de sa\u00fade do trabalhador.<\/p>\n<p>De acordo com o processo, o ex-gerente relatou que, ao longo do contrato de trabalho, a empresa n\u00e3o fornecia vale-cesta ou vale-alimenta\u00e7\u00e3o, apesar da previs\u00e3o expressa em norma coletiva da categoria. Segundo ele, a \u00fanica op\u00e7\u00e3o de refei\u00e7\u00e3o durante a jornada eram hamb\u00fargueres, batatas fritas, refrigerantes e outros produtos t\u00edpicos do card\u00e1pio da rede, classificados como alimentos ultraprocessados.<\/p>\n<p>A a\u00e7\u00e3o foi analisada inicialmente pela 1\u00aa Vara do Trabalho de An\u00e1polis, que reconheceu o descumprimento da conven\u00e7\u00e3o coletiva e determinou o pagamento do vale-alimenta\u00e7\u00e3o referente a todo o per\u00edodo trabalhado. Inconformada, a empresa recorreu ao TRT-GO, alegando que oferecia gratuitamente um card\u00e1pio variado aos funcion\u00e1rios e que isso seria suficiente para substituir o benef\u00edcio.<\/p>\n<p>Ao julgar o recurso, o desembargador Paulo Pimenta, relator do caso, rejeitou a tese da empresa. Para ele, o fornecimento de lanches do tipo fast food n\u00e3o pode ser considerado refei\u00e7\u00e3o adequada nem substitui o vale-refei\u00e7\u00e3o ou vale-cesta previstos em norma coletiva, uma vez que n\u00e3o garante a diversidade m\u00ednima de nutrientes necess\u00e1rios \u00e0 sa\u00fade do trabalhador. O magistrado destacou ainda que a conven\u00e7\u00e3o coletiva n\u00e3o autorizava, de forma expressa, a substitui\u00e7\u00e3o do benef\u00edcio pelo fornecimento de alimentos no local de trabalho.<\/p>\n<p>O relator tamb\u00e9m citou entendimento recente do Tribunal Superior do Trabalho (TST), segundo o qual o simples fornecimento de lanches de fast food n\u00e3o afasta a obriga\u00e7\u00e3o de conceder vale-refei\u00e7\u00e3o quando esse direito est\u00e1 previsto em acordo ou conven\u00e7\u00e3o coletiva. A jurisprud\u00eancia ressalta, inclusive, que o consumo frequente desse tipo de alimento pode trazer preju\u00edzos \u00e0 sa\u00fade.<\/p>\n<p>Al\u00e9m do vale-alimenta\u00e7\u00e3o, a rede de fast food foi condenada ao pagamento de indeniza\u00e7\u00e3o por danos morais. Laudo pericial psiqui\u00e1trico apontou que o ex-gerente possui transtorno afetivo bipolar de origem multifatorial e que fatores estressores no ambiente de trabalho contribu\u00edram, de forma leve, para o agravamento do quadro cl\u00ednico.<\/p>\n<p>O Tribunal tamb\u00e9m considerou o depoimento de uma testemunha que relatou cobran\u00e7as excessivas por metas, amea\u00e7as de demiss\u00e3o e situa\u00e7\u00f5es em que o trabalhador permaneceu em atividade mesmo quando deveria estar afastado por licen\u00e7a m\u00e9dica. Para a Turma, esses elementos demonstram excessos por parte da empregadora e confirmam que o ambiente laboral teve influ\u00eancia no adoecimento do ex-gerente.<\/p>\n<p>Quanto ao valor da indeniza\u00e7\u00e3o, os desembargadores decidiram reduzir o montante fixado em primeira inst\u00e2ncia. A quantia, inicialmente estabelecida em R$ 15 mil, foi diminu\u00edda para R$ 10 mil, com base nos crit\u00e9rios previstos no artigo 223-G da Consolida\u00e7\u00e3o das Leis do Trabalho (CLT).<\/p>\n<p>Da decis\u00e3o, ainda cabe recurso.<\/p>\n","protected":false},"excerpt":{"rendered":"<p>A 1\u00aa Turma do Tribunal Regional do Trabalho de Goi\u00e1s (TRT-GO) condenou uma rede de fast food com unidade em An\u00e1polis ao pagamento de vale-alimenta\u00e7\u00e3o a um ex-gerente que, durante anos, teve como \u00fanica forma de alimenta\u00e7\u00e3o no expediente os lanches comercializados pela pr\u00f3pria empresa. A decis\u00e3o tamb\u00e9m manteve a condena\u00e7\u00e3o por danos morais, reconhecendo &hellip;<\/p>\n","protected":false},"author":3,"featured_media":80277,"comment_status":"closed","ping_status":"open","sticky":false,"template":"","format":"standard","meta":{"_exactmetrics_skip_tracking":false,"_exactmetrics_sitenote_active":false,"_exactmetrics_sitenote_note":"","_exactmetrics_sitenote_category":0,"footnotes":""},"categories":[26],"tags":[],"_links":{"self":[{"href":"https:\/\/goiasemtempo.com.br\/home\/wp-json\/wp\/v2\/posts\/80276"}],"collection":[{"href":"https:\/\/goiasemtempo.com.br\/home\/wp-json\/wp\/v2\/posts"}],"about":[{"href":"https:\/\/goiasemtempo.com.br\/home\/wp-json\/wp\/v2\/types\/post"}],"author":[{"embeddable":true,"href":"https:\/\/goiasemtempo.com.br\/home\/wp-json\/wp\/v2\/users\/3"}],"replies":[{"embeddable":true,"href":"https:\/\/goiasemtempo.com.br\/home\/wp-json\/wp\/v2\/comments?post=80276"}],"version-history":[{"count":1,"href":"https:\/\/goiasemtempo.com.br\/home\/wp-json\/wp\/v2\/posts\/80276\/revisions"}],"predecessor-version":[{"id":80278,"href":"https:\/\/goiasemtempo.com.br\/home\/wp-json\/wp\/v2\/posts\/80276\/revisions\/80278"}],"wp:featuredmedia":[{"embeddable":true,"href":"https:\/\/goiasemtempo.com.br\/home\/wp-json\/wp\/v2\/media\/80277"}],"wp:attachment":[{"href":"https:\/\/goiasemtempo.com.br\/home\/wp-json\/wp\/v2\/media?parent=80276"}],"wp:term":[{"taxonomy":"category","embeddable":true,"href":"https:\/\/goiasemtempo.com.br\/home\/wp-json\/wp\/v2\/categories?post=80276"},{"taxonomy":"post_tag","embeddable":true,"href":"https:\/\/goiasemtempo.com.br\/home\/wp-json\/wp\/v2\/tags?post=80276"}],"curies":[{"name":"wp","href":"https:\/\/api.w.org\/{rel}","templated":true}]}}