{"id":80168,"date":"2025-12-15T19:48:54","date_gmt":"2025-12-15T19:48:54","guid":{"rendered":"https:\/\/goiasemtempo.com.br\/home\/?p=80168"},"modified":"2025-12-15T19:48:54","modified_gmt":"2025-12-15T19:48:54","slug":"adocao-de-energias-renovaveis-e-opcao-para-reduzir-a-conta-de-energia-de-pequenas-e-medias-empresas-goianas-durante-o-verao","status":"publish","type":"post","link":"https:\/\/goiasemtempo.com.br\/home\/adocao-de-energias-renovaveis-e-opcao-para-reduzir-a-conta-de-energia-de-pequenas-e-medias-empresas-goianas-durante-o-verao\/","title":{"rendered":"Ado\u00e7\u00e3o de energias renov\u00e1veis \u00e9 op\u00e7\u00e3o para reduzir a conta de energia de pequenas e m\u00e9dias empresas goianas durante o ver\u00e3o"},"content":{"rendered":"<p>A conta de energia segue como um dos principais vil\u00f5es no or\u00e7amento das empresas goianas e, com a chegada do ver\u00e3o, per\u00edodo marcado por altas temperaturas em praticamente todo estado, cresce tamb\u00e9m o uso de equipamentos de refrigera\u00e7\u00e3o, ventila\u00e7\u00e3o e climatiza\u00e7\u00e3o, elevando o consumo de energia el\u00e9trica. Para dezembro, mesmo com a ANEEL (Ag\u00eancia Nacional de Energia El\u00e9trica) reduzindo a bandeira vermelha patamar I para a amarela, as faturas seguem com uma cobran\u00e7a adicional de R$ 1,88 por 100 kWh consumidos.<br \/>\nNesse cen\u00e1rio, alternativas baseadas em fontes renov\u00e1veis se tornam alternativas que podem aliviar o impacto da conta. Por meio da Gera\u00e7\u00e3o Distribu\u00edda (GD), pequenos e m\u00e9dios neg\u00f3cios podem obter uma economia de at\u00e9 25% sem a necessidade de investir na compra e instala\u00e7\u00e3o de placas solares.<br \/>\nA modalidade pode ser adquirida de forma 100% online em parceria com uma geradora de energia, como a Serena. A empresa converte a energia da usina solar em cr\u00e9ditos que geram desconto da conta de luz.<br \/>\nOutra forma de aderir \u00e0s fontes renov\u00e1veis \u00e9 migrar para o Mercado Livre de Energia e ter uma economia mensal de at\u00e9 30%. Desde janeiro de 2024, unidades consumidoras atendidas na m\u00e9dia e alta tens\u00e3o, como shoppings e supermercados podem mudar para esse modelo de gera\u00e7\u00e3o, que permite mais previsibilidade or\u00e7ament\u00e1ria e contratos customizados, de acordo com as necessidades de cada perfil de neg\u00f3cio.<br \/>\nO Brasil segue avan\u00e7ando como refer\u00eancia mundial em energia renov\u00e1vel e os pequenos e m\u00e9dios neg\u00f3cios s\u00e3o diretamente beneficiados. No primeiro semestre deste ano, a GD totalizou 41 GW de capacidade instalada, segundo a Ag\u00eancia Nacional de Energia El\u00e9trica (ANEEL). J\u00e1 a C\u00e2mara de Comercializa\u00e7\u00e3o de Energia El\u00e9trica (CCEE) identificou, no primeiro semestre de 2025, um aumento de 26% nas migra\u00e7\u00f5es para o Mercado Livre.<br \/>\n\u201cEsses n\u00fameros refor\u00e7am a relev\u00e2ncia das fontes de energia renov\u00e1vel como estrat\u00e9gia para competitividade. Na Serena oferecemos uma plataforma totalmente digital de contrata\u00e7\u00e3o simples, o que nos permite entender melhor o perfil dos nossos clientes e auxili\u00e1-los para que alcancem ganhos econ\u00f4micos que possam ser reinvestidos na expans\u00e3o de seus neg\u00f3cios\u201d, explica Fabiana Polido, Diretora da Plataforma de Energia.<br \/>\n<strong>Sobre a Serena<\/strong><\/p>\n<p>H\u00e1 mais de 16 anos, somos alimentados pela generosidade da natureza tornando o fornecimento de energia limpa solar e e\u00f3lica acess\u00edvel a todos \u2013 de grandes empresas globais em busca de lucratividade sustent\u00e1vel, at\u00e9 fam\u00edlias que procuram consumo de energia sem culpa, em sintonia com o clamor da sociedade por sustentabilidade. Com capacidade de produ\u00e7\u00e3o suficiente para abastecer 4,2 milh\u00f5es de resid\u00eancias, somos pioneiros no desenvolvimento de tecnologias limpas que levam a energia sustent\u00e1vel at\u00e9 qualquer consumidor. Saiba mais\u00a0<a href=\"https:\/\/srna.co\/\" target=\"_blank\" rel=\"noopener\" data-saferedirecturl=\"https:\/\/www.google.com\/url?q=https:\/\/srna.co\/&amp;source=gmail&amp;ust=1765914175769000&amp;usg=AOvVaw2gUh0lOtaNoBOJcWsX8O6m\">aqui<\/a>.<\/p>\n<p>&nbsp;<\/p>\n","protected":false},"excerpt":{"rendered":"<p>A conta de energia segue como um dos principais vil\u00f5es no or\u00e7amento das empresas goianas e, com a chegada do ver\u00e3o, per\u00edodo marcado por altas temperaturas em praticamente todo estado, cresce tamb\u00e9m o uso de equipamentos de refrigera\u00e7\u00e3o, ventila\u00e7\u00e3o e climatiza\u00e7\u00e3o, elevando o consumo de energia el\u00e9trica. Para dezembro, mesmo com a ANEEL (Ag\u00eancia Nacional &hellip;<\/p>\n","protected":false},"author":3,"featured_media":80169,"comment_status":"closed","ping_status":"open","sticky":false,"template":"","format":"standard","meta":{"_exactmetrics_skip_tracking":false,"_exactmetrics_sitenote_active":false,"_exactmetrics_sitenote_note":"","_exactmetrics_sitenote_category":0,"footnotes":""},"categories":[473],"tags":[],"_links":{"self":[{"href":"https:\/\/goiasemtempo.com.br\/home\/wp-json\/wp\/v2\/posts\/80168"}],"collection":[{"href":"https:\/\/goiasemtempo.com.br\/home\/wp-json\/wp\/v2\/posts"}],"about":[{"href":"https:\/\/goiasemtempo.com.br\/home\/wp-json\/wp\/v2\/types\/post"}],"author":[{"embeddable":true,"href":"https:\/\/goiasemtempo.com.br\/home\/wp-json\/wp\/v2\/users\/3"}],"replies":[{"embeddable":true,"href":"https:\/\/goiasemtempo.com.br\/home\/wp-json\/wp\/v2\/comments?post=80168"}],"version-history":[{"count":1,"href":"https:\/\/goiasemtempo.com.br\/home\/wp-json\/wp\/v2\/posts\/80168\/revisions"}],"predecessor-version":[{"id":80170,"href":"https:\/\/goiasemtempo.com.br\/home\/wp-json\/wp\/v2\/posts\/80168\/revisions\/80170"}],"wp:featuredmedia":[{"embeddable":true,"href":"https:\/\/goiasemtempo.com.br\/home\/wp-json\/wp\/v2\/media\/80169"}],"wp:attachment":[{"href":"https:\/\/goiasemtempo.com.br\/home\/wp-json\/wp\/v2\/media?parent=80168"}],"wp:term":[{"taxonomy":"category","embeddable":true,"href":"https:\/\/goiasemtempo.com.br\/home\/wp-json\/wp\/v2\/categories?post=80168"},{"taxonomy":"post_tag","embeddable":true,"href":"https:\/\/goiasemtempo.com.br\/home\/wp-json\/wp\/v2\/tags?post=80168"}],"curies":[{"name":"wp","href":"https:\/\/api.w.org\/{rel}","templated":true}]}}