{"id":80162,"date":"2025-12-14T18:22:15","date_gmt":"2025-12-14T18:22:15","guid":{"rendered":"https:\/\/goiasemtempo.com.br\/home\/?p=80162"},"modified":"2025-12-14T18:22:15","modified_gmt":"2025-12-14T18:22:15","slug":"roberto-carlos-bate-cadillac-em-gravacao-e-e-levado-para-o-hospital-em-gramado-rs","status":"publish","type":"post","link":"https:\/\/goiasemtempo.com.br\/home\/roberto-carlos-bate-cadillac-em-gravacao-e-e-levado-para-o-hospital-em-gramado-rs\/","title":{"rendered":"Roberto Carlos bate Cadillac em grava\u00e7\u00e3o e \u00e9 levado para o hospital em Gramado, RS"},"content":{"rendered":"<p><strong class=\"group-[.isActiveSource]:text-xl group-[.isActiveSource]:font-bold\">Roberto Carlos<\/strong>\u00a0teve um incidente na grava\u00e7\u00e3o do clipe de abertura de seu especial de fim de ano da Globo, em Gramado (RS), na madrugada deste domingo (14). O\u00a0<strong class=\"group-[.isActiveSource]:text-xl group-[.isActiveSource]:font-bold\">freio do Cadillac que dirigia falhou<\/strong>\u00a0e\u00a0<strong class=\"group-[.isActiveSource]:text-xl group-[.isActiveSource]:font-bold\">atingiu tr\u00eas carros de sua equipe<\/strong>.<\/p>\n<p>De acordo com nota oficial da Globo, &#8220;houve uma falha no freio do Cadillac conduzido pelo cantor&#8221;. &#8220;<a class=\"text-red-600 underline hover:text-red-500 font-medium break-words group-[.isActiveSource]:text-xl\" href=\"https:\/\/www.cnnbrasil.com.br\/entretenimento\/roberto-carlos-considera-abrir-radio-exclusiva-para-suas-musicas\/\" target=\"_blank\" rel=\"noopener noreferrer\">Roberto Carlos<\/a>\u00a0e outras tr\u00eas pessoas de sua equipe<strong class=\"group-[.isActiveSource]:text-xl group-[.isActiveSource]:font-bold\">\u00a0foram levados ao hospital<\/strong>\u00a0Arcanjo S\u00e3o Miguel [no centro de Gramado], atendidos para exames e liberados&#8221;.<\/p>\n<p>Foi a primeira vez que o &#8220;<strong class=\"group-[.isActiveSource]:text-xl group-[.isActiveSource]:font-bold\">Especial Roberto Carlos<\/strong>&#8221; foi realizado na cidade ga\u00facha. O show foi gravado na noite de sexta-feira (12) no Serra Park, mas o clipe de abertura estava sendo rodado na madrugada deste domingo (14).\u00a0 Sucessos como &#8220;Emo\u00e7\u00f5es&#8221; e &#8220;Esse Cara Sou Eu&#8221; foram entoados, al\u00e9m de duetos com\u00a0<strong class=\"group-[.isActiveSource]:text-xl group-[.isActiveSource]:font-bold\">Jo\u00e3o Gomes, Jorge Ben Jor, Faf\u00e1 de Bel\u00e9m\u00a0<\/strong>e<strong class=\"group-[.isActiveSource]:text-xl group-[.isActiveSource]:font-bold\">\u00a0Supla<\/strong>.<\/p>\n<div id=\"chunk-htdf\">\n<div class=\"mc-column content-text active-extra-styles \" data-block-type=\"unstyled\" data-block-weight=\"37\" data-block-id=\"5\">\n<p class=\" content-text__container \" data-track-category=\"Link no Texto\" data-track-links=\"\" data-mrf-recirculation=\"Artigo - Link No Texto\">No in\u00edcio da tarde, a equipe do cantor divulgou uma nota reiterando que ele passa bem.<\/p>\n<\/div>\n<\/div>\n<div id=\"chunk-5u57f\">\n<div class=\"mc-column content-text active-extra-styles \" data-block-type=\"unstyled\" data-block-weight=\"59\" data-block-id=\"6\">\n<p class=\" content-text__container \" data-track-category=\"Link no Texto\" data-track-links=\"\" data-mrf-recirculation=\"Artigo - Link No Texto\">&#8220;Gostar\u00edamos de informar que, durante as grava\u00e7\u00f5es do especial de fim de ano da TV Globo, Roberto Carlos se envolveu em um pequeno acidente de carro. Ele foi atendido no hospital de Gramado e liberado logo depois, sem maiores problemas. Agradecemos sinceramente as demonstra\u00e7\u00f5es de carinho e tranquilizamos a todos informando que os envolvidos passam bem&#8221;, informou o comunicado.<\/p>\n<\/div>\n<\/div>\n<div id=\"chunk-1ir2e\">\n<div class=\"content-ads content-ads--reveal\" data-block-type=\"ads\" data-block-id=\"7\">\n<div id=\"banner_materia2\" class=\"tag-manager-publicidade-container tag-manager-publicidade-banner_materia2 tag-manager-publicidade-container--carregado tag-manager-publicidade-container--visivel\" data-google-query-id=\"CLivnd3YvZEDFZ44HgAdEB8LtA\"><\/div>\n<\/div>\n<\/div>\n","protected":false},"excerpt":{"rendered":"<p>Roberto Carlos\u00a0teve um incidente na grava\u00e7\u00e3o do clipe de abertura de seu especial de fim de ano da Globo, em Gramado (RS), na madrugada deste domingo (14). O\u00a0freio do Cadillac que dirigia falhou\u00a0e\u00a0atingiu tr\u00eas carros de sua equipe. De acordo com nota oficial da Globo, &#8220;houve uma falha no freio do Cadillac conduzido pelo cantor&#8221;. &hellip;<\/p>\n","protected":false},"author":3,"featured_media":80163,"comment_status":"closed","ping_status":"open","sticky":false,"template":"","format":"standard","meta":{"footnotes":""},"categories":[472,66,4],"tags":[],"class_list":["post-80162","post","type-post","status-publish","format-standard","has-post-thumbnail","hentry","category-famosos","category-musica","category-ultimas-noticias"],"_links":{"self":[{"href":"https:\/\/goiasemtempo.com.br\/home\/wp-json\/wp\/v2\/posts\/80162","targetHints":{"allow":["GET"]}}],"collection":[{"href":"https:\/\/goiasemtempo.com.br\/home\/wp-json\/wp\/v2\/posts"}],"about":[{"href":"https:\/\/goiasemtempo.com.br\/home\/wp-json\/wp\/v2\/types\/post"}],"author":[{"embeddable":true,"href":"https:\/\/goiasemtempo.com.br\/home\/wp-json\/wp\/v2\/users\/3"}],"replies":[{"embeddable":true,"href":"https:\/\/goiasemtempo.com.br\/home\/wp-json\/wp\/v2\/comments?post=80162"}],"version-history":[{"count":1,"href":"https:\/\/goiasemtempo.com.br\/home\/wp-json\/wp\/v2\/posts\/80162\/revisions"}],"predecessor-version":[{"id":80164,"href":"https:\/\/goiasemtempo.com.br\/home\/wp-json\/wp\/v2\/posts\/80162\/revisions\/80164"}],"wp:featuredmedia":[{"embeddable":true,"href":"https:\/\/goiasemtempo.com.br\/home\/wp-json\/wp\/v2\/media\/80163"}],"wp:attachment":[{"href":"https:\/\/goiasemtempo.com.br\/home\/wp-json\/wp\/v2\/media?parent=80162"}],"wp:term":[{"taxonomy":"category","embeddable":true,"href":"https:\/\/goiasemtempo.com.br\/home\/wp-json\/wp\/v2\/categories?post=80162"},{"taxonomy":"post_tag","embeddable":true,"href":"https:\/\/goiasemtempo.com.br\/home\/wp-json\/wp\/v2\/tags?post=80162"}],"curies":[{"name":"wp","href":"https:\/\/api.w.org\/{rel}","templated":true}]}}