{"id":80017,"date":"2025-12-04T13:07:13","date_gmt":"2025-12-04T13:07:13","guid":{"rendered":"https:\/\/goiasemtempo.com.br\/home\/?p=80017"},"modified":"2025-12-04T13:07:13","modified_gmt":"2025-12-04T13:07:13","slug":"equatorial-goias-e-a-principal-patrocinadora-da-17a-edicao-do-natal-do-instituto-rizzo-em-goiania","status":"publish","type":"post","link":"https:\/\/goiasemtempo.com.br\/home\/equatorial-goias-e-a-principal-patrocinadora-da-17a-edicao-do-natal-do-instituto-rizzo-em-goiania\/","title":{"rendered":"Equatorial\u202fGoi\u00e1s\u202f\u00e9 a principal patrocinadora da 17\u00aa edi\u00e7\u00e3o do Natal do Instituto Rizzo em Goi\u00e2nia"},"content":{"rendered":"<div>\n<div>\u202fA\u202fEquatorial\u202fGoi\u00e1s \u00e9 a principal\u202fpatrocinadora do Natal do Instituto Rizzo que, em sua 17\u00aa edi\u00e7\u00e3o, ir\u00e1 preencher a Avenida Cora Coralina no Setor Sul, em Goi\u00e2nia, com o esp\u00edrito natalino. A programa\u00e7\u00e3o acontece neste s\u00e1bado (6), a partir das 16h com apresenta\u00e7\u00f5es de teatro, m\u00fasica, coral, banda e um show de luzes. Contando com a\u00e7\u00e3o da distribuidora atrav\u00e9s do projeto E+\u00a0Educa\u00e7\u00e3o,\u00a0a companhia vai levar a Nave Equatorial e o Equatorial Game no local do evento.<\/div>\n<\/div>\n<div>\n<div><\/div>\n<\/div>\n<div>\n<div>A Avenida Cora Coralina celebrar\u00e1 a tradi\u00e7\u00e3o\u00a0natalina\u00a0com tradu\u00e7\u00e3o simult\u00e2nea de Libras\u00a0em todas as performances.\u00a0\u00c9 uma\u00a0forma de transformar a cidade para o festejo\u00a0com foco em inclus\u00e3o.\u00a0Um compromisso do Instituto e da distribuidora\u00a0garantindo um Natal acess\u00edvel e cheio de magia para as fam\u00edlias goianas.<\/div>\n<\/div>\n<div>\n<div><\/div>\n<\/div>\n<div>\n<div>A Equatorial Goi\u00e1s \u00e9 patrocinadora do evento h\u00e1 quase tr\u00eas 3 anos, desde que iniciou a concess\u00e3o no estado. A companhia apoia esse marco da agenda cultural da capital que gera mais de 300 empregos de forma direta e indireta. Al\u00e9m da import\u00e2ncia cultural e da valoriza\u00e7\u00e3o da cultura goiana que o evento traz com suas atra\u00e7\u00f5es\u00a0e artistas.<\/div>\n<\/div>\n<div>\n<div><\/div>\n<\/div>\n<div>\n<div>\u201cUm momento para sentir e se conectar com o Natal! Esse evento foi pensado para todos e a Equatorial n\u00e3o perderia a chance de celebrar junto com Goi\u00e2nia. Aproveitamos para refor\u00e7ar o convite para que todos possam prestigiar o Natal do Instituto Rizzo neste s\u00e1bado (6)\u201d, afirma o executivo de Comunica\u00e7\u00e3o da Equatorial Goi\u00e1s, La\u00e9rcio Carneiro.<\/div>\n<\/div>\n<div>\n<div><b>\u00a0<\/b><\/div>\n<\/div>\n<div>\n<div><b>Hist\u00f3ria<\/b><\/div>\n<\/div>\n<div>\n<div><\/div>\n<\/div>\n<div>\n<div>A Cantata de Natal do Instituto Rizzo, realizada desde 2009, \u00e9 um evento que celebra a inclus\u00e3o e o verdadeiro encanto natalino. Um marco na agenda cultural de Goi\u00e2nia, esta noite especial,\u00a0\u00e9\u00a0gratuita e\u00a0aberta ao p\u00fablico.<\/div>\n<\/div>\n<div>\n<div><\/div>\n<\/div>\n<div>\n<div>A\u00a0estrutura e a organiza\u00e7\u00e3o do evento s\u00e3o pensadas para acolher e proporcionar uma experi\u00eancia confort\u00e1vel e segura para pessoas com defici\u00eancia\u00a0(PCDs), idosos, crian\u00e7as e adultos, refor\u00e7ando o esp\u00edrito de uni\u00e3o e solidariedade caracter\u00edsticos\u00a0do Natal. \u201cO Natal do Instituto Rizzo \u00e9 uma festa da nossa cidade. Um encontro de pessoas, talentos e hist\u00f3rias que refletem o esp\u00edrito de solidariedade e encantamento desta \u00e9poca\u201d,\u00a0destaca\u00a0a\u00a0presidente do Instituto Rizzo, Gabriela Rizzo.<\/div>\n<\/div>\n<div>\n<div><b>\u00a0<\/b><\/div>\n<\/div>\n<div>\n<div><b>E+ Educa\u00e7\u00e3o \u00a0<\/b><\/div>\n<\/div>\n<div>\n<div><\/div>\n<\/div>\n<div>\n<div>O Projeto E+ Educa\u00e7\u00e3o \u00e9 uma das diversas iniciativas\u202fdo\u202fGrupo\u202f<wbr \/>Equatorial, em suas\u00a0a\u00e7\u00f5es com o compromisso\u202fde\u202f<wbr \/>Responsabilidade Social da distribuidora, por meio\u202fdo\u202fPrograma\u202fde\u202fEfici\u00eancia Energ\u00e9tica. Entre os programas\u202fdo\u202fE+ Educacional, a nave \u00e9 uma unidade m\u00f3vel que leva uma experi\u00eancia tecnol\u00f3gica com realidade aumentada, cinema 7D imersivo e jogos interativos que instigam o aprendizado\u202fde\u202fforma l\u00fadica. Juntando tecnologia e aprendizado sobre energia, uso consciente e cuidados com o meio ambiente.<\/div>\n<\/div>\n<div>\n<div><\/div>\n<\/div>\n<div>\n<div><b>Servi\u00e7o: Natal do Instituto Rizzo \u00a0<\/b><\/div>\n<\/div>\n<div>\n<div><b>Programa\u00e7\u00e3o\u00a0na Av.\u00a0Cora Coralina, n\u00ba 242, Setor Sul \u00a0<\/b><\/div>\n<\/div>\n<div>\n<div><\/div>\n<\/div>\n<div>\n<div><b>Coral de m\u00fasicas natalinas \u00a0<\/b><\/div>\n<\/div>\n<div>\n<div>Hor\u00e1rio: 17h<\/div>\n<\/div>\n<div>\n<div>O que \u00e9: Apresenta\u00e7\u00e3o do Centro Educacional Bil\u00edngue de Surdos de Goi\u00e2nia (CEBS), com can\u00e7\u00f5es interpretadas em Libras, celebrando a inclus\u00e3o e a magia do Natal e Coral Cuidarte\u00a0&#8211; Instituto Unimed.<\/div>\n<\/div>\n<div>\n<div><\/div>\n<\/div>\n<div>\n<div><b>Espet\u00e1culo de com\u00e9dia de improviso \u201cO \u00c1baco\u201d<\/b><\/div>\n<\/div>\n<div>\n<div>Hor\u00e1rio: 18h<\/div>\n<\/div>\n<div>\n<div>O que \u00e9: O Grupo Fruta Bruta traz humor e intera\u00e7\u00e3o com o p\u00fablico em uma apresenta\u00e7\u00e3o leve e divertida.<\/div>\n<\/div>\n<div>\n<div><\/div>\n<\/div>\n<div>\n<div><b>Corpo Musical da Pol\u00edcia Militar de Goi\u00e1s (PMGO) \u00a0<\/b><\/div>\n<\/div>\n<div>\n<div>Hor\u00e1rio: 19h<\/div>\n<\/div>\n<div>\n<div>O que \u00e9: Cl\u00e1ssicos natalinos e sucessos populares interpretados pela banda da PMGO, enchendo a avenida de m\u00fasica e emo\u00e7\u00e3o.<\/div>\n<\/div>\n<div>\n<div><\/div>\n<\/div>\n<div>\n<div><b>Pe\u00e7a teatral \u201cO Auto de Natal: O Nascimento do Rei\u201d<\/b><\/div>\n<\/div>\n<div>\n<div>Hor\u00e1rio: 20h<\/div>\n<\/div>\n<div>\n<div>O que \u00e9: Apresenta\u00e7\u00e3o da Du Caixote Cia e Arte, com encena\u00e7\u00e3o especial sobre o nascimento de Jesus, unindo f\u00e9, arte e encantamento.<\/div>\n<\/div>\n<div>\n<div><b>\u00a0<\/b><\/div>\n<\/div>\n<div>\n<div><b>Durante todo o evento:\u00a0<\/b><\/div>\n<\/div>\n<div>\n<div><\/div>\n<\/div>\n<div>\n<div><b>Feira Expo Mulher Gyn<\/b><\/div>\n<\/div>\n<div>\n<div>O que \u00e9:\u00a0Feira Criativa da Unimed\u00a0com\u00a0participa\u00e7\u00e3o da Allegria\u00a0Personagens Vivos, garantindo divers\u00e3o, gastronomia e oportunidades de compra de produtos artesanais.<\/div>\n<\/div>\n<div>\n<div><\/div>\n<\/div>\n<div>\n<div><b>Nave Educacional \u00a0<\/b><\/div>\n<\/div>\n<div>\n<div>Quando: S\u00e1bado (6), a partir das 16h.<\/div>\n<\/div>\n<div>\n<div>Local:\u00a0Lateral do palco<\/div>\n<\/div>\n<div>\n<div><\/div>\n<\/div>\n<div>\n<div><b>Equatorial Game\u00a0<\/b><\/div>\n<\/div>\n<div>\n<div>Quando: S\u00e1bado (6), a partir das 16h.<\/div>\n<\/div>\n<div>\n<div>Local:\u00a0Lateral do\u00a0palco<\/div>\n<\/div>\n<div>\n<div><\/div>\n<\/div>\n","protected":false},"excerpt":{"rendered":"<p>\u202fA\u202fEquatorial\u202fGoi\u00e1s \u00e9 a principal\u202fpatrocinadora do Natal do Instituto Rizzo que, em sua 17\u00aa edi\u00e7\u00e3o, ir\u00e1 preencher a Avenida Cora Coralina no Setor Sul, em Goi\u00e2nia, com o esp\u00edrito natalino. A programa\u00e7\u00e3o acontece neste s\u00e1bado (6), a partir das 16h com apresenta\u00e7\u00f5es de teatro, m\u00fasica, coral, banda e um show de luzes. Contando com a\u00e7\u00e3o da &hellip;<\/p>\n","protected":false},"author":3,"featured_media":80018,"comment_status":"closed","ping_status":"open","sticky":false,"template":"","format":"standard","meta":{"_exactmetrics_skip_tracking":false,"_exactmetrics_sitenote_active":false,"_exactmetrics_sitenote_note":"","_exactmetrics_sitenote_category":0,"footnotes":""},"categories":[50,11,473],"tags":[],"_links":{"self":[{"href":"https:\/\/goiasemtempo.com.br\/home\/wp-json\/wp\/v2\/posts\/80017"}],"collection":[{"href":"https:\/\/goiasemtempo.com.br\/home\/wp-json\/wp\/v2\/posts"}],"about":[{"href":"https:\/\/goiasemtempo.com.br\/home\/wp-json\/wp\/v2\/types\/post"}],"author":[{"embeddable":true,"href":"https:\/\/goiasemtempo.com.br\/home\/wp-json\/wp\/v2\/users\/3"}],"replies":[{"embeddable":true,"href":"https:\/\/goiasemtempo.com.br\/home\/wp-json\/wp\/v2\/comments?post=80017"}],"version-history":[{"count":1,"href":"https:\/\/goiasemtempo.com.br\/home\/wp-json\/wp\/v2\/posts\/80017\/revisions"}],"predecessor-version":[{"id":80019,"href":"https:\/\/goiasemtempo.com.br\/home\/wp-json\/wp\/v2\/posts\/80017\/revisions\/80019"}],"wp:featuredmedia":[{"embeddable":true,"href":"https:\/\/goiasemtempo.com.br\/home\/wp-json\/wp\/v2\/media\/80018"}],"wp:attachment":[{"href":"https:\/\/goiasemtempo.com.br\/home\/wp-json\/wp\/v2\/media?parent=80017"}],"wp:term":[{"taxonomy":"category","embeddable":true,"href":"https:\/\/goiasemtempo.com.br\/home\/wp-json\/wp\/v2\/categories?post=80017"},{"taxonomy":"post_tag","embeddable":true,"href":"https:\/\/goiasemtempo.com.br\/home\/wp-json\/wp\/v2\/tags?post=80017"}],"curies":[{"name":"wp","href":"https:\/\/api.w.org\/{rel}","templated":true}]}}