{"id":80010,"date":"2025-12-03T04:50:58","date_gmt":"2025-12-03T04:50:58","guid":{"rendered":"https:\/\/goiasemtempo.com.br\/home\/?p=80010"},"modified":"2025-12-03T04:50:58","modified_gmt":"2025-12-03T04:50:58","slug":"padre-kelmo-convoca-cristaos-de-todo-o-brasil-para-um-grande-exorcismo-espiritual-na-avenida-paulista-no-proximo-domingo","status":"publish","type":"post","link":"https:\/\/goiasemtempo.com.br\/home\/padre-kelmo-convoca-cristaos-de-todo-o-brasil-para-um-grande-exorcismo-espiritual-na-avenida-paulista-no-proximo-domingo\/","title":{"rendered":"Padre Kelmo convoca crist\u00e3os de todo o Brasil para um grande exorcismo espiritual na Avenida Paulista no pr\u00f3ximo domingo"},"content":{"rendered":"<div class=\"background-overlay\">\n<div id=\"tie-container\" class=\"site tie-container\">\n<div id=\"tie-wrapper\">\n<div id=\"content\" class=\"site-content container\">\n<div id=\"main-content-row\" class=\"tie-row main-content-row\">\n<div class=\"main-content tie-col-md-8 tie-col-xs-12\" role=\"main\">\n<article id=\"the-post\" class=\"container-wrapper post-content tie-standard\">\n<div class=\"entry-content entry clearfix\">\n<p><strong><em>A Avenida Paulista, cora\u00e7\u00e3o pulsante do Brasil, ser\u00e1 tomada neste domingo por um ato hist\u00f3rico.<\/em><\/strong><\/p>\n<p>O evento idealizado pelo\u00a0<strong><em>Padre Kelmo<\/em><\/strong>\u00a0promete unir crist\u00e3os de todas as denomina\u00e7\u00f5es \u2014\u00a0<strong>cat\u00f3licos, evang\u00e9licos, ortodoxos, esp\u00edritas, espiritualistas\u00a0 e simpatizantes<\/strong>\u00a0\u2014 em um poderoso exorcismo espiritual coletivo, destinado a expulsar da na\u00e7\u00e3o as for\u00e7as de maldade, injusti\u00e7a e persegui\u00e7\u00e3o que, segundo os organizadores, assolam o pa\u00eds.<br \/>\nE n\u00e3o \u00e9 apenas uma vig\u00edlia.<\/p>\n<p>\u00c9 uma convoca\u00e7\u00e3o nacional, um despertar espiritual e tamb\u00e9m pol\u00edtico, que pretende marcar posi\u00e7\u00e3o contra o avan\u00e7o da esquerda, do socialismo e de tudo aquilo que simboliza a opress\u00e3o moral e espiritual sobre o povo brasileiro.<\/p>\n<p><strong>UM ATO DE F\u00c9, CORAGEM E RESIST\u00caNCIA<\/strong><\/p>\n<p><strong>A concentra\u00e7\u00e3o ocorrer\u00e1 em frente ao pr\u00e9dio da TV Gazeta, \u00e0s 14h.<\/strong><\/p>\n<p>De l\u00e1, os participantes seguir\u00e3o em caminhada at\u00e9 a<strong>\u00a0Catedral da S\u00e9,\u00a0<em>transformando a avenida mais famosa do pa\u00eds em um verdadeiro corredor de ora\u00e7\u00e3o, c\u00e2nticos e clamor pela liberta\u00e7\u00e3o do Brasil.<\/em><\/strong><\/p>\n<p><strong>O evento tamb\u00e9m ter\u00e1 um foco claro:<\/strong><br \/>\n\u27a1\ufe0f\u00a0A anistia para brasileiros presos politicamente<br \/>\n\u27a1\ufe0f\u00a0O pedido pela liberdade do ex-presidente Jair Bolsonaro<\/p>\n<blockquote><p><em>Segundo os organizadores, trata-se de uma caminhada<\/em><\/p>\n<p><em>pela liberdade, pela justi\u00e7a e contra a persegui\u00e7\u00e3o a inocentes que apenas defendem seu pa\u00eds.<\/em><\/p><\/blockquote>\n<p><em><strong>EXORCISMO NACIONAL: O MAL EST\u00c1 COM OS DIAS CONTADOS NO BRASIL<\/strong><\/em><\/p>\n<blockquote><p><em>Padre Kelmo enfatiza que o momento exige uni\u00e3o espiritual:<\/em><\/p>\n<p><em>O Brasil est\u00e1 sob ataque.<\/em><\/p>\n<p><em>Mas o mal j\u00e1 sente que seu dom\u00ednio est\u00e1 chegando ao fim.<\/em><\/p>\n<p><em>Vamos expulsar as trevas da nossa na\u00e7\u00e3o com a for\u00e7a da f\u00e9 e com a uni\u00e3o de todos os crist\u00e3os.<\/em><\/p><\/blockquote>\n<p><em><strong>A proposta \u00e9 clara:<\/strong><\/em><\/p>\n<p><em><strong>realizar um exorcismo simb\u00f3lico contra tudo aquilo que degrada moralmente o pa\u00eds<\/strong>,\u00a0<strong>desde a corrup\u00e7\u00e3o at\u00e9 a persegui\u00e7\u00e3o pol\u00edtica, passando pelo clima de hostilidade criado contra milh\u00f5es de brasileiros conservadores.<\/strong><\/em><\/p>\n<p><strong>A Vig\u00edlia em Movimento<\/strong>\u00a0carrega a mensagem de que a f\u00e9 ainda \u00e9 \u2014 e sempre ser\u00e1 \u2014 a arma mais poderosa do povo brasileiro.<\/p>\n<p><strong>CONVITE FINAL: O BRASIL PRECISA DE VOC\u00ca<\/strong><\/p>\n<p>Este n\u00e3o \u00e9 um simples evento. \u00c9 um chamado.<\/p>\n<p>Um chamado para quem acredita no Brasil.<\/p>\n<p>Para quem acredita na justi\u00e7a.<\/p>\n<p>Para quem se recusa a aceitar a destrui\u00e7\u00e3o dos valores crist\u00e3os e da liberdade de express\u00e3o.<\/p>\n<p><strong><em>Se voc\u00ea defende um Brasil livre da esquerda, do socialismo e da opress\u00e3o, seu lugar \u00e9 na Avenida Paulista neste domingo.<\/em><\/strong><br \/>\n\u27a1\ufe0f\u00a0Data: Domingo, dia 7<br \/>\n\u27a1\ufe0f\u00a0Hora: 14h<br \/>\n\u27a1\ufe0f\u00a0Local: Em frente ao pr\u00e9dio da TV Gazeta<br \/>\n\u27a1\ufe0f\u00a0Destina\u00e7\u00e3o: Caminhada at\u00e9 a Catedral da S\u00e9<br \/>\n<strong>Traga sua f\u00e9. Traga sua voz. Traga seu cora\u00e7\u00e3o.<\/strong><br \/>\n<strong><em>Porque o Brasil precisa \u2014 mais do que nunca \u2014 de todos n\u00f3s unidos pela verdade, pela justi\u00e7a e pela liberta\u00e7\u00e3o espiritual<\/em><\/strong>.<\/p>\n<p><em><strong>\u00a0VAMOS EXORCIZAR A AVENIDA PAULISTA. VAMOS EXORCIZAR O BRASIL.\u00a0<\/strong><\/em><\/p>\n<p><em><strong>Por: GILDO RIBEIRO<\/strong><\/em><br \/>\n<em><strong>Reda\u00e7\u00e3o\u00a0 7Minutos \u2014 Bras\u00edlia<\/strong><\/em><\/p>\n<\/div>\n<\/article>\n<\/div>\n<\/div>\n<\/div>\n<\/div>\n<\/div>\n<\/div>\n<div id=\"cookie-notice\" class=\"cookie-revoke-hidden cn-position-bottom cn-effect-fade cookie-notice-visible\" role=\"dialog\" aria-label=\"Cookie Notice\">\n<div class=\"cookie-notice-container\">Link original da mat\u00e9ria:\u00a0<a href=\"https:\/\/7minutos.com.br\/estilo\/padre-kelmo-convoca-cristaos-de-todo-o-brasil-para-um-grande-exorcismo-espiritual-na-avenida-paulista-no-proximo-domingo\/\">https:\/\/7minutos.com.br\/estilo\/padre-kelmo-convoca-cristaos-de-todo-o-brasil-para-um-grande-exorcismo-espiritual-na-avenida-paulista-no-proximo-domingo\/<\/a><\/div>\n<\/div>\n","protected":false},"excerpt":{"rendered":"<p>A Avenida Paulista, cora\u00e7\u00e3o pulsante do Brasil, ser\u00e1 tomada neste domingo por um ato hist\u00f3rico. O evento idealizado pelo\u00a0Padre Kelmo\u00a0promete unir crist\u00e3os de todas as denomina\u00e7\u00f5es \u2014\u00a0cat\u00f3licos, evang\u00e9licos, ortodoxos, esp\u00edritas, espiritualistas\u00a0 e simpatizantes\u00a0\u2014 em um poderoso exorcismo espiritual coletivo, destinado a expulsar da na\u00e7\u00e3o as for\u00e7as de maldade, injusti\u00e7a e persegui\u00e7\u00e3o que, segundo os organizadores, &hellip;<\/p>\n","protected":false},"author":3,"featured_media":80011,"comment_status":"closed","ping_status":"open","sticky":false,"template":"","format":"standard","meta":{"_exactmetrics_skip_tracking":false,"_exactmetrics_sitenote_active":false,"_exactmetrics_sitenote_note":"","_exactmetrics_sitenote_category":0,"footnotes":""},"categories":[466,467],"tags":[],"_links":{"self":[{"href":"https:\/\/goiasemtempo.com.br\/home\/wp-json\/wp\/v2\/posts\/80010"}],"collection":[{"href":"https:\/\/goiasemtempo.com.br\/home\/wp-json\/wp\/v2\/posts"}],"about":[{"href":"https:\/\/goiasemtempo.com.br\/home\/wp-json\/wp\/v2\/types\/post"}],"author":[{"embeddable":true,"href":"https:\/\/goiasemtempo.com.br\/home\/wp-json\/wp\/v2\/users\/3"}],"replies":[{"embeddable":true,"href":"https:\/\/goiasemtempo.com.br\/home\/wp-json\/wp\/v2\/comments?post=80010"}],"version-history":[{"count":1,"href":"https:\/\/goiasemtempo.com.br\/home\/wp-json\/wp\/v2\/posts\/80010\/revisions"}],"predecessor-version":[{"id":80012,"href":"https:\/\/goiasemtempo.com.br\/home\/wp-json\/wp\/v2\/posts\/80010\/revisions\/80012"}],"wp:featuredmedia":[{"embeddable":true,"href":"https:\/\/goiasemtempo.com.br\/home\/wp-json\/wp\/v2\/media\/80011"}],"wp:attachment":[{"href":"https:\/\/goiasemtempo.com.br\/home\/wp-json\/wp\/v2\/media?parent=80010"}],"wp:term":[{"taxonomy":"category","embeddable":true,"href":"https:\/\/goiasemtempo.com.br\/home\/wp-json\/wp\/v2\/categories?post=80010"},{"taxonomy":"post_tag","embeddable":true,"href":"https:\/\/goiasemtempo.com.br\/home\/wp-json\/wp\/v2\/tags?post=80010"}],"curies":[{"name":"wp","href":"https:\/\/api.w.org\/{rel}","templated":true}]}}