{"id":7995,"date":"2017-12-31T20:27:33","date_gmt":"2017-12-31T20:27:33","guid":{"rendered":"http:\/\/goiasemtempo.com.br\/home\/?p=7995"},"modified":"2017-12-31T20:27:33","modified_gmt":"2017-12-31T20:27:33","slug":"siria-forcas-de-assad-avancam-sobre-extremistas-em-idlib","status":"publish","type":"post","link":"https:\/\/goiasemtempo.com.br\/home\/siria-forcas-de-assad-avancam-sobre-extremistas-em-idlib\/","title":{"rendered":"S\u00edria: for\u00e7as de Assad avan\u00e7am sobre extremistas em Idlib"},"content":{"rendered":"<p>As for\u00e7as do regime s\u00edrio avan\u00e7avam, neste s\u00e1bado (30), na periferia da prov\u00edncia de Idlib frente aos extremistas e aos rebeldes, tomando o controle de v\u00e1rias localidades no noroeste do pa\u00eds, onde os combates continuam &#8211; informou a ag\u00eancia oficial de not\u00edcias Sana.<\/p>\n<p>Apoiadas pela Avia\u00e7\u00e3o russa, as tropas do regime realizam desde segunda-feira (25) uma opera\u00e7\u00e3o na periferia de Idlib, a \u00fanica que escapa completamente do controle do presidente Bashar al-Assad.<\/p>\n<p>A prov\u00edncia est\u00e1 dominada pela Frente Fateh al-Sham, ex-bra\u00e7o s\u00edrio da Al-Qaeda.<\/p>\n<p>O objetivo \u00e9 conquistar o sudeste dessa prov\u00edncia, onde tamb\u00e9m est\u00e3o presentes grupos rebeldes, para assegurar uma estrada que una Aleppo, a segunda cidade do pa\u00eds, a Damasco, a capital, segundo o Observat\u00f3rio S\u00edrio dos Direitos Humanos (OSDH).<\/p>\n<p>As for\u00e7as do regime continuam avan\u00e7ando, os combates continuam com viol\u00eancia. H\u00e1 ataques a\u00e9reos do regime e da avia\u00e7\u00e3o russa e disparos da artilharia, disse \u00e0 AFP o diretor do OSDH, Rami Abdel Rahman.<\/p>\n<p>Desde quinta-feira, morreram nos confrontos 32 combatentes pr\u00f3-governo, 29 do campo contr\u00e1rio e 21 civis, segundo um novo balan\u00e7o do OSDH.<\/p>\n<p>Por outro lado, pelo menos 14 civis morreram neste s\u00e1bado -incluindo duas crian\u00e7as e um enfermeiro- e 43 ficaram feridas em Guta Oriental, a grande maioria por bombardeios e disparos da artilharia do regime, segundo o OSDH.<\/p>\n<p>Guta, situada a leste da capital, \u00e9 o \u00faltimo basti\u00e3o rebelde e h\u00e1 v\u00e1rias semanas est\u00e1 sendo intensamente bombardeada pelo governo.<\/p>\n","protected":false},"excerpt":{"rendered":"<p>As for\u00e7as do regime s\u00edrio avan\u00e7avam, neste s\u00e1bado (30), na periferia da prov\u00edncia de Idlib frente aos extremistas e aos rebeldes, tomando o controle de v\u00e1rias localidades no noroeste do pa\u00eds, onde os combates continuam &#8211; informou a ag\u00eancia oficial de not\u00edcias Sana. Apoiadas pela Avia\u00e7\u00e3o russa, as tropas do regime realizam desde segunda-feira (25) &hellip;<\/p>\n","protected":false},"author":2,"featured_media":7849,"comment_status":"open","ping_status":"open","sticky":false,"template":"","format":"standard","meta":{"_exactmetrics_skip_tracking":false,"_exactmetrics_sitenote_active":false,"_exactmetrics_sitenote_note":"","_exactmetrics_sitenote_category":0,"footnotes":""},"categories":[4],"tags":[],"_links":{"self":[{"href":"https:\/\/goiasemtempo.com.br\/home\/wp-json\/wp\/v2\/posts\/7995"}],"collection":[{"href":"https:\/\/goiasemtempo.com.br\/home\/wp-json\/wp\/v2\/posts"}],"about":[{"href":"https:\/\/goiasemtempo.com.br\/home\/wp-json\/wp\/v2\/types\/post"}],"author":[{"embeddable":true,"href":"https:\/\/goiasemtempo.com.br\/home\/wp-json\/wp\/v2\/users\/2"}],"replies":[{"embeddable":true,"href":"https:\/\/goiasemtempo.com.br\/home\/wp-json\/wp\/v2\/comments?post=7995"}],"version-history":[{"count":1,"href":"https:\/\/goiasemtempo.com.br\/home\/wp-json\/wp\/v2\/posts\/7995\/revisions"}],"predecessor-version":[{"id":7996,"href":"https:\/\/goiasemtempo.com.br\/home\/wp-json\/wp\/v2\/posts\/7995\/revisions\/7996"}],"wp:featuredmedia":[{"embeddable":true,"href":"https:\/\/goiasemtempo.com.br\/home\/wp-json\/wp\/v2\/media\/7849"}],"wp:attachment":[{"href":"https:\/\/goiasemtempo.com.br\/home\/wp-json\/wp\/v2\/media?parent=7995"}],"wp:term":[{"taxonomy":"category","embeddable":true,"href":"https:\/\/goiasemtempo.com.br\/home\/wp-json\/wp\/v2\/categories?post=7995"},{"taxonomy":"post_tag","embeddable":true,"href":"https:\/\/goiasemtempo.com.br\/home\/wp-json\/wp\/v2\/tags?post=7995"}],"curies":[{"name":"wp","href":"https:\/\/api.w.org\/{rel}","templated":true}]}}