{"id":79890,"date":"2025-11-20T20:33:14","date_gmt":"2025-11-20T20:33:14","guid":{"rendered":"https:\/\/goiasemtempo.com.br\/home\/?p=79890"},"modified":"2025-11-20T20:34:30","modified_gmt":"2025-11-20T20:34:30","slug":"mega-aeroporto-e-centro-logistico-no-centro-oeste-em-anapolis-a-aerotropolis-central-de-r-28-bilhoes-na-fns-que-gerara-60-mil-empregos-e-reorganizara-o-brasil","status":"publish","type":"post","link":"https:\/\/goiasemtempo.com.br\/home\/mega-aeroporto-e-centro-logistico-no-centro-oeste-em-anapolis-a-aerotropolis-central-de-r-28-bilhoes-na-fns-que-gerara-60-mil-empregos-e-reorganizara-o-brasil\/","title":{"rendered":"Mega aeroporto e centro log\u00edstico em An\u00e1polis: A \u2018Aerotr\u00f3polis Central\u2019 de R$ 2,8 bilh\u00f5es na FNS que gerar\u00e1 60 mil empregos e reorganizar\u00e1 o Brasil"},"content":{"rendered":"<p>Um esfor\u00e7o de infraestrutura de\u00a0<strong>escala colossal<\/strong>\u00a0est\u00e1 em pleno andamento para transformar o eixo\u00a0<strong>An\u00e1polis-Bras\u00edlia<\/strong>\u00a0no novo centro gravitacional log\u00edstico do Brasil. Capitalizando a centralidade geogr\u00e1fica de Goi\u00e1s, o projeto da Plataforma Log\u00edstica Multimodal (PLM-GO) est\u00e1 saindo do papel, integrando modais de alta capacidade para criar o\u00a0<strong>mega aeroporto e centro log\u00edstico no Centro-Oeste<\/strong>. Este hub, j\u00e1 apelidado pelo mercado de\u00a0<strong>\u201cAerotr\u00f3polis Central\u201d<\/strong>, n\u00e3o \u00e9 apenas um agrupamento de transporte; \u00e9 uma reengenharia estrat\u00e9gica da matriz log\u00edstica do pa\u00eds.<\/p>\n<p>O objetivo fundamental \u00e9 resolver gargalos hist\u00f3ricos de distribui\u00e7\u00e3o e\u00a0<strong>reduzir o \u201cCusto Brasil\u201d<\/strong>. A iniciativa visa a integra\u00e7\u00e3o sin\u00e9rgica de tr\u00eas pilares: o\u00a0<strong>ferrovi\u00e1rio<\/strong>, liderado pela Ferrovia Norte-Sul (FNS); o\u00a0<strong>a\u00e9reo<\/strong>, com o Aeroporto de Cargas de An\u00e1polis; e o\u00a0<strong>rodovi\u00e1rio<\/strong>, complementado por uma infraestrutura alfandeg\u00e1ria de ponta. Juntos, esses modais devem articular de forma eficiente os sistemas de transporte do Sul e do emergente Norte, posicionando o Centro-Oeste como o principal ponto de distribui\u00e7\u00e3o do pa\u00eds.<\/p>\n<h2 id=\"h-o-alicerce-legal-a-aerotropolis-no-plano-diretor\" class=\"wp-block-heading\">O alicerce legal: a \u201cAerotr\u00f3polis\u201d no Plano Diretor<\/h2>\n<p>O conceito de \u201cAerotr\u00f3polis Central\u201d \u00e9 mais do que um termo de mercado; \u00e9 um projeto ancorado legalmente no planejamento territorial do munic\u00edpio. Conforme o\u00a0<strong>Plano Diretor de An\u00e1polis (SAPL)<\/strong>, o desenvolvimento do complexo \u00e9 formalizado pela cria\u00e7\u00e3o da\u00a0<strong>Zona de Desenvolvimento Econ\u00f4mico (ZDE)<\/strong>\u00a0e da\u00a0<strong>Zona Linear de Desenvolvimento Econ\u00f4mico (ZLDE)<\/strong>. Essas zonas s\u00e3o a base jur\u00eddica que permite e incentiva a ocupa\u00e7\u00e3o industrial e log\u00edstica ordenada.<\/p>\n<p>A ZDE \u00e9 designada especificamente para a implanta\u00e7\u00e3o de atividades log\u00edsticas, industriais e de desenvolvimento tecnol\u00f3gico, permitindo que clusters empresariais se formem ao redor da nova infraestrutura. A ZLDE, por sua vez, acompanha o tra\u00e7ado das rodovias, destinando-se a atividades multifuncionais. Essa estrutura\u00e7\u00e3o legal \u00e9 o que garante que o crescimento urbano e industrial de An\u00e1polis ocorra de forma coesa com o planejamento log\u00edstico, um fator crucial para o sucesso de um hub de distribui\u00e7\u00e3o dessa magnitude.<\/p>\n<h2 id=\"h-o-pilar-ferroviario-r-2-8-bilhoes-da-fns-como-catalisador\" class=\"wp-block-heading\">\u00a0R$ 2,8 bilh\u00f5es da FNS como catalisador<\/h2>\n<p>O vetor de maior impacto na movimenta\u00e7\u00e3o de volume da plataforma \u00e9, sem d\u00favida, o ferrovi\u00e1rio. A Ferrovia Norte-Sul (FNS) foi projetada para ser a espinha dorsal do transporte de carga nacional. Segundo informa\u00e7\u00f5es do\u00a0<strong>Minist\u00e9rio dos Transportes (Gov.br)<\/strong>, o leil\u00e3o do trecho da FNS resultou na concess\u00e3o \u00e0\u00a0<strong>Rumo S.A., que se comprometeu a investir R$ 2,8 bilh\u00f5es<\/strong>\u00a0na ferrovia. Este \u00e9 o investimento que garante a robustez operacional do complexo.<\/p>\n<p>O\u00a0<strong>Tramo Central da FNS<\/strong>, ligando Palmas (TO) a An\u00e1polis (GO), j\u00e1 est\u00e1 em opera\u00e7\u00e3o, conectando a plataforma goiana a vastas regi\u00f5es produtivas e, futuramente, aos portos do Norte. An\u00e1polis se consolida como o principal entroncamento do Centro-Oeste, abrigando terminais que atendem tanto a Ferrovia Norte-Sul quanto a Ferrovia Centro Atl\u00e2ntica (FCA). Por esses trilhos, escoam commodities de alto volume, como gr\u00e3os, min\u00e9rios e fertilizantes, mas tamb\u00e9m produtos de maior valor agregado, como a\u00e7\u00facar e prote\u00ednas em\u00a0<strong>cont\u00eaineres\u00a0<em>reefer<\/em>\u00a0(refrigerados)<\/strong>, com custos log\u00edsticos e seguran\u00e7a muito mais eficientes que o modal rodovi\u00e1rio.<\/p>\n<h2 id=\"h-o-pilar-aereo-o-desafio-de-r-250-milhoes-do-aeroporto\" class=\"wp-block-heading\">O pilar a\u00e9reo: o desafio de R$ 250 milh\u00f5es do aeroporto<\/h2>\n<figure class=\"wp-block-embed is-type-video is-provider-youtube wp-block-embed-youtube wp-embed-aspect-16-9 wp-has-aspect-ratio\">\n<div class=\"wp-block-embed__wrapper\">\n<div class=\"lazyload-youtube relative cursor-pointer max-w-full mb-5\" data-youtube-id=\"ulS1A4HdBe4\"><img decoding=\"async\" class=\"aspect-video w-full block rounded-lg\" src=\"https:\/\/i.ytimg.com\/vi_webp\/ulS1A4HdBe4\/hqdefault.webp\" alt=\"YouTube Video\" \/><\/div>\n<\/div>\n<\/figure>\n<p>O componente que justifica o nome \u201cAerotr\u00f3polis\u201d \u00e9 o Aeroporto de Cargas de An\u00e1polis (SWNS), cujo desenvolvimento foi historicamente lento. No entanto, um passo crucial para sua operacionaliza\u00e7\u00e3o foi dado recentemente. De acordo com a\u00a0<strong>Portaria n\u00ba 344 (Infraero\/SINEAA)<\/strong>, a explora\u00e7\u00e3o do aeroporto foi outorgada \u00e0\u00a0<strong>Empresa Brasileira de Infraestrutura Aeroportu\u00e1ria (Infraero) em julho de 2023<\/strong>. Essa transi\u00e7\u00e3o confere maior capacidade t\u00e9cnica e mitiga riscos de gest\u00e3o, integrando o terminal \u00e0 rede nacional da Infraero.<\/p>\n<p>Apesar do avan\u00e7o na governan\u00e7a, o potencial de \u201cMega Aeroporto\u201d ainda enfrenta um gargalo cr\u00edtico. A pista existente \u00e9 inadequada para operar grandes aeronaves cargueiras internacionais, como o Boeing 747F. A plena ativa\u00e7\u00e3o do modal a\u00e9reo depende da\u00a0<strong>constru\u00e7\u00e3o de uma nova pista de cargas, um investimento mandat\u00f3rio estimado em R$ 250 milh\u00f5es<\/strong>. A conclus\u00e3o desta obra \u00e9 a condi\u00e7\u00e3o essencial para que o hub de An\u00e1polis possa absorver os fluxos de polos saturados como Guarulhos e Curitiba, especialmente para atender o\u00a0<strong>Polo Farmoqu\u00edmico de Goi\u00e1s<\/strong>, o maior da Am\u00e9rica Latina.<\/p>\n<h2 id=\"h-a-engrenagem-rodoviaria-e-alfandegaria\" class=\"wp-block-heading\">A engrenagem rodovi\u00e1ria e alfandeg\u00e1ria<\/h2>\n<p>Nenhum hub log\u00edstico funciona sem uma engrenagem eficiente de alf\u00e2ndega e distribui\u00e7\u00e3o rodovi\u00e1ria. Em An\u00e1polis, essa fun\u00e7\u00e3o \u00e9 ancorada pelo\u00a0<strong>Porto Seco Centro-Oeste (PSCO)<\/strong>, que j\u00e1 demonstra desempenho robusto, respondendo por\u00a0<strong>50% de participa\u00e7\u00e3o nas importa\u00e7\u00f5es<\/strong>\u00a0do estado. O PSCO atua como o \u201cport\u00e3o\u201d alfandeg\u00e1rio do Centro-Oeste, agilizando a burocracia do com\u00e9rcio exterior e atraindo empresas que necessitam de gest\u00e3o log\u00edstica eficiente.<\/p>\n<div class=\"code-block code-block-3\">\n<div id=\"lx_733453\" class=\"__lxG__multi __lxG__multi_lx_733453\" data-cnt=\"2\"><\/div>\n<\/div>\n<p>A conectividade rodovi\u00e1ria, vital para o\u00a0<strong>e-commerce<\/strong>\u00a0e a log\u00edstica da\u00a0<strong>\u201c\u00faltima milha\u201d<\/strong>, \u00e9 garantida pelo eixo da BR-060 (Bras\u00edlia-An\u00e1polis-Goi\u00e2nia). Obras complementares, como a\u00a0<strong>retomada do Anel Vi\u00e1rio de An\u00e1polis<\/strong>, s\u00e3o essenciais para permitir que o tr\u00e1fego de cargas chegue ao Distrito Agroindustrial (DAIA) e \u00e0 plataforma multimodal sem estrangular o tr\u00e2nsito urbano. Essa infraestrutura \u00e9 complementada por servi\u00e7os especializados, como a unidade dos Correios no DAIA, focada em pessoa jur\u00eddica e na coleta para o eixo Goi\u00e2nia-An\u00e1polis, integrando o e-commerce ao polo log\u00edstico.<\/p>\n<h2 id=\"h-o-impacto-macroeconomico-60-mil-empregos-e-a-nova-matriz\" class=\"wp-block-heading\">O impacto macroecon\u00f4mico: 60 mil empregos e a nova matriz<\/h2>\n<p>O impacto socioecon\u00f4mico deste\u00a0<strong>mega aeroporto e centro log\u00edstico no Centro-Oeste<\/strong>\u00a0j\u00e1 \u00e9 mensur\u00e1vel. A estrat\u00e9gia do complexo se baseia em dois pilares: suportar a agroind\u00fastria (gr\u00e3os, carnes) com transporte de volume via FNS, e atender a ind\u00fastria de alto valor agregado (farmac\u00eautica, e-commerce) com velocidade, via modal a\u00e9reo e rodovi\u00e1rio. Essa diversifica\u00e7\u00e3o confere alta resili\u00eancia econ\u00f4mica \u00e0 regi\u00e3o.<\/p>\n<p>O efeito multiplicador no emprego \u00e9 massivo. A somat\u00f3ria da expans\u00e3o do Distrito Agroindustrial de An\u00e1polis (DAIA) com a implanta\u00e7\u00e3o do Politec, o novo distrito industrial municipal, tem uma\u00a0<strong>proje\u00e7\u00e3o de criar quase 60 mil novas vagas de emprego<\/strong>. Este crescimento \u00e9 a prova de que a \u201cAerotr\u00f3polis Central\u201d n\u00e3o \u00e9 apenas um projeto de infraestrutura, mas uma reorganiza\u00e7\u00e3o completa da cadeia de suprimentos nacional, com potencial real para ditar novas regras de competitividade e desenvolvimento para o Brasil.<\/p>\n<p><mark class=\"has-inline-color\">Este projeto de R$ 2,8 bilh\u00f5es na ferrovia, somado ao novo aeroporto da Infraero, realmente tem o poder de mudar o eixo log\u00edstico do Brasil, tirando o foco do Sul e Sudeste? Voc\u00ea concorda com essa mudan\u00e7a? Acha que isso impacta o mercado onde voc\u00ea atua? Deixe sua opini\u00e3o nos coment\u00e1rios, queremos ouvir quem vive isso na pr\u00e1tica.<\/mark><\/p>\n<p>Via Ag\u00eancia de Not\u00edcias\/Click Petr\u00f3leo Egas \/<\/p>\n<p>&nbsp;<\/p>\n","protected":false},"excerpt":{"rendered":"<p>Um esfor\u00e7o de infraestrutura de\u00a0escala colossal\u00a0est\u00e1 em pleno andamento para transformar o eixo\u00a0An\u00e1polis-Bras\u00edlia\u00a0no novo centro gravitacional log\u00edstico do Brasil. Capitalizando a centralidade geogr\u00e1fica de Goi\u00e1s, o projeto da Plataforma Log\u00edstica Multimodal (PLM-GO) est\u00e1 saindo do papel, integrando modais de alta capacidade para criar o\u00a0mega aeroporto e centro log\u00edstico no Centro-Oeste. Este hub, j\u00e1 apelidado pelo &hellip;<\/p>\n","protected":false},"author":3,"featured_media":79891,"comment_status":"closed","ping_status":"open","sticky":false,"template":"","format":"standard","meta":{"_exactmetrics_skip_tracking":false,"_exactmetrics_sitenote_active":false,"_exactmetrics_sitenote_note":"","_exactmetrics_sitenote_category":0,"footnotes":""},"categories":[18,6,17,15,19,4],"tags":[],"_links":{"self":[{"href":"https:\/\/goiasemtempo.com.br\/home\/wp-json\/wp\/v2\/posts\/79890"}],"collection":[{"href":"https:\/\/goiasemtempo.com.br\/home\/wp-json\/wp\/v2\/posts"}],"about":[{"href":"https:\/\/goiasemtempo.com.br\/home\/wp-json\/wp\/v2\/types\/post"}],"author":[{"embeddable":true,"href":"https:\/\/goiasemtempo.com.br\/home\/wp-json\/wp\/v2\/users\/3"}],"replies":[{"embeddable":true,"href":"https:\/\/goiasemtempo.com.br\/home\/wp-json\/wp\/v2\/comments?post=79890"}],"version-history":[{"count":2,"href":"https:\/\/goiasemtempo.com.br\/home\/wp-json\/wp\/v2\/posts\/79890\/revisions"}],"predecessor-version":[{"id":79893,"href":"https:\/\/goiasemtempo.com.br\/home\/wp-json\/wp\/v2\/posts\/79890\/revisions\/79893"}],"wp:featuredmedia":[{"embeddable":true,"href":"https:\/\/goiasemtempo.com.br\/home\/wp-json\/wp\/v2\/media\/79891"}],"wp:attachment":[{"href":"https:\/\/goiasemtempo.com.br\/home\/wp-json\/wp\/v2\/media?parent=79890"}],"wp:term":[{"taxonomy":"category","embeddable":true,"href":"https:\/\/goiasemtempo.com.br\/home\/wp-json\/wp\/v2\/categories?post=79890"},{"taxonomy":"post_tag","embeddable":true,"href":"https:\/\/goiasemtempo.com.br\/home\/wp-json\/wp\/v2\/tags?post=79890"}],"curies":[{"name":"wp","href":"https:\/\/api.w.org\/{rel}","templated":true}]}}