{"id":79830,"date":"2025-11-16T17:27:36","date_gmt":"2025-11-16T17:27:36","guid":{"rendered":"https:\/\/goiasemtempo.com.br\/home\/?p=79830"},"modified":"2025-11-16T17:27:36","modified_gmt":"2025-11-16T17:27:36","slug":"pf-indicia-ex-ministro-silvio-almeida-por-suspeita-de-importunacao-sexual-contra-anielle-franco","status":"publish","type":"post","link":"https:\/\/goiasemtempo.com.br\/home\/pf-indicia-ex-ministro-silvio-almeida-por-suspeita-de-importunacao-sexual-contra-anielle-franco\/","title":{"rendered":"PF indicia ex-ministro Silvio Almeida por suspeita de importuna\u00e7\u00e3o sexual contra Anielle Franco"},"content":{"rendered":"<p>O ex-ministro dos Direitos Humanos do governo Lula (PT) Silvio Almeida foi indiciado pela Pol\u00edcia Federal sob suspeita de importuna\u00e7\u00e3o sexual contra a ministra Anielle Franco (Igualdade Racial) e a professora Isabel Rodrigues. O relat\u00f3rio final da PF foi enviado ao STF na segunda-feira (10), onde o caso segue em sigilo sob relatoria do ministro Andr\u00e9 Mendon\u00e7a.<\/p>\n<p>De acordo com pessoas que tiveram acesso ao documento, a PF afirmou que, em rela\u00e7\u00e3o a outras mulheres que haviam relatado condutas semelhantes, os fatos estariam prescritos, o que impede responsabiliza\u00e7\u00e3o penal. As penas atribu\u00eddas aos crimes imputados ao ex-ministro podem chegar a dez anos de pris\u00e3o.<\/p>\n<p>Durante a fase de apura\u00e7\u00f5es, no in\u00edcio do ano, Silvio Almeida prestou depoimento por mais de duas horas \u00e0 PF. As acusa\u00e7\u00f5es contra ele vieram a p\u00fablico em setembro passado, ap\u00f3s serem enviadas \u00e0 Organiza\u00e7\u00e3o Me Too e divulgadas pelo portal Metr\u00f3poles. Um dos relatos atribu\u00eda a Anielle o papel de v\u00edtima.<\/p>\n<p>Desde o in\u00edcio das den\u00fancias, o ex-ministro nega as acusa\u00e7\u00f5es. No dia em que o caso se tornou p\u00fablico, ele divulgou uma nota afirmando: \u201cRepudio com absoluta veem\u00eancia as mentiras que est\u00e3o sendo assacadas contra mim. Repudio tais acusa\u00e7\u00f5es com a for\u00e7a do amor e do respeito que tenho pela minha esposa e pela minha amada filha de 1 ano de idade, em meio \u00e0 luta que travo, diariamente, em favor dos direitos humanos e da cidadania neste pa\u00eds\u201d.<\/p>\n<p>Com informa\u00e7\u00f5es da Folha de S. Paulo<\/p>\n","protected":false},"excerpt":{"rendered":"<p>O ex-ministro dos Direitos Humanos do governo Lula (PT) Silvio Almeida foi indiciado pela Pol\u00edcia Federal sob suspeita de importuna\u00e7\u00e3o sexual contra a ministra Anielle Franco (Igualdade Racial) e a professora Isabel Rodrigues. O relat\u00f3rio final da PF foi enviado ao STF na segunda-feira (10), onde o caso segue em sigilo sob relatoria do ministro &hellip;<\/p>\n","protected":false},"author":3,"featured_media":79831,"comment_status":"closed","ping_status":"open","sticky":false,"template":"","format":"standard","meta":{"_exactmetrics_skip_tracking":false,"_exactmetrics_sitenote_active":false,"_exactmetrics_sitenote_note":"","_exactmetrics_sitenote_category":0,"footnotes":""},"categories":[6,26,19],"tags":[],"_links":{"self":[{"href":"https:\/\/goiasemtempo.com.br\/home\/wp-json\/wp\/v2\/posts\/79830"}],"collection":[{"href":"https:\/\/goiasemtempo.com.br\/home\/wp-json\/wp\/v2\/posts"}],"about":[{"href":"https:\/\/goiasemtempo.com.br\/home\/wp-json\/wp\/v2\/types\/post"}],"author":[{"embeddable":true,"href":"https:\/\/goiasemtempo.com.br\/home\/wp-json\/wp\/v2\/users\/3"}],"replies":[{"embeddable":true,"href":"https:\/\/goiasemtempo.com.br\/home\/wp-json\/wp\/v2\/comments?post=79830"}],"version-history":[{"count":1,"href":"https:\/\/goiasemtempo.com.br\/home\/wp-json\/wp\/v2\/posts\/79830\/revisions"}],"predecessor-version":[{"id":79832,"href":"https:\/\/goiasemtempo.com.br\/home\/wp-json\/wp\/v2\/posts\/79830\/revisions\/79832"}],"wp:featuredmedia":[{"embeddable":true,"href":"https:\/\/goiasemtempo.com.br\/home\/wp-json\/wp\/v2\/media\/79831"}],"wp:attachment":[{"href":"https:\/\/goiasemtempo.com.br\/home\/wp-json\/wp\/v2\/media?parent=79830"}],"wp:term":[{"taxonomy":"category","embeddable":true,"href":"https:\/\/goiasemtempo.com.br\/home\/wp-json\/wp\/v2\/categories?post=79830"},{"taxonomy":"post_tag","embeddable":true,"href":"https:\/\/goiasemtempo.com.br\/home\/wp-json\/wp\/v2\/tags?post=79830"}],"curies":[{"name":"wp","href":"https:\/\/api.w.org\/{rel}","templated":true}]}}