{"id":7977,"date":"2017-12-31T20:21:00","date_gmt":"2017-12-31T20:21:00","guid":{"rendered":"http:\/\/goiasemtempo.com.br\/home\/?p=7977"},"modified":"2017-12-31T20:21:00","modified_gmt":"2017-12-31T20:21:00","slug":"ex-presidente-egipcio-mohamed-mursi-e-condenado-a-3-anos-de-prisao","status":"publish","type":"post","link":"https:\/\/goiasemtempo.com.br\/home\/ex-presidente-egipcio-mohamed-mursi-e-condenado-a-3-anos-de-prisao\/","title":{"rendered":"Ex-presidente eg\u00edpcio Mohamed Mursi \u00e9 condenado a 3 anos de pris\u00e3o"},"content":{"rendered":"<p>Um tribunal do Cairo condenou a tr\u00eas anos de pris\u00e3o, neste s\u00e1bado (30), o ex-presidente islamita Mohamed Mursi e outras 19 pessoas, entre elas ex-deputados e dois jornalistas, por ultraje \u00e0 magistratura &#8211; informou um advogado.<\/p>\n<p>Segundo Abdelmoneim Abdel Maqsud, advogado do ex-presidente destitu\u00eddo e detido pelo Ex\u00e9rcito em julho de 2013, Mursi tamb\u00e9m foi condenado a pagar dois milh\u00f5es de libras eg\u00edpcias (cerca de 110.000 d\u00f3lares) por danos e preju\u00edzos, um milh\u00e3o a um juiz que qualificou como falsifica\u00e7\u00e3o e um milh\u00e3o \u00e0 associa\u00e7\u00e3o de ju\u00edzes.<\/p>\n<p>Entre os outros 19 condenados est\u00e3o os ex-deputados Mustaf\u00e1 al Najar, Mohamed al Omda, Hamdi al Fajrani e Mohamed Monib, assim como dois jornalistas, entre eles o editor-chefe do Swat el Uma (A Voz da Na\u00e7\u00e3o, em tradu\u00e7\u00e3o livre), Abdel Halim Qandil.<\/p>\n<p>A maioria dos condenados \u00e9 dirigente da Irmandade Mu\u00e7ulmana e j\u00e1 tinha sido condenada a penas de pris\u00e3o por outros processos.<\/p>\n<p>No caso deste julgamento aberto em 2015, estavam sendo processados por ultraje \u00e0 magistratura, depois de declara\u00e7\u00f5es consideradas insultos nos meios de comunica\u00e7\u00e3o.<\/p>\n<p>O advogado de Mursi assegurou que vai recorrer dessa decis\u00e3o no Tribunal Supremo.<\/p>\n<p>Desde que foi destitu\u00eddo pelo Ex\u00e9rcito, ent\u00e3o dirigido por Abdel Fattah al-Sissi, depois eleito presidente, Mohamed Mursi foi condenado a um total de 45 anos de pris\u00e3o por dois casos: incita\u00e7\u00e3o \u00e0 viol\u00eancia contra os manifestantes no final de 2012 e espionagem a favor do Catar.<\/p>\n<p>Al\u00e9m disso, \u00e9 julgado em outros dois processos ap\u00f3s a anula\u00e7\u00e3o de dois veredictos contra ele: uma senten\u00e7a de morte e uma \u00e0 pris\u00e3o perp\u00e9tua.<\/p>\n","protected":false},"excerpt":{"rendered":"<p>Um tribunal do Cairo condenou a tr\u00eas anos de pris\u00e3o, neste s\u00e1bado (30), o ex-presidente islamita Mohamed Mursi e outras 19 pessoas, entre elas ex-deputados e dois jornalistas, por ultraje \u00e0 magistratura &#8211; informou um advogado. Segundo Abdelmoneim Abdel Maqsud, advogado do ex-presidente destitu\u00eddo e detido pelo Ex\u00e9rcito em julho de 2013, Mursi tamb\u00e9m foi &hellip;<\/p>\n","protected":false},"author":2,"featured_media":7840,"comment_status":"open","ping_status":"open","sticky":false,"template":"","format":"standard","meta":{"footnotes":""},"categories":[4],"tags":[],"class_list":["post-7977","post","type-post","status-publish","format-standard","has-post-thumbnail","hentry","category-ultimas-noticias"],"_links":{"self":[{"href":"https:\/\/goiasemtempo.com.br\/home\/wp-json\/wp\/v2\/posts\/7977","targetHints":{"allow":["GET"]}}],"collection":[{"href":"https:\/\/goiasemtempo.com.br\/home\/wp-json\/wp\/v2\/posts"}],"about":[{"href":"https:\/\/goiasemtempo.com.br\/home\/wp-json\/wp\/v2\/types\/post"}],"author":[{"embeddable":true,"href":"https:\/\/goiasemtempo.com.br\/home\/wp-json\/wp\/v2\/users\/2"}],"replies":[{"embeddable":true,"href":"https:\/\/goiasemtempo.com.br\/home\/wp-json\/wp\/v2\/comments?post=7977"}],"version-history":[{"count":1,"href":"https:\/\/goiasemtempo.com.br\/home\/wp-json\/wp\/v2\/posts\/7977\/revisions"}],"predecessor-version":[{"id":7978,"href":"https:\/\/goiasemtempo.com.br\/home\/wp-json\/wp\/v2\/posts\/7977\/revisions\/7978"}],"wp:featuredmedia":[{"embeddable":true,"href":"https:\/\/goiasemtempo.com.br\/home\/wp-json\/wp\/v2\/media\/7840"}],"wp:attachment":[{"href":"https:\/\/goiasemtempo.com.br\/home\/wp-json\/wp\/v2\/media?parent=7977"}],"wp:term":[{"taxonomy":"category","embeddable":true,"href":"https:\/\/goiasemtempo.com.br\/home\/wp-json\/wp\/v2\/categories?post=7977"},{"taxonomy":"post_tag","embeddable":true,"href":"https:\/\/goiasemtempo.com.br\/home\/wp-json\/wp\/v2\/tags?post=7977"}],"curies":[{"name":"wp","href":"https:\/\/api.w.org\/{rel}","templated":true}]}}