{"id":79741,"date":"2025-11-10T19:36:59","date_gmt":"2025-11-10T19:36:59","guid":{"rendered":"https:\/\/goiasemtempo.com.br\/home\/?p=79741"},"modified":"2025-11-10T19:36:59","modified_gmt":"2025-11-10T19:36:59","slug":"jongo-iracema-leva-oficinas-e-rodas-de-cultura-tradicional-para-o-novembro-negro-em-anapolis","status":"publish","type":"post","link":"https:\/\/goiasemtempo.com.br\/home\/jongo-iracema-leva-oficinas-e-rodas-de-cultura-tradicional-para-o-novembro-negro-em-anapolis\/","title":{"rendered":"Jongo Iracema leva oficinas e rodas de cultura tradicional para o Novembro Negro em An\u00e1polis"},"content":{"rendered":"<p>O grupo Jongo Iracema traz a riqueza do jongo, express\u00e3o cultural afro-brasileira, para o Novembro Negro de An\u00e1polis com diversas atividades gratuitas para a comunidade por meio do Projeto Continuan\u00e7a. O primeiro compromisso, que inclui ainda o Projeto \u201cO Tambu Mandou Chamar\u201d, acontece no dia 10, no Instituto Federal de Goi\u00e1s (IFG &#8211; Campus An\u00e1polis).<\/p>\n<p>A noite come\u00e7a com uma Oficina de Jongo \u00e0s 19h30, conduzida pelo Mestre Tu\u00edsca, lideran\u00e7a do Jongo Iracema, mestre de Capoeira Angola, cantor, compositor e percussionista. Logo ap\u00f3s, \u00e0s 20h30, acontece uma Roda de Jongo com o Jongo Iracema, desta vez pelo Projeto O Tambu Mandou Chamar. O evento \u00e9 aberto ao p\u00fablico externo.<\/p>\n<p>Ainda este m\u00eas, o grupo dar\u00e1 in\u00edcio a segunda turma da oficina para a comunidade do Jongo Iracema, via Projeto Continuan\u00e7a. Ser\u00e3o 20 vagas no total, com encontros aos domingos, durante os meses de novembro e dezembro, sempre das 15h \u00e0s 17h30. Mais informa\u00e7\u00f5es sobre as inscri\u00e7\u00f5es e datas podem ser conferidas no Instagram @jongoiracema.<\/p>\n<p>A produtora cultural e pesquisadora Andreza Rigo comemora o resultado da primeira turma das oficinas e convida os anapolinos para a pr\u00f3xima. \u201cNossa primeira turma, realizada entre julho e agosto de 2025, foi marcada por encantamento, participa\u00e7\u00e3o ativa e muito aprendizado\u201d, relata.<\/p>\n<p>Mais do que ensinar passos e cantos, o objetivo da oficina \u00e9 profundo. \u201cOs encontros reuniram pessoas de diferentes trajet\u00f3rias, que vivenciaram alguns fundamentos do jongo em sua dimens\u00e3o cultural, r\u00edtmica, corporal e hist\u00f3rica, fortalecendo v\u00ednculos coletivos e despertando a valoriza\u00e7\u00e3o de nossa ancestralidade negra\u201d, refor\u00e7a.<\/p>\n<p>\u201cA oficina tem como objetivo principal transmitir os saberes do jongo como express\u00e3o cultural afro-brasileira viva, por meio da dan\u00e7a, dos cantos e do toque do tambor\u201d, explica Andreza. \u201cMais do que t\u00e9cnica, a proposta \u00e9 oferecer uma viv\u00eancia que estimule o respeito, a escuta e o encontro, ampliando o acesso \u00e0 cultura popular e promovendo pr\u00e1ticas de resist\u00eancia e celebra\u00e7\u00e3o\u201d, completa.<\/p>\n<p><strong>Inscri\u00e7\u00f5es e participa\u00e7\u00e3o<\/strong><\/p>\n<p>A atividade tem classifica\u00e7\u00e3o livre e \u00e9 aberta \u00e0 comunidade, sem custo. \u201cQualquer pessoa a partir de 12 anos de idade pode participar, independentemente de forma\u00e7\u00e3o ou experi\u00eancia pr\u00e9via\u201d, destaca a produtora. \u201cO foco \u00e9 criar um ambiente acess\u00edvel, respeitoso e inclusivo, que favore\u00e7a a conviv\u00eancia e o aprendizado m\u00fatuo\u201d, completa.<\/p>\n<p>Para se inscrever nesta oficina ou acompanhar as pr\u00f3ximas a\u00e7\u00f5es do grupo, basta seguir o Instagram oficial @jongoiracema. Ao longo do Novembro Negro e do restante de 2025, diversas atividades ser\u00e3o realizadas em An\u00e1polis e regi\u00e3o.<\/p>\n<p>Sobre o Projeto Continuan\u00e7a<\/p>\n<p>Contemplado pela Lei Aldir Blanc, com apoio da Secretaria de Estado de Cultura de Goi\u00e1s, o \u201cProjeto Continuan\u00e7a\u201d possibilita a const\u00e2ncia das atividades do Jongo Iracema que, ao longo do ano, oferece oficinas para comunidade e se apresenta em grandes eventos culturais. Em 2025, o grupo realizou interc\u00e2mbios com grupos tradicionais, como o Jongo da Serrinha (RJ) e com Mestra Jociara Souza, do Jongo Filhos da Semente (SP), durante o XXV Encontro de Culturas Tradicionais da Chapada dos Veadeiros.<\/p>\n<p><strong>Servi\u00e7o<\/strong><\/p>\n<p><strong>Oficina de Jongo &#8211; Projeto Continuan\u00e7a (Turma 2)<\/strong><\/p>\n<p><strong>Aos domingos<\/strong><br \/>\nHor\u00e1rio: 15h \u00e0s 17h30<br \/>\nVagas: 20<br \/>\nInscri\u00e7\u00f5es e informa\u00e7\u00f5es: Instagram @jongoiracema<\/p>\n<p><strong>Novembro Negro &#8211; IFG An\u00e1polis com Jongo Iracema<\/strong><\/p>\n<p><strong>Data: 10\/11\/2025<\/strong><br \/>\n19h30: Oficina de Jongo (Projeto Continuan\u00e7a)<br \/>\n20h30: Roda de Jongo (Projeto O Tambu Mandou Chamar)<br \/>\nLocal: IFG Campus An\u00e1polis<br \/>\nEvento aberto ao p\u00fablico externo<\/p>\n","protected":false},"excerpt":{"rendered":"<p>O grupo Jongo Iracema traz a riqueza do jongo, express\u00e3o cultural afro-brasileira, para o Novembro Negro de An\u00e1polis com diversas atividades gratuitas para a comunidade por meio do Projeto Continuan\u00e7a. O primeiro compromisso, que inclui ainda o Projeto \u201cO Tambu Mandou Chamar\u201d, acontece no dia 10, no Instituto Federal de Goi\u00e1s (IFG &#8211; Campus An\u00e1polis). &hellip;<\/p>\n","protected":false},"author":3,"featured_media":79742,"comment_status":"closed","ping_status":"open","sticky":false,"template":"","format":"standard","meta":{"_exactmetrics_skip_tracking":false,"_exactmetrics_sitenote_active":false,"_exactmetrics_sitenote_note":"","_exactmetrics_sitenote_category":0,"footnotes":""},"categories":[18,32],"tags":[],"_links":{"self":[{"href":"https:\/\/goiasemtempo.com.br\/home\/wp-json\/wp\/v2\/posts\/79741"}],"collection":[{"href":"https:\/\/goiasemtempo.com.br\/home\/wp-json\/wp\/v2\/posts"}],"about":[{"href":"https:\/\/goiasemtempo.com.br\/home\/wp-json\/wp\/v2\/types\/post"}],"author":[{"embeddable":true,"href":"https:\/\/goiasemtempo.com.br\/home\/wp-json\/wp\/v2\/users\/3"}],"replies":[{"embeddable":true,"href":"https:\/\/goiasemtempo.com.br\/home\/wp-json\/wp\/v2\/comments?post=79741"}],"version-history":[{"count":1,"href":"https:\/\/goiasemtempo.com.br\/home\/wp-json\/wp\/v2\/posts\/79741\/revisions"}],"predecessor-version":[{"id":79743,"href":"https:\/\/goiasemtempo.com.br\/home\/wp-json\/wp\/v2\/posts\/79741\/revisions\/79743"}],"wp:featuredmedia":[{"embeddable":true,"href":"https:\/\/goiasemtempo.com.br\/home\/wp-json\/wp\/v2\/media\/79742"}],"wp:attachment":[{"href":"https:\/\/goiasemtempo.com.br\/home\/wp-json\/wp\/v2\/media?parent=79741"}],"wp:term":[{"taxonomy":"category","embeddable":true,"href":"https:\/\/goiasemtempo.com.br\/home\/wp-json\/wp\/v2\/categories?post=79741"},{"taxonomy":"post_tag","embeddable":true,"href":"https:\/\/goiasemtempo.com.br\/home\/wp-json\/wp\/v2\/tags?post=79741"}],"curies":[{"name":"wp","href":"https:\/\/api.w.org\/{rel}","templated":true}]}}