{"id":79715,"date":"2025-11-09T13:38:48","date_gmt":"2025-11-09T13:38:48","guid":{"rendered":"https:\/\/goiasemtempo.com.br\/home\/?p=79715"},"modified":"2025-11-09T13:38:48","modified_gmt":"2025-11-09T13:38:48","slug":"caiado-coloca-forcas-de-goias-a-disposicao-para-ajudar-vitimas-no-parana","status":"publish","type":"post","link":"https:\/\/goiasemtempo.com.br\/home\/caiado-coloca-forcas-de-goias-a-disposicao-para-ajudar-vitimas-no-parana\/","title":{"rendered":"Caiado coloca for\u00e7as de Goi\u00e1s \u00e0 disposi\u00e7\u00e3o para ajudar v\u00edtimas no Paran\u00e1"},"content":{"rendered":"<p>O governador Ronaldo Caiado (Uni\u00e3o Brasil) anunciou neste s\u00e1bado (8) que colocou as equipes da Defesa Civil e do Corpo de Bombeiros do Estado \u00e0 disposi\u00e7\u00e3o do governo do Paran\u00e1 para atuar nas a\u00e7\u00f5es de resgate e reconstru\u00e7\u00e3o em Rio Bonito do Igua\u00e7u, munic\u00edpio destru\u00eddo por um tornado de grande intensidade. O comunicado foi feito nas redes sociais do governador.<\/p>\n<p>\u201cMe solidarizo com todos os paranaenses atingidos, principalmente com as fam\u00edlias que perderam seus entes queridos, com os mais de 400 feridos e com aqueles que ainda buscam por pessoas desaparecidas. Coloquei imediatamente a Defesa Civil e o Corpo de Bombeiros de Goi\u00e1s \u00e0 disposi\u00e7\u00e3o para ajudar no que for necess\u00e1rio\u201d, declarou Caiado.<\/p>\n<p>O fen\u00f4meno atingiu a cidade na tarde de sexta-feira (7) e foi classificado como tornado de categoria EF3, com ventos que ultrapassaram 250 km\/h. De acordo com a Defesa Civil do Paran\u00e1, o desastre provocou a morte de seis pessoas e deixou mais de 750 feridos. Quatro das v\u00edtimas s\u00e3o homens, de 49, 53, 57 e 83 anos, e duas s\u00e3o mulheres, de 47 e 14 anos.<\/p>\n<p>O \u00f3rg\u00e3o informou ainda que cerca de 90% do munic\u00edpio foi destru\u00eddo. Casas, com\u00e9rcios e estruturas p\u00fablicas foram completamente danificados. Com popula\u00e7\u00e3o estimada em 13 mil habitantes, Rio Bonito do Igua\u00e7u vive um cen\u00e1rio de calamidade, com centenas de desabrigados e falta de energia el\u00e9trica em v\u00e1rias regi\u00f5es.<\/p>\n<p>Equipes de resgate e volunt\u00e1rios continuam mobilizados na busca por desaparecidos e no atendimento \u00e0s fam\u00edlias afetadas. O governo do Paran\u00e1 tamb\u00e9m recebeu refor\u00e7os de outros estados e do governo federal para apoiar as a\u00e7\u00f5es emergenciais.<\/p>\n","protected":false},"excerpt":{"rendered":"<p>O governador Ronaldo Caiado (Uni\u00e3o Brasil) anunciou neste s\u00e1bado (8) que colocou as equipes da Defesa Civil e do Corpo de Bombeiros do Estado \u00e0 disposi\u00e7\u00e3o do governo do Paran\u00e1 para atuar nas a\u00e7\u00f5es de resgate e reconstru\u00e7\u00e3o em Rio Bonito do Igua\u00e7u, munic\u00edpio destru\u00eddo por um tornado de grande intensidade. O comunicado foi feito &hellip;<\/p>\n","protected":false},"author":3,"featured_media":79716,"comment_status":"closed","ping_status":"open","sticky":false,"template":"","format":"standard","meta":{"footnotes":""},"categories":[65],"tags":[],"class_list":["post-79715","post","type-post","status-publish","format-standard","has-post-thumbnail","hentry","category-solidariedade"],"_links":{"self":[{"href":"https:\/\/goiasemtempo.com.br\/home\/wp-json\/wp\/v2\/posts\/79715","targetHints":{"allow":["GET"]}}],"collection":[{"href":"https:\/\/goiasemtempo.com.br\/home\/wp-json\/wp\/v2\/posts"}],"about":[{"href":"https:\/\/goiasemtempo.com.br\/home\/wp-json\/wp\/v2\/types\/post"}],"author":[{"embeddable":true,"href":"https:\/\/goiasemtempo.com.br\/home\/wp-json\/wp\/v2\/users\/3"}],"replies":[{"embeddable":true,"href":"https:\/\/goiasemtempo.com.br\/home\/wp-json\/wp\/v2\/comments?post=79715"}],"version-history":[{"count":1,"href":"https:\/\/goiasemtempo.com.br\/home\/wp-json\/wp\/v2\/posts\/79715\/revisions"}],"predecessor-version":[{"id":79717,"href":"https:\/\/goiasemtempo.com.br\/home\/wp-json\/wp\/v2\/posts\/79715\/revisions\/79717"}],"wp:featuredmedia":[{"embeddable":true,"href":"https:\/\/goiasemtempo.com.br\/home\/wp-json\/wp\/v2\/media\/79716"}],"wp:attachment":[{"href":"https:\/\/goiasemtempo.com.br\/home\/wp-json\/wp\/v2\/media?parent=79715"}],"wp:term":[{"taxonomy":"category","embeddable":true,"href":"https:\/\/goiasemtempo.com.br\/home\/wp-json\/wp\/v2\/categories?post=79715"},{"taxonomy":"post_tag","embeddable":true,"href":"https:\/\/goiasemtempo.com.br\/home\/wp-json\/wp\/v2\/tags?post=79715"}],"curies":[{"name":"wp","href":"https:\/\/api.w.org\/{rel}","templated":true}]}}