{"id":79644,"date":"2025-11-03T14:24:41","date_gmt":"2025-11-03T14:24:41","guid":{"rendered":"https:\/\/goiasemtempo.com.br\/home\/?p=79644"},"modified":"2025-11-03T14:24:41","modified_gmt":"2025-11-03T14:24:41","slug":"intoxicacao-medicamentosa-o-quadro-que-culminou-na-morte-de-lo-borges","status":"publish","type":"post","link":"https:\/\/goiasemtempo.com.br\/home\/intoxicacao-medicamentosa-o-quadro-que-culminou-na-morte-de-lo-borges\/","title":{"rendered":"\u201cIntoxica\u00e7\u00e3o medicamentosa&#8221;:  o quadro que culminou na morte de L\u00f4 Borges"},"content":{"rendered":"<p>O cantor e compositor L\u00f4 Borges, um dos nomes mais influentes da m\u00fasica popular brasileira e cofundador do movimento Clube da Esquina, morreu nesta segunda-feira (3), aos 73 anos, em Belo Horizonte. O m\u00fasico foi internado no dia 17 de outubro com um quadro de intoxica\u00e7\u00e3o medicamentosa, mas n\u00e3o resistiu \u00e0s complica\u00e7\u00f5es.<\/p>\n<p>L\u00f4 Borges estava internado em um hospital da Unimed, onde chegou a ser entubado e, posteriormente, submetido a uma traqueostomia \u2014 procedimento que cria uma abertura na traqueia para facilitar a respira\u00e7\u00e3o. O estado de sa\u00fade do artista piorou nos \u00faltimos dias, e ele acabou falecendo. O cantor deixa o filho Luca Arroyo Borges, de 27 anos.<\/p>\n<h2>O que \u00e9 intoxica\u00e7\u00e3o medicamentosa<\/h2>\n<p>A intoxica\u00e7\u00e3o medicamentosa ocorre quando h\u00e1 ingest\u00e3o excessiva ou incorreta de medicamentos, seja de forma acidental \u2014 como em casos de confus\u00e3o com doses \u2014, seja intencional, em tentativas de automedica\u00e7\u00e3o ou at\u00e9 de autoles\u00e3o. O quadro pode afetar diversos \u00f3rg\u00e3os e sistemas do corpo e, em casos graves, leva \u00e0 fal\u00eancia respirat\u00f3ria, parada card\u00edaca ou disfun\u00e7\u00e3o hep\u00e1tica e renal.<\/p>\n<p>De acordo com especialistas, a gravidade depende de fatores como a subst\u00e2ncia envolvida, a quantidade ingerida e o tempo entre a ingest\u00e3o e o atendimento m\u00e9dico. Em situa\u00e7\u00f5es de emerg\u00eancia, recomenda-se acionar imediatamente o Samu (192) ou procurar o pronto-socorro mais pr\u00f3ximo, levando a embalagem do medicamento usado.<\/p>\n<h2>Um problema de sa\u00fade p\u00fablica<\/h2>\n<p>Segundo dados do Sistema Nacional de Informa\u00e7\u00f5es T\u00f3xico-Farmacol\u00f3gicas (Sinitox), as intoxica\u00e7\u00f5es por medicamentos s\u00e3o a principal causa de intoxica\u00e7\u00e3o humana no Brasil, superando casos envolvendo produtos de limpeza ou pesticidas. Adultos e idosos est\u00e3o entre os grupos mais vulner\u00e1veis, especialmente em contextos de uso prolongado de rem\u00e9dios controlados ou associa\u00e7\u00e3o indevida de f\u00e1rmacos.<\/p>\n<p>Autoridades de sa\u00fade alertam que a automedica\u00e7\u00e3o \u00e9 um h\u00e1bito perigoso, respons\u00e1vel por milhares de atendimentos hospitalares todos os anos. Al\u00e9m disso, o consumo concomitante de medicamentos sem orienta\u00e7\u00e3o m\u00e9dica pode provocar rea\u00e7\u00f5es adversas graves, potencializando os riscos de intoxica\u00e7\u00e3o.<\/p>\n<h2>Legado de L\u00f4 Borges<\/h2>\n<p>Com uma carreira que atravessou cinco d\u00e9cadas, L\u00f4 Borges marcou a hist\u00f3ria da m\u00fasica brasileira com cl\u00e1ssicos como\u00a0<i>\u201cTrem Azul\u201d<\/i>,\u00a0<i>\u201cO Trem de Doido\u201d<\/i>\u00a0e\u00a0<i>\u201cClube da Esquina n\u00ba 2\u201d<\/i>. Sua parceria com Milton Nascimento foi fundamental para consolidar um dos movimentos mais criativos e sofisticados da MPB.<\/p>\n<p>A morte do artista provoca como\u00e7\u00e3o entre f\u00e3s e m\u00fasicos de todo o pa\u00eds, que destacam n\u00e3o apenas sua genialidade musical, mas tamb\u00e9m sua discri\u00e7\u00e3o e profundidade po\u00e9tica.<\/p>\n","protected":false},"excerpt":{"rendered":"<p>O cantor e compositor L\u00f4 Borges, um dos nomes mais influentes da m\u00fasica popular brasileira e cofundador do movimento Clube da Esquina, morreu nesta segunda-feira (3), aos 73 anos, em Belo Horizonte. O m\u00fasico foi internado no dia 17 de outubro com um quadro de intoxica\u00e7\u00e3o medicamentosa, mas n\u00e3o resistiu \u00e0s complica\u00e7\u00f5es. L\u00f4 Borges estava &hellip;<\/p>\n","protected":false},"author":3,"featured_media":79645,"comment_status":"closed","ping_status":"open","sticky":false,"template":"","format":"standard","meta":{"_exactmetrics_skip_tracking":false,"_exactmetrics_sitenote_active":false,"_exactmetrics_sitenote_note":"","_exactmetrics_sitenote_category":0,"footnotes":""},"categories":[58,66],"tags":[],"_links":{"self":[{"href":"https:\/\/goiasemtempo.com.br\/home\/wp-json\/wp\/v2\/posts\/79644"}],"collection":[{"href":"https:\/\/goiasemtempo.com.br\/home\/wp-json\/wp\/v2\/posts"}],"about":[{"href":"https:\/\/goiasemtempo.com.br\/home\/wp-json\/wp\/v2\/types\/post"}],"author":[{"embeddable":true,"href":"https:\/\/goiasemtempo.com.br\/home\/wp-json\/wp\/v2\/users\/3"}],"replies":[{"embeddable":true,"href":"https:\/\/goiasemtempo.com.br\/home\/wp-json\/wp\/v2\/comments?post=79644"}],"version-history":[{"count":1,"href":"https:\/\/goiasemtempo.com.br\/home\/wp-json\/wp\/v2\/posts\/79644\/revisions"}],"predecessor-version":[{"id":79646,"href":"https:\/\/goiasemtempo.com.br\/home\/wp-json\/wp\/v2\/posts\/79644\/revisions\/79646"}],"wp:featuredmedia":[{"embeddable":true,"href":"https:\/\/goiasemtempo.com.br\/home\/wp-json\/wp\/v2\/media\/79645"}],"wp:attachment":[{"href":"https:\/\/goiasemtempo.com.br\/home\/wp-json\/wp\/v2\/media?parent=79644"}],"wp:term":[{"taxonomy":"category","embeddable":true,"href":"https:\/\/goiasemtempo.com.br\/home\/wp-json\/wp\/v2\/categories?post=79644"},{"taxonomy":"post_tag","embeddable":true,"href":"https:\/\/goiasemtempo.com.br\/home\/wp-json\/wp\/v2\/tags?post=79644"}],"curies":[{"name":"wp","href":"https:\/\/api.w.org\/{rel}","templated":true}]}}