{"id":79611,"date":"2025-10-29T18:54:23","date_gmt":"2025-10-29T18:54:23","guid":{"rendered":"https:\/\/goiasemtempo.com.br\/home\/?p=79611"},"modified":"2025-10-29T18:54:23","modified_gmt":"2025-10-29T18:54:23","slug":"texas-center-realiza-evento-de-apresentacao-e-reforca-posicao-como-icone-do-estilo-country-em-goiania","status":"publish","type":"post","link":"https:\/\/goiasemtempo.com.br\/home\/texas-center-realiza-evento-de-apresentacao-e-reforca-posicao-como-icone-do-estilo-country-em-goiania\/","title":{"rendered":"Texas Center realiza evento de apresenta\u00e7\u00e3o e refor\u00e7a posi\u00e7\u00e3o como \u00edcone do estilo country em Goi\u00e2nia"},"content":{"rendered":"<p>Refer\u00eancia nacional no universo agro e western, a Texas Center realizou na \u00faltima segunda-feira (27) , um evento exclusivo para convidados em sua loja em Goi\u00e2nia.<\/p>\n<p>A ocasi\u00e3o marcou o in\u00edcio da campanha de Black Friday 2025, comprovando que o espa\u00e7o \u00e9 um dos maiores s\u00edmbolos da cultura country no Brasil.<\/p>\n<p>Idealizada pelo empres\u00e1rio Rubens In\u00e1cio e Kaio Cesar, a Texas Center nasceu com o prop\u00f3sito de ser muito mais que uma loja. Um ponto de encontro, conviv\u00eancia e experi\u00eancia para quem tem o agro no cora\u00e7\u00e3o.<br \/>\nCom 2.400 m\u00b2 de \u00e1rea, o espa\u00e7o \u00e9 considerado o maior complexo western da Am\u00e9rica Latina e ficou conhecida como a \u201cDisneyl\u00e2ndia do Agro\u201d, reunindo moda, esportes equestres, gastronomia, chapelaria, selaria e eventos tem\u00e1ticos.<\/p>\n<p><strong>Servi\u00e7o<\/strong><br \/>\nTexas Center realiza evento de apresenta\u00e7\u00e3o e refor\u00e7a posi\u00e7\u00e3o como \u00edcone do estilo country em Goi\u00e2nia<\/p>\n<p>Local: R. 87, 431 &#8211; St. Sul, Goi\u00e2nia &#8211; GO, 74080-295<\/p>\n<p>Instagram: @texascenter<\/p>\n<p>Site: www.texascenter.com.br<br \/>\nGrupo exclusivo TEXAS CENTER: https:\/\/qr-codes.io\/iwtq6N<\/p>\n<p><strong>Assessoria de Imprensa<\/strong><br \/>\n<strong>Palavra Comunica\u00e7\u00e3o<\/strong><\/p>\n<p><img decoding=\"async\" src=\"https:\/\/goiasemtempo.com.br\/home\/wp-content\/uploads\/2025\/10\/texas-center-juntos.jpg\" \/><\/p>\n<p>Rubens In\u00e1cio, Gleidson, Handerson Pancieri , Bia Tahan, Jorge Neris e Kadu Faria<\/p>\n<p><img decoding=\"async\" src=\"https:\/\/goiasemtempo.com.br\/home\/wp-content\/uploads\/2025\/10\/texas-center-kaio-e-rubens.jpg\" \/><\/p>\n<p>Kaio Cesar Pires e Rubens In\u00e1cio<\/p>\n","protected":false},"excerpt":{"rendered":"<p>Refer\u00eancia nacional no universo agro e western, a Texas Center realizou na \u00faltima segunda-feira (27) , um evento exclusivo para convidados em sua loja em Goi\u00e2nia. A ocasi\u00e3o marcou o in\u00edcio da campanha de Black Friday 2025, comprovando que o espa\u00e7o \u00e9 um dos maiores s\u00edmbolos da cultura country no Brasil. Idealizada pelo empres\u00e1rio Rubens &hellip;<\/p>\n","protected":false},"author":3,"featured_media":79614,"comment_status":"closed","ping_status":"open","sticky":false,"template":"","format":"standard","meta":{"_exactmetrics_skip_tracking":false,"_exactmetrics_sitenote_active":false,"_exactmetrics_sitenote_note":"","_exactmetrics_sitenote_category":0,"footnotes":""},"categories":[473,513],"tags":[],"_links":{"self":[{"href":"https:\/\/goiasemtempo.com.br\/home\/wp-json\/wp\/v2\/posts\/79611"}],"collection":[{"href":"https:\/\/goiasemtempo.com.br\/home\/wp-json\/wp\/v2\/posts"}],"about":[{"href":"https:\/\/goiasemtempo.com.br\/home\/wp-json\/wp\/v2\/types\/post"}],"author":[{"embeddable":true,"href":"https:\/\/goiasemtempo.com.br\/home\/wp-json\/wp\/v2\/users\/3"}],"replies":[{"embeddable":true,"href":"https:\/\/goiasemtempo.com.br\/home\/wp-json\/wp\/v2\/comments?post=79611"}],"version-history":[{"count":1,"href":"https:\/\/goiasemtempo.com.br\/home\/wp-json\/wp\/v2\/posts\/79611\/revisions"}],"predecessor-version":[{"id":79615,"href":"https:\/\/goiasemtempo.com.br\/home\/wp-json\/wp\/v2\/posts\/79611\/revisions\/79615"}],"wp:featuredmedia":[{"embeddable":true,"href":"https:\/\/goiasemtempo.com.br\/home\/wp-json\/wp\/v2\/media\/79614"}],"wp:attachment":[{"href":"https:\/\/goiasemtempo.com.br\/home\/wp-json\/wp\/v2\/media?parent=79611"}],"wp:term":[{"taxonomy":"category","embeddable":true,"href":"https:\/\/goiasemtempo.com.br\/home\/wp-json\/wp\/v2\/categories?post=79611"},{"taxonomy":"post_tag","embeddable":true,"href":"https:\/\/goiasemtempo.com.br\/home\/wp-json\/wp\/v2\/tags?post=79611"}],"curies":[{"name":"wp","href":"https:\/\/api.w.org\/{rel}","templated":true}]}}