{"id":79511,"date":"2025-10-21T13:36:28","date_gmt":"2025-10-21T13:36:28","guid":{"rendered":"https:\/\/goiasemtempo.com.br\/home\/?p=79511"},"modified":"2025-10-21T23:58:48","modified_gmt":"2025-10-21T23:58:48","slug":"vou-visita-los-na-cadeia-diz-coronel-adailton-sobre-criadores-de-noticias-falsas","status":"publish","type":"post","link":"https:\/\/goiasemtempo.com.br\/home\/vou-visita-los-na-cadeia-diz-coronel-adailton-sobre-criadores-de-noticias-falsas\/","title":{"rendered":"\u201cVou visit\u00e1-los na cadeia\u201d, diz Coronel Adailton sobre autores de not\u00edcias falsas"},"content":{"rendered":"<p>O deputado estadual Coronel Adailton (Solidariedade) reagiu com firmeza nesta segunda-feira (20) aos ataques que tem sofrido nas redes sociais. Durante pronunciamento na tribuna da Assembleia Legislativa de Goi\u00e1s (Alego), o parlamentar denunciou a dissemina\u00e7\u00e3o de not\u00edcias falsas e anunciou a\u00e7\u00f5es judiciais contra os respons\u00e1veis.<\/p>\n<p>\u201cEsse portal que fez essa postagem e os que replicaram j\u00e1 est\u00e3o sendo devidamente processados pela nossa assessoria jur\u00eddica\u201d, informou. \u201cEu quero muito em breve visitar essas pessoas autoras de fake news na cadeia. A Justi\u00e7a ser\u00e1 feita, com toda certeza\u201d, completou.<\/p>\n<p>O deputado lembrou que a Pol\u00edcia Civil j\u00e1 comprovou a falsidade de documentos que embasaram as publica\u00e7\u00f5es e que o inqu\u00e9rito foi conclu\u00eddo apontando a inexist\u00eancia do suposto relat\u00f3rio usado em mat\u00e9rias jornal\u00edsticas. Com 32 anos de atua\u00e7\u00e3o na Pol\u00edcia Militar, Coronel Adailton comparou os criminosos que enfrentava nas ruas aos que hoje propagam mentiras pela internet.<\/p>\n<p>\u201cTenho muita convic\u00e7\u00e3o que os bandidos que eu enfrentei no passado, durante 32 anos na Pol\u00edcia Militar, a maioria deles, com raras exce\u00e7\u00f5es, n\u00e3o ir\u00e3o parar de cometer crimes. E os bandidos que eu enfrento hoje s\u00e3o essas pessoas que se arvoram a plantarem fake news, em blogs e alguns ve\u00edculos que se dizem de comunica\u00e7\u00e3o\u201d, declarou.<\/p>\n<p>O parlamentar destacou que os ataques n\u00e3o atingem apenas sua imagem, mas tamb\u00e9m o Parlamento goiano como um todo. \u201cDesta vez \u00e9 o deputado Coronel Adailton o alvo das fake news, mas daqui a pouco pode ser qualquer um dos 41 deputados estaduais. \u00c9 nesse sentido que eu entendo que n\u00f3s devemos nos unir pelo combate [das fake news]\u201d, disse.<\/p>\n<p>Durante a sess\u00e3o, Coronel Adailton recebeu a solidariedade do l\u00edder do Governo, deputado Talles Barreto (UB). \u201c\u00c9 inadmiss\u00edvel a produ\u00e7\u00e3o de fake news para desgastar companheiros. N\u00f3s somos um time, votados por mais de sete milh\u00f5es de pessoas. Questionar a atua\u00e7\u00e3o do deputado Coronel Adailton \u00e9 inadmiss\u00edvel. Ele \u00e9 um dos parlamentares mais atuantes e o melhor presidente da Comiss\u00e3o de Turismo desta Casa\u201d, refor\u00e7ou.<\/p>\n","protected":false},"excerpt":{"rendered":"<p>O deputado estadual Coronel Adailton (Solidariedade) reagiu com firmeza nesta segunda-feira (20) aos ataques que tem sofrido nas redes sociais. Durante pronunciamento na tribuna da Assembleia Legislativa de Goi\u00e1s (Alego), o parlamentar denunciou a dissemina\u00e7\u00e3o de not\u00edcias falsas e anunciou a\u00e7\u00f5es judiciais contra os respons\u00e1veis. \u201cEsse portal que fez essa postagem e os que replicaram &hellip;<\/p>\n","protected":false},"author":3,"featured_media":79512,"comment_status":"closed","ping_status":"open","sticky":false,"template":"","format":"standard","meta":{"_exactmetrics_skip_tracking":false,"_exactmetrics_sitenote_active":false,"_exactmetrics_sitenote_note":"","_exactmetrics_sitenote_category":0,"footnotes":""},"categories":[15,26,2],"tags":[],"_links":{"self":[{"href":"https:\/\/goiasemtempo.com.br\/home\/wp-json\/wp\/v2\/posts\/79511"}],"collection":[{"href":"https:\/\/goiasemtempo.com.br\/home\/wp-json\/wp\/v2\/posts"}],"about":[{"href":"https:\/\/goiasemtempo.com.br\/home\/wp-json\/wp\/v2\/types\/post"}],"author":[{"embeddable":true,"href":"https:\/\/goiasemtempo.com.br\/home\/wp-json\/wp\/v2\/users\/3"}],"replies":[{"embeddable":true,"href":"https:\/\/goiasemtempo.com.br\/home\/wp-json\/wp\/v2\/comments?post=79511"}],"version-history":[{"count":2,"href":"https:\/\/goiasemtempo.com.br\/home\/wp-json\/wp\/v2\/posts\/79511\/revisions"}],"predecessor-version":[{"id":79514,"href":"https:\/\/goiasemtempo.com.br\/home\/wp-json\/wp\/v2\/posts\/79511\/revisions\/79514"}],"wp:featuredmedia":[{"embeddable":true,"href":"https:\/\/goiasemtempo.com.br\/home\/wp-json\/wp\/v2\/media\/79512"}],"wp:attachment":[{"href":"https:\/\/goiasemtempo.com.br\/home\/wp-json\/wp\/v2\/media?parent=79511"}],"wp:term":[{"taxonomy":"category","embeddable":true,"href":"https:\/\/goiasemtempo.com.br\/home\/wp-json\/wp\/v2\/categories?post=79511"},{"taxonomy":"post_tag","embeddable":true,"href":"https:\/\/goiasemtempo.com.br\/home\/wp-json\/wp\/v2\/tags?post=79511"}],"curies":[{"name":"wp","href":"https:\/\/api.w.org\/{rel}","templated":true}]}}