{"id":79508,"date":"2025-10-21T13:33:34","date_gmt":"2025-10-21T13:33:34","guid":{"rendered":"https:\/\/goiasemtempo.com.br\/home\/?p=79508"},"modified":"2025-10-21T13:33:34","modified_gmt":"2025-10-21T13:33:34","slug":"trindade-contrata-show-de-ana-castela-por-r-880-mil-para-festa-do-divino-2026","status":"publish","type":"post","link":"https:\/\/goiasemtempo.com.br\/home\/trindade-contrata-show-de-ana-castela-por-r-880-mil-para-festa-do-divino-2026\/","title":{"rendered":"Trindade contrata show de Ana Castela por R$ 880 mil para Festa do Divino 2026"},"content":{"rendered":"<p>A Prefeitura de Trindade, por meio do Fundo Municipal de Cultura, publicou uma portaria autorizando a contrata\u00e7\u00e3o da cantora\u00a0Ana Castela\u00a0para um show durante a\u00a0Festa do Divino Pai Eterno de 2026, um dos eventos mais tradicionais do munic\u00edpio. O valor do contrato \u00e9 de\u00a0R$ 880 mil.<\/p>\n<p>De acordo com a\u00a0Portaria, de n\u00ba 47\/2025, a empresa contratada \u00e9 a\u00a0RAR Produ\u00e7\u00f5es Musicais LTDA, respons\u00e1vel pela representa\u00e7\u00e3o exclusiva da artista. O\u00a0documento, publicado no Di\u00e1rio Oficial do Munic\u00edpio no final de setembro, autoriza a contrata\u00e7\u00e3o\u00a0sem licita\u00e7\u00e3o, com base na chamada\u00a0inexigibilidade, prevista na\u00a0Lei de Licita\u00e7\u00f5es.<\/p>\n<h2 id=\"h-patrocinios-e-incentivos\" class=\"wp-block-heading\">Patroc\u00ednios e incentivos<\/h2>\n<p>Segundo a gest\u00e3o municipal, foram apresentadas comprova\u00e7\u00f5es de outros contratos e notas fiscais que indicam que o valor pago est\u00e1 dentro dos padr\u00f5es de mercado. O\u00a0secret\u00e1rio de Comunica\u00e7\u00e3o do munic\u00edpio, Gustavo Queiroz, tamb\u00e9m ressaltou que os recursos utilizados para realiza\u00e7\u00e3o da festa n\u00e3o s\u00e3o provenientes apenas da prefeitura. \u201cTemos patrocinadores na iniciativa privada, al\u00e9m de incentivos do Governo de Goi\u00e1s\u201d, disse.<\/p>\n<p>\u201cComo esses artistas de renome nacional fecham suas agendas muito antes da realiza\u00e7\u00e3o dos shows, n\u00f3s n\u00e3o podemos deixar para \u00faltima hora. Do contr\u00e1rio, n\u00e3o ter\u00edamos artistas nacionais na nossa festa. Por isso, n\u00e3o podemos deixar para trabalhar essa agenda no ano que vem. Sendo assim, j\u00e1 corremos atr\u00e1s e assinamos o contrato para que em 2026 eles estejam aqui com a gente\u201d, acrescentou.<\/p>\n<h2 id=\"h-show-na-festa-do-divino\" class=\"wp-block-heading\">Show na Festa do Divino<\/h2>\n<p>A apresenta\u00e7\u00e3o da cantora est\u00e1 prevista para ocorrer no\u00a0Carreir\u00f3dromo Municipal, durante o per\u00edodo da Festa do Divino Pai Eterno, que todos os anos re\u00fane milhares de fi\u00e9is e visitantes em Trindade.<\/p>\n","protected":false},"excerpt":{"rendered":"<p>A Prefeitura de Trindade, por meio do Fundo Municipal de Cultura, publicou uma portaria autorizando a contrata\u00e7\u00e3o da cantora\u00a0Ana Castela\u00a0para um show durante a\u00a0Festa do Divino Pai Eterno de 2026, um dos eventos mais tradicionais do munic\u00edpio. O valor do contrato \u00e9 de\u00a0R$ 880 mil. De acordo com a\u00a0Portaria, de n\u00ba 47\/2025, a empresa contratada &hellip;<\/p>\n","protected":false},"author":3,"featured_media":79509,"comment_status":"closed","ping_status":"open","sticky":false,"template":"","format":"standard","meta":{"_exactmetrics_skip_tracking":false,"_exactmetrics_sitenote_active":false,"_exactmetrics_sitenote_note":"","_exactmetrics_sitenote_category":0,"footnotes":""},"categories":[53,467],"tags":[],"_links":{"self":[{"href":"https:\/\/goiasemtempo.com.br\/home\/wp-json\/wp\/v2\/posts\/79508"}],"collection":[{"href":"https:\/\/goiasemtempo.com.br\/home\/wp-json\/wp\/v2\/posts"}],"about":[{"href":"https:\/\/goiasemtempo.com.br\/home\/wp-json\/wp\/v2\/types\/post"}],"author":[{"embeddable":true,"href":"https:\/\/goiasemtempo.com.br\/home\/wp-json\/wp\/v2\/users\/3"}],"replies":[{"embeddable":true,"href":"https:\/\/goiasemtempo.com.br\/home\/wp-json\/wp\/v2\/comments?post=79508"}],"version-history":[{"count":1,"href":"https:\/\/goiasemtempo.com.br\/home\/wp-json\/wp\/v2\/posts\/79508\/revisions"}],"predecessor-version":[{"id":79510,"href":"https:\/\/goiasemtempo.com.br\/home\/wp-json\/wp\/v2\/posts\/79508\/revisions\/79510"}],"wp:featuredmedia":[{"embeddable":true,"href":"https:\/\/goiasemtempo.com.br\/home\/wp-json\/wp\/v2\/media\/79509"}],"wp:attachment":[{"href":"https:\/\/goiasemtempo.com.br\/home\/wp-json\/wp\/v2\/media?parent=79508"}],"wp:term":[{"taxonomy":"category","embeddable":true,"href":"https:\/\/goiasemtempo.com.br\/home\/wp-json\/wp\/v2\/categories?post=79508"},{"taxonomy":"post_tag","embeddable":true,"href":"https:\/\/goiasemtempo.com.br\/home\/wp-json\/wp\/v2\/tags?post=79508"}],"curies":[{"name":"wp","href":"https:\/\/api.w.org\/{rel}","templated":true}]}}