{"id":79504,"date":"2025-10-21T13:13:56","date_gmt":"2025-10-21T13:13:56","guid":{"rendered":"https:\/\/goiasemtempo.com.br\/home\/?p=79504"},"modified":"2025-10-21T13:14:44","modified_gmt":"2025-10-21T13:14:44","slug":"tres-pessoas-morrem-em-acidente-entre-carro-e-ambulancia-na-br-153","status":"publish","type":"post","link":"https:\/\/goiasemtempo.com.br\/home\/tres-pessoas-morrem-em-acidente-entre-carro-e-ambulancia-na-br-153\/","title":{"rendered":"Tr\u00eas pessoas morrem em acidente entre carro e ambul\u00e2ncia na BR-153 em Professor Jamil"},"content":{"rendered":"<div id=\"chunk-acodr\">\n<div class=\"mc-column content-text active-extra-styles \" data-block-type=\"unstyled\" data-block-weight=\"49\" data-block-id=\"3\">\n<p class=\" content-text__container \" data-track-category=\"Link no Texto\" data-track-links=\"\" data-mrf-recirculation=\"Mat\u00e9ria - Links no Texto\">Um acidente entre uma ambul\u00e2ncia e um carro deixou tr\u00eas mortos na tarde desta segunda-feira (20), na BR-153, em\u00a0<a class=\"\" href=\"https:\/\/g1.globo.com\/go\/goias\/cidade\/professor-jamil\/\" data-mrf-link=\"https:\/\/g1.globo.com\/go\/goias\/cidade\/professor-jamil\/\">Professor Jamil<\/a>, regi\u00e3o sul de Goi\u00e1s, segundo a Pol\u00edcia Rodovi\u00e1ria Federal (PRF). Um v\u00eddeo divulgado pela PRF mostra um dos carros envolvidos no acidente bastante danificado e capotado\u00a0<strong><em>(veja acima).<\/em><\/strong><\/p>\n<\/div>\n<\/div>\n<div class=\"wall protected-content\">\n<div id=\"chunk-cv3gl\">\n<div class=\"mc-column content-text active-extra-styles \" data-block-type=\"unstyled\" data-block-weight=\"31\" data-block-id=\"5\">\n<p class=\" content-text__container \" data-track-category=\"Link no Texto\" data-track-links=\"\" data-mrf-recirculation=\"Mat\u00e9ria - Links no Texto\">Na grava\u00e7\u00e3o, a pista est\u00e1 bloqueada, enquanto servidores da Triunfo Concebra, concession\u00e1ria da rodovia, trabalham no local. Outras tr\u00eas pessoas ficaram gravemente feridas, de acordo com a corpora\u00e7\u00e3o, informou a PRF.<\/p>\n<\/div>\n<\/div>\n<div id=\"chunk-39ako\">\n<div class=\"mc-column content-text active-extra-styles \" data-block-type=\"unstyled\" data-block-weight=\"45\" data-block-id=\"6\">\n<p class=\" content-text__container \" data-track-category=\"Link no Texto\" data-track-links=\"\" data-mrf-recirculation=\"Mat\u00e9ria - Links no Texto\">Sobre o acidente, a PRF relatou que os dois ve\u00edculos seguiam pela rodovia no mesmo sentido, quando houve uma batida traseira entre eles. A corpora\u00e7\u00e3o n\u00e3o soube dizer qual dos dois ve\u00edculos foi o respons\u00e1vel pela colis\u00e3o e afirmou que a din\u00e2mica ainda ser\u00e1 investigada.<\/p>\n<\/div>\n<\/div>\n<div id=\"chunk-6k08q\">\n<div class=\"content-ads content-ads--reveal\" data-block-type=\"ads\" data-block-id=\"7\">\n<div id=\"banner_materia2\" class=\"tag-manager-publicidade-container tag-manager-publicidade-banner_materia2 tag-manager-publicidade-container--carregado tag-manager-publicidade-container--visivel\" data-google-query-id=\"CJjl6pCvtZADFbANHgAdhq8X4w\">\n<div id=\"google_ads_iframe_\/95377733\/tvg_G1\/Sua_Regiao&gt;Centro_Oeste&gt;Goias\/Internas_3__container__\">Ap\u00f3s o acidente, os tr\u00eas ocupantes do carro, o condutor de 78 anos uma passageira, de 75, e um passageiro, de 54, todos da mesma fam\u00edlia, morreram ainda no local. Na ambul\u00e2ncia, o motorista de 33 anos foi encaminhado ao Hospital de Urg\u00eancias de Goi\u00e2nia (Hugo), e outros dois passageiros, um homem de 63 anos e uma mulher de 61, foram levados ao Hospital Municipal de Morrinhos, afirmou a PRF.<\/div>\n<div><\/div>\n<\/div>\n<\/div>\n<\/div>\n<div id=\"chunk-cl4c8\">\n<div class=\"mc-column content-text active-extra-styles \" data-block-type=\"unstyled\" data-block-weight=\"20\" data-block-id=\"10\">\n<p class=\" content-text__container \" data-track-category=\"Link no Texto\" data-track-links=\"\" data-mrf-recirculation=\"Mat\u00e9ria - Links no Texto\">Como os nomes dos envolvidos n\u00e3o foram divulgados, o\u00a0<a class=\"\" href=\"https:\/\/g1.globo.com\/go\/goias\/\" data-mrf-link=\"https:\/\/g1.globo.com\/go\/goias\/\"><strong>g1<\/strong><\/a>\u00a0n\u00e3o conseguiu uma atualiza\u00e7\u00e3o sobre o estado de sa\u00fade deles.<\/p>\n<\/div>\n<\/div>\n<div id=\"chunk-f69gf\">\n<div class=\"mc-column content-text active-extra-styles \" data-block-type=\"unstyled\" data-block-weight=\"32\" data-block-id=\"11\">\n<p class=\" content-text__container \" data-track-category=\"Link no Texto\" data-track-links=\"\" data-mrf-recirculation=\"Mat\u00e9ria - Links no Texto\">Segundo o Corpo de Bombeiros, a ambul\u00e2ncia levava um paciente que realizaria uma cirurgia na perna esquerda. Os militares n\u00e3o souberam informar se o paciente est\u00e1 entre os feridos na batida.<\/p>\n<\/div>\n<\/div>\n<\/div>\n","protected":false},"excerpt":{"rendered":"<p>Um acidente entre uma ambul\u00e2ncia e um carro deixou tr\u00eas mortos na tarde desta segunda-feira (20), na BR-153, em\u00a0Professor Jamil, regi\u00e3o sul de Goi\u00e1s, segundo a Pol\u00edcia Rodovi\u00e1ria Federal (PRF). Um v\u00eddeo divulgado pela PRF mostra um dos carros envolvidos no acidente bastante danificado e capotado\u00a0(veja acima). Na grava\u00e7\u00e3o, a pista est\u00e1 bloqueada, enquanto servidores &hellip;<\/p>\n","protected":false},"author":3,"featured_media":79505,"comment_status":"closed","ping_status":"open","sticky":false,"template":"","format":"standard","meta":{"_exactmetrics_skip_tracking":false,"_exactmetrics_sitenote_active":false,"_exactmetrics_sitenote_note":"","_exactmetrics_sitenote_category":0,"footnotes":""},"categories":[15,19,62,346],"tags":[],"_links":{"self":[{"href":"https:\/\/goiasemtempo.com.br\/home\/wp-json\/wp\/v2\/posts\/79504"}],"collection":[{"href":"https:\/\/goiasemtempo.com.br\/home\/wp-json\/wp\/v2\/posts"}],"about":[{"href":"https:\/\/goiasemtempo.com.br\/home\/wp-json\/wp\/v2\/types\/post"}],"author":[{"embeddable":true,"href":"https:\/\/goiasemtempo.com.br\/home\/wp-json\/wp\/v2\/users\/3"}],"replies":[{"embeddable":true,"href":"https:\/\/goiasemtempo.com.br\/home\/wp-json\/wp\/v2\/comments?post=79504"}],"version-history":[{"count":2,"href":"https:\/\/goiasemtempo.com.br\/home\/wp-json\/wp\/v2\/posts\/79504\/revisions"}],"predecessor-version":[{"id":79507,"href":"https:\/\/goiasemtempo.com.br\/home\/wp-json\/wp\/v2\/posts\/79504\/revisions\/79507"}],"wp:featuredmedia":[{"embeddable":true,"href":"https:\/\/goiasemtempo.com.br\/home\/wp-json\/wp\/v2\/media\/79505"}],"wp:attachment":[{"href":"https:\/\/goiasemtempo.com.br\/home\/wp-json\/wp\/v2\/media?parent=79504"}],"wp:term":[{"taxonomy":"category","embeddable":true,"href":"https:\/\/goiasemtempo.com.br\/home\/wp-json\/wp\/v2\/categories?post=79504"},{"taxonomy":"post_tag","embeddable":true,"href":"https:\/\/goiasemtempo.com.br\/home\/wp-json\/wp\/v2\/tags?post=79504"}],"curies":[{"name":"wp","href":"https:\/\/api.w.org\/{rel}","templated":true}]}}