{"id":79490,"date":"2025-10-20T19:47:09","date_gmt":"2025-10-20T19:47:09","guid":{"rendered":"https:\/\/goiasemtempo.com.br\/home\/?p=79490"},"modified":"2025-10-20T19:47:57","modified_gmt":"2025-10-20T19:47:57","slug":"seguranca-publica-de-goias-afasta-coronel-e-delegado-apos-troca-de-acusacoes-nas-redes-sociais","status":"publish","type":"post","link":"https:\/\/goiasemtempo.com.br\/home\/seguranca-publica-de-goias-afasta-coronel-e-delegado-apos-troca-de-acusacoes-nas-redes-sociais\/","title":{"rendered":"Seguran\u00e7a P\u00fablica de Goi\u00e1s afasta coronel e delegado ap\u00f3s troca de acusa\u00e7\u00f5es nas redes sociais"},"content":{"rendered":"<p>A Secretaria de Seguran\u00e7a P\u00fablica de Goi\u00e1s (SSP-GO) afastou de suas fun\u00e7\u00f5es o coronel da Pol\u00edcia Militar, Edson Lu\u00eds Sousa Melo Rocha, conhecido como\u00a0<strong>Edson Raiado<\/strong>, e o delegado da Pol\u00edcia Civil\u00a0<strong>Carlos Alfama<\/strong>, ap\u00f3s ambos trocarem acusa\u00e7\u00f5es e ataques pessoais nas redes sociais. A situa\u00e7\u00e3o teve in\u00edcio na \u00faltima sexta-feira (17), quando o coronel publicou um v\u00eddeo em seu perfil criticando a atua\u00e7\u00e3o de Alfama em investiga\u00e7\u00f5es que envolveram policiais militares. O delegado respondeu, tamb\u00e9m por meio de v\u00eddeo, rebatendo as declara\u00e7\u00f5es e fazendo novas acusa\u00e7\u00f5es contra o oficial.<\/p>\n<div id=\"inread1\" class=\"square-ad\" data-google-query-id=\"CJDfp4nFs5ADFZQ_uQYdn7EHkg\">\n<div id=\"google_ads_iframe_\/176290677\/maisgoias\/inread1_0__container__\"><\/div>\n<\/div>\n<p>Em nota conjunta, a SSP-GO, a Pol\u00edcia Militar e a Pol\u00edcia Civil confirmaram o afastamento tempor\u00e1rio dos dois servidores e informaram que eles ficar\u00e3o \u00e0 disposi\u00e7\u00e3o das respectivas corregedorias enquanto as condutas s\u00e3o apuradas. Segundo a secretaria, a decis\u00e3o visa \u201cpreservar a integra\u00e7\u00e3o entre as for\u00e7as de seguran\u00e7a e garantir a efetividade no combate \u00e0 criminalidade no Estado\u201d.<\/p>\n<p><strong>Troca de acusa\u00e7\u00f5es<\/strong><\/p>\n<p>Em um v\u00eddeo divulgado em seu perfil no Instagram, o coronel Raiado afirmou que suas cr\u00edticas n\u00e3o se dirigiam \u00e0 institui\u00e7\u00e3o Pol\u00edcia Civil, mas sim ao comportamento de Alfama. Ele classificou o delegado como \u201cpuritano hip\u00f3crita\u201d e o acusou de agir com \u201cvaidade travestida de justi\u00e7a\u201d.<\/p>\n<div>\u201cN\u00e3o estou aqui para atacar a Pol\u00edcia Civil, pelo contr\u00e1rio. Mas respeitar a institui\u00e7\u00e3o n\u00e3o \u00e9 se calar diante de quem mancha o uniforme ou desonra o sistema de justi\u00e7a\u201d, declarou o coronel. \u201cO delegado Alfama optou por se manifestar quando n\u00e3o foi chamado. J\u00e1 tentou incriminar policiais militares com base em suposi\u00e7\u00f5es e pr\u00e9-julgamentos indevidos. Isso \u00e9 pura vaidade, Alfama. Vaidade travestida.\u201d<\/div>\n<div><\/div>\n<p>Raiado tamb\u00e9m insinuou que o delegado teria um hist\u00f3rico de conflitos internos e motiva\u00e7\u00f5es pol\u00edticas. \u201cPra mim, voc\u00ea n\u00e3o representa a Pol\u00edcia Civil, nem os delegados s\u00e9rios. Representa uma minoria ideol\u00f3gica que usa o distintivo para alimentar o ego. Enquanto voc\u00ea fala em cursinho, tem policial sangrando l\u00e1 na rua para manter a paz\u201d, disse o coronel.<\/p>\n<p>Em resposta, o delegado Carlos Alfama afirmou que o coronel ultrapassou limites ao divulgar trechos de interrogat\u00f3rios oficiais conduzidos por ele e rebateu as acusa\u00e7\u00f5es com tom igualmente incisivo: \u201cCoronel, lave a sua boca para falar de mim. Lave a sua boca antes de colocar o meu nome na sua fala. Voc\u00ea \u00e9 um personagem\u201d, afirmou Alfama.<\/p>\n<div id=\"inread3\" class=\"square-ad\" data-google-query-id=\"CMbeqI3Fs5ADFfQ3uQYdQScwwQ\">\n<div id=\"google_ads_iframe_\/176290677\/maisgoias\/inread3_0__container__\"><\/div>\n<\/div>\n<p>\u201cEu estou h\u00e1 quatro anos numa delegacia de homic\u00eddios, com mais de uma centena de homicidas presos. Enquanto isso, o senhor pedia licen\u00e7a para ser seguran\u00e7a de candidato a pol\u00edtico. Sua compet\u00eancia \u00e9 t\u00e3o grande que o candidato levou uma cadeirada do Datena.\u201d<\/p>\n<p>O delegado tamb\u00e9m acusou o oficial de usar as redes sociais para autopromo\u00e7\u00e3o e de agir por motiva\u00e7\u00f5es pol\u00edticas: \u201cEsse personagem que o senhor criou para ser digital influencer s\u00f3 engana paisano em rede social. Dentro da pol\u00edcia, todo mundo sabe das suas aspira\u00e7\u00f5es partid\u00e1rias. E, se o senhor tiver cr\u00edticas ao meu trabalho, v\u00e1 at\u00e9 a delegacia e fale comigo frente a frente.\u201d<\/p>\n<p>Alfama encerrou o v\u00eddeo afirmando que considera \u201cvergonhoso\u201d o fato de um delegado e um coronel \u201cbaterem boca em rede social\u201d, mas refor\u00e7ou que n\u00e3o deixaria de responder \u201cataques pessoais disfar\u00e7ados de cr\u00edtica institucional\u201d.<\/p>\n<div id=\"inread4\" class=\"square-ad\" data-google-query-id=\"CMGarI7Fs5ADFceDYQYd7eIZDg\">\n<div id=\"google_ads_iframe_\/176290677\/maisgoias\/inread4_0__container__\"><\/div>\n<\/div>\n<p>A SSP-GO ressaltou que \u201ctais condutas pontuais n\u00e3o abalam a integra\u00e7\u00e3o entre as institui\u00e7\u00f5es\u201d, refor\u00e7ando o compromisso das for\u00e7as policiais goianas com a manuten\u00e7\u00e3o da ordem p\u00fablica e o respeito m\u00fatuo entre as corpora\u00e7\u00f5es.<\/p>\n<p><strong>NOTA CONJUNTA \u2013 SSP\/PM\/PC<\/strong><\/p>\n<p><em>Diante dos fatos ocorridos desde o dia 17.10.2025 em que o Coronel PM \u00c9dson Lu\u00eds Souza Melo Rocha e Delegado de Pol\u00edcia Carlos Alfama propagaram ataques m\u00fatuos por meio de suas m\u00eddias sociais, a Secretaria de Seguran\u00e7a P\u00fablica, a Policia Militar e a Pol\u00edcia Civil esclarecem que n\u00e3o coadunam com posturas individualizadas de agentes p\u00fablicos que possam ensejar qualquer diverg\u00eancia e manuten\u00e7\u00e3o da boa rela\u00e7\u00e3o e da integra\u00e7\u00e3o entre as For\u00e7as de Seguran\u00e7a P\u00fablica do Estado de Goi\u00e1s.<\/em><\/p>\n<p><em>Deste modo, com o foco na manuten\u00e7\u00e3o do pilar s\u00f3lido da integra\u00e7\u00e3o entre as For\u00e7as de Seguran\u00e7a P\u00fablica e o combate efetivo \u00e0 criminalidade no \u00e2mbito do Estado, bem como a manuten\u00e7\u00e3o e a garantia da ordem social no intento de se preservar vidas e proteger os cidad\u00e3os, a Secretaria de Seguran\u00e7a P\u00fablica informa que ambos os agentes p\u00fablicos ser\u00e3o imediatamente afastados de suas fun\u00e7\u00f5es e ficar\u00e3o a disposi\u00e7\u00e3o de seus respectivos \u00f3rg\u00e3os correcionais para que sejam apuradas suas condutas.<\/em><\/p>\n<p><em>A Secretaria de Seguran\u00e7a P\u00fablica, a Pol\u00edcia Militar e a Pol\u00edcia Civil, afirmam que tais condutas pontuais n\u00e3o abalam os servi\u00e7os integrados entre as institui\u00e7\u00f5es e garantem com o n\u00edvel de excel\u00eancia de suas atribui\u00e7\u00f5es constitucionais de manuten\u00e7\u00e3o e preserva\u00e7\u00e3o da ordem p\u00fablica em todo o Estado de Goi\u00e1s.<\/em><\/p>\n<p>Renato Brum dos Santos \u2013 Secret\u00e1rio de Seguran\u00e7a P\u00fablica<\/p>\n<p>Coronel PM Marcelo Granja \u2013 Comandante Geral da Pol\u00edcia Militar do Estado de Goi\u00e1s<\/p>\n","protected":false},"excerpt":{"rendered":"<p>A Secretaria de Seguran\u00e7a P\u00fablica de Goi\u00e1s (SSP-GO) afastou de suas fun\u00e7\u00f5es o coronel da Pol\u00edcia Militar, Edson Lu\u00eds Sousa Melo Rocha, conhecido como\u00a0Edson Raiado, e o delegado da Pol\u00edcia Civil\u00a0Carlos Alfama, ap\u00f3s ambos trocarem acusa\u00e7\u00f5es e ataques pessoais nas redes sociais. A situa\u00e7\u00e3o teve in\u00edcio na \u00faltima sexta-feira (17), quando o coronel publicou um &hellip;<\/p>\n","protected":false},"author":3,"featured_media":79491,"comment_status":"closed","ping_status":"open","sticky":false,"template":"","format":"standard","meta":{"_exactmetrics_skip_tracking":false,"_exactmetrics_sitenote_active":false,"_exactmetrics_sitenote_note":"","_exactmetrics_sitenote_category":0,"footnotes":""},"categories":[15,26,19,4],"tags":[],"_links":{"self":[{"href":"https:\/\/goiasemtempo.com.br\/home\/wp-json\/wp\/v2\/posts\/79490"}],"collection":[{"href":"https:\/\/goiasemtempo.com.br\/home\/wp-json\/wp\/v2\/posts"}],"about":[{"href":"https:\/\/goiasemtempo.com.br\/home\/wp-json\/wp\/v2\/types\/post"}],"author":[{"embeddable":true,"href":"https:\/\/goiasemtempo.com.br\/home\/wp-json\/wp\/v2\/users\/3"}],"replies":[{"embeddable":true,"href":"https:\/\/goiasemtempo.com.br\/home\/wp-json\/wp\/v2\/comments?post=79490"}],"version-history":[{"count":1,"href":"https:\/\/goiasemtempo.com.br\/home\/wp-json\/wp\/v2\/posts\/79490\/revisions"}],"predecessor-version":[{"id":79492,"href":"https:\/\/goiasemtempo.com.br\/home\/wp-json\/wp\/v2\/posts\/79490\/revisions\/79492"}],"wp:featuredmedia":[{"embeddable":true,"href":"https:\/\/goiasemtempo.com.br\/home\/wp-json\/wp\/v2\/media\/79491"}],"wp:attachment":[{"href":"https:\/\/goiasemtempo.com.br\/home\/wp-json\/wp\/v2\/media?parent=79490"}],"wp:term":[{"taxonomy":"category","embeddable":true,"href":"https:\/\/goiasemtempo.com.br\/home\/wp-json\/wp\/v2\/categories?post=79490"},{"taxonomy":"post_tag","embeddable":true,"href":"https:\/\/goiasemtempo.com.br\/home\/wp-json\/wp\/v2\/tags?post=79490"}],"curies":[{"name":"wp","href":"https:\/\/api.w.org\/{rel}","templated":true}]}}