{"id":79487,"date":"2025-10-20T19:42:57","date_gmt":"2025-10-20T19:42:57","guid":{"rendered":"https:\/\/goiasemtempo.com.br\/home\/?p=79487"},"modified":"2025-10-20T19:42:57","modified_gmt":"2025-10-20T19:42:57","slug":"falta-de-energia-na-captacao-pianco-deixa-varios-bairros-de-anapolis-sem-agua","status":"publish","type":"post","link":"https:\/\/goiasemtempo.com.br\/home\/falta-de-energia-na-captacao-pianco-deixa-varios-bairros-de-anapolis-sem-agua\/","title":{"rendered":"Falta de energia na capta\u00e7\u00e3o Pianc\u00f3 deixa v\u00e1rios bairros de An\u00e1polis sem \u00e1gua"},"content":{"rendered":"<p>A falta de energia el\u00e9trica na capta\u00e7\u00e3o Pianc\u00f3, em An\u00e1polis, desde as 6h desta segunda-feira (20), comprometeu o fornecimento de \u00e1gua em diversos bairros do munic\u00edpio. Segundo comunicado da Saneago, o abastecimento ser\u00e1 retomado de forma gradual assim que a energia for restabelecida.<\/p>\n<p>A companhia explicou que, diferente da rede el\u00e9trica, o sistema de abastecimento de \u00e1gua demora mais para se normalizar, pois depende do enchimento das redes e reservat\u00f3rios at\u00e9 atingir a press\u00e3o ideal. Por isso, a orienta\u00e7\u00e3o \u00e9 que os moradores utilizem com modera\u00e7\u00e3o a \u00e1gua armazenada nas caixas, evitando desperd\u00edcios.<\/p>\n<p>Entre as regi\u00f5es afetadas est\u00e3o Anexo Itamaraty, Ant\u00f4nio Fernandes, Bandeiras, Boa Vista, Bom Sucesso I e II, Central, Cidade Universit\u00e1ria, Conjunto Mirage, Itamaraty (I a IV etapas), Jardim Alexandrina, Jardim das Am\u00e9ricas, Jardim Progresso, Jardim Village, Maracan\u00e3, Parque Iracema, Residencial Araguaia, Residencial M\u00f4nica Braga, Residencial Villa Bella, Vila dos Oficiais, Vila Harmonia, Vila Jaiara e Vila Santa Helena.<\/p>\n<p>O consumo consciente, de acordo com a empresa, \u00e9 fundamental para acelerar a recupera\u00e7\u00e3o do sistema, principalmente nos bairros localizados em \u00e1reas mais altas, que levam mais tempo para ter o abastecimento totalmente regularizado.<\/p>\n<p>A Saneago informou que equipes da concession\u00e1ria de energia atuam para restabelecer o servi\u00e7o, mas ainda n\u00e3o h\u00e1 previs\u00e3o para a completa normaliza\u00e7\u00e3o do abastecimento.<\/p>\n","protected":false},"excerpt":{"rendered":"<p>A falta de energia el\u00e9trica na capta\u00e7\u00e3o Pianc\u00f3, em An\u00e1polis, desde as 6h desta segunda-feira (20), comprometeu o fornecimento de \u00e1gua em diversos bairros do munic\u00edpio. Segundo comunicado da Saneago, o abastecimento ser\u00e1 retomado de forma gradual assim que a energia for restabelecida. A companhia explicou que, diferente da rede el\u00e9trica, o sistema de abastecimento &hellip;<\/p>\n","protected":false},"author":3,"featured_media":79488,"comment_status":"closed","ping_status":"open","sticky":false,"template":"","format":"standard","meta":{"_exactmetrics_skip_tracking":false,"_exactmetrics_sitenote_active":false,"_exactmetrics_sitenote_note":"","_exactmetrics_sitenote_category":0,"footnotes":""},"categories":[18,15,480],"tags":[],"_links":{"self":[{"href":"https:\/\/goiasemtempo.com.br\/home\/wp-json\/wp\/v2\/posts\/79487"}],"collection":[{"href":"https:\/\/goiasemtempo.com.br\/home\/wp-json\/wp\/v2\/posts"}],"about":[{"href":"https:\/\/goiasemtempo.com.br\/home\/wp-json\/wp\/v2\/types\/post"}],"author":[{"embeddable":true,"href":"https:\/\/goiasemtempo.com.br\/home\/wp-json\/wp\/v2\/users\/3"}],"replies":[{"embeddable":true,"href":"https:\/\/goiasemtempo.com.br\/home\/wp-json\/wp\/v2\/comments?post=79487"}],"version-history":[{"count":1,"href":"https:\/\/goiasemtempo.com.br\/home\/wp-json\/wp\/v2\/posts\/79487\/revisions"}],"predecessor-version":[{"id":79489,"href":"https:\/\/goiasemtempo.com.br\/home\/wp-json\/wp\/v2\/posts\/79487\/revisions\/79489"}],"wp:featuredmedia":[{"embeddable":true,"href":"https:\/\/goiasemtempo.com.br\/home\/wp-json\/wp\/v2\/media\/79488"}],"wp:attachment":[{"href":"https:\/\/goiasemtempo.com.br\/home\/wp-json\/wp\/v2\/media?parent=79487"}],"wp:term":[{"taxonomy":"category","embeddable":true,"href":"https:\/\/goiasemtempo.com.br\/home\/wp-json\/wp\/v2\/categories?post=79487"},{"taxonomy":"post_tag","embeddable":true,"href":"https:\/\/goiasemtempo.com.br\/home\/wp-json\/wp\/v2\/tags?post=79487"}],"curies":[{"name":"wp","href":"https:\/\/api.w.org\/{rel}","templated":true}]}}