{"id":7945,"date":"2017-12-31T20:09:16","date_gmt":"2017-12-31T20:09:16","guid":{"rendered":"http:\/\/goiasemtempo.com.br\/home\/?p=7945"},"modified":"2017-12-31T20:09:16","modified_gmt":"2017-12-31T20:09:16","slug":"confira-as-atracoes-do-reveillon-em-sao-paulo","status":"publish","type":"post","link":"https:\/\/goiasemtempo.com.br\/home\/confira-as-atracoes-do-reveillon-em-sao-paulo\/","title":{"rendered":"Confira as atra\u00e7\u00f5es do r\u00e9veillon em S\u00e3o Paulo"},"content":{"rendered":"<p>A noite de r\u00e9veillon da Avenida Paulista, em S\u00e3o Paulo, este ano ter\u00e1 sete horas de festa, com shows da cantora Claudia Leitte, do grupo Samb\u00f4 e do cantor Latino, al\u00e9m da apresenta\u00e7\u00e3o de DJs.<\/p>\n<p>As apresenta\u00e7\u00f5es v\u00e3o come\u00e7ar \u00e0s 20h deste domingo e terminar\u00e3o \u00e0s 2h30 do dia 1\u00ba. A queima de fogos ocorrer\u00e1 \u00e0 zero hora e ter\u00e1 dura\u00e7\u00e3o de 15 minutos. A expectativa \u00e9 que o Ano-Novo seja comemorado por 1,2 milh\u00e3o de pessoas na Paulista.<\/p>\n<p>O tema da festa este ano \u00e9 Vamos Celebrar o Futuro de M\u00e3os Dadas. O show pirot\u00e9cnico, dependendo das condi\u00e7\u00f5es meteorol\u00f3gicas, poder\u00e1 ser visto a at\u00e9 seis quil\u00f4metros de dist\u00e2ncia, segundo a prefeitura.<\/p>\n<p>Na segunda-feira (1\u00ba), a comemora\u00e7\u00e3o da chegada de 2018 continuar\u00e1 no Parque do Ibirapuera, na zona Sul da cidade. O Festival Supernova ter\u00e1 shows gratuitos, food trucks com pre\u00e7os acess\u00edveis e yoga ao parque mais famoso da capital.<\/p>\n<p>Confira a programa\u00e7\u00e3o do r\u00e9veillon S\u00e3o Paulo 2017:<\/p>\n<p>Dia 31 \u2013 Avenida Paulista<br \/>\nA partir das 20 horas: show da cantora Claudia Leitte, do grupo Samb\u00f4 e do cantor Latino, e apresenta\u00e7\u00e3o de Djs.<\/p>\n<p>Zero hora: queima de fogos<\/p>\n<p>Dia 1\u00ba \u2013 Obelisco do Parque do Ibirapuera<\/p>\n<p>13h30: DJ Dud\u00e3o Melo (Superjazz)<br \/>\n14h10: Craca e Dani Nega<br \/>\n15h50: Met\u00e1 Met\u00e1 (oficial)<br \/>\n16h50: DJ Samuca<br \/>\n17h30: As Bahias e a Cozinha Mineira<br \/>\n18h30: DJ Tahira<br \/>\n19h: Tulipa Ruiz<\/p>\n<p>Edi\u00e7\u00e3o: Kleber Sampaio<\/p>\n","protected":false},"excerpt":{"rendered":"<p>A noite de r\u00e9veillon da Avenida Paulista, em S\u00e3o Paulo, este ano ter\u00e1 sete horas de festa, com shows da cantora Claudia Leitte, do grupo Samb\u00f4 e do cantor Latino, al\u00e9m da apresenta\u00e7\u00e3o de DJs. As apresenta\u00e7\u00f5es v\u00e3o come\u00e7ar \u00e0s 20h deste domingo e terminar\u00e3o \u00e0s 2h30 do dia 1\u00ba. A queima de fogos ocorrer\u00e1 &hellip;<\/p>\n","protected":false},"author":2,"featured_media":7824,"comment_status":"open","ping_status":"open","sticky":false,"template":"","format":"standard","meta":{"footnotes":""},"categories":[4],"tags":[],"class_list":["post-7945","post","type-post","status-publish","format-standard","has-post-thumbnail","hentry","category-ultimas-noticias"],"_links":{"self":[{"href":"https:\/\/goiasemtempo.com.br\/home\/wp-json\/wp\/v2\/posts\/7945","targetHints":{"allow":["GET"]}}],"collection":[{"href":"https:\/\/goiasemtempo.com.br\/home\/wp-json\/wp\/v2\/posts"}],"about":[{"href":"https:\/\/goiasemtempo.com.br\/home\/wp-json\/wp\/v2\/types\/post"}],"author":[{"embeddable":true,"href":"https:\/\/goiasemtempo.com.br\/home\/wp-json\/wp\/v2\/users\/2"}],"replies":[{"embeddable":true,"href":"https:\/\/goiasemtempo.com.br\/home\/wp-json\/wp\/v2\/comments?post=7945"}],"version-history":[{"count":1,"href":"https:\/\/goiasemtempo.com.br\/home\/wp-json\/wp\/v2\/posts\/7945\/revisions"}],"predecessor-version":[{"id":7946,"href":"https:\/\/goiasemtempo.com.br\/home\/wp-json\/wp\/v2\/posts\/7945\/revisions\/7946"}],"wp:featuredmedia":[{"embeddable":true,"href":"https:\/\/goiasemtempo.com.br\/home\/wp-json\/wp\/v2\/media\/7824"}],"wp:attachment":[{"href":"https:\/\/goiasemtempo.com.br\/home\/wp-json\/wp\/v2\/media?parent=7945"}],"wp:term":[{"taxonomy":"category","embeddable":true,"href":"https:\/\/goiasemtempo.com.br\/home\/wp-json\/wp\/v2\/categories?post=7945"},{"taxonomy":"post_tag","embeddable":true,"href":"https:\/\/goiasemtempo.com.br\/home\/wp-json\/wp\/v2\/tags?post=7945"}],"curies":[{"name":"wp","href":"https:\/\/api.w.org\/{rel}","templated":true}]}}