{"id":79402,"date":"2025-10-08T19:51:55","date_gmt":"2025-10-08T19:51:55","guid":{"rendered":"https:\/\/goiasemtempo.com.br\/home\/?p=79402"},"modified":"2025-10-08T19:51:55","modified_gmt":"2025-10-08T19:51:55","slug":"caminhos-santos-a-fe-pode-impulsionar-o-desenvolvimento-do-turismo-de-anapolis","status":"publish","type":"post","link":"https:\/\/goiasemtempo.com.br\/home\/caminhos-santos-a-fe-pode-impulsionar-o-desenvolvimento-do-turismo-de-anapolis\/","title":{"rendered":"Caminhos Santos,  a f\u00e9 pode impulsionar o desenvolvimento do turismo de An\u00e1polis"},"content":{"rendered":"<h3 style=\"margin: 14.0pt 0cm 4.0pt 0cm;\"><span style=\"font-size: 11.0pt; font-family: 'Calibri',sans-serif; color: black; font-weight: normal;\">O dia amanheceu luminoso sobre a fren\u00e9tica capital de Goi\u00e1s, e partindo dali, um grupo de profissionais ligados \u00e0 \u00e1rea do turismo deixou Goi\u00e2nia bem cedo rumo a An\u00e1polis, para conhecer o potencial do turismo religioso da cidade, t\u00e3o conhecida por suas in\u00fameras ind\u00fastrias e abrigar o DAIA, um dos maiores Distritos Agroindustriais da Am\u00e9rica Latina e que reune o segundo maior polo farmoqu\u00edmico do continente.<\/span><\/h3>\n<h3 style=\"margin: 14.0pt 0cm 4.0pt 0cm;\"><span style=\"font-size: 11.0pt; font-family: 'Calibri',sans-serif; color: black; font-weight: normal;\">Mas naquela manh\u00e3 de quinta-feira do dia 02 a pressa do ritmo intenso do trabalho e dos neg\u00f3cios deu lugar \u00e0 contempla\u00e7\u00e3o. Era o in\u00edcio de uma jornada de f\u00e9, aprendizado e redescoberta, <\/span><span style=\"font-size: 11.0pt; font-family: 'Calibri',sans-serif; color: black;\">a experi\u00eancia piloto do roteiro Caminhos Santos,<\/span><span style=\"font-size: 11.0pt; font-family: 'Calibri',sans-serif; color: black; font-weight: normal;\"> projeto protagonizado pelo Sebrae Goi\u00e1s, que prop\u00f5e transformar a espiritualidade e a cultura local em instrumentos de desenvolvimento sustent\u00e1vel revelando camadas mais profundas da voca\u00e7\u00e3o de An\u00e1polis.<\/span><\/h3>\n<p style=\"margin: 12.0pt 0cm .0001pt 0cm;\"><span style=\"font-size: 11.0pt; font-family: 'Calibri',sans-serif; color: black;\">Diante da Matriz e Santu\u00e1rio de Sant\u2019Ana o grupo se juntou aos demais convidados, entre eles t\u00e9cnicos do Sebrae, empreendedores, representantes do poder p\u00fablico e lideran\u00e7as religiosas, foi mais do que um teste. Foi um mergulho nas ra\u00edzes da f\u00e9 anapolina e na pot\u00eancia de um territ\u00f3rio que pulsa espiritualidade. Estavam presentes o Frei Alex, p\u00e1roco do Santu\u00e1rio, o deputado estadual Coronel Adailton, da Assembleia Legislativa;\u00a0 sua esposa, vereadora Capit\u00e3 Elizete e o Vereador Marcos Carvalho, representantes da C\u00e2mara Municipal; tamb\u00e9m Wilton Ferreira, presidente do Comtur, Conselho Municipal de Turismo.<\/span><\/p>\n<p style=\"margin: 12.0pt 0cm 12.0pt 0cm;\"><strong><i><span style=\"font-size: 11.0pt; font-family: 'Calibri',sans-serif; color: black;\">Por Leidiana Batista, de An\u00e1polis<\/span><\/i><\/strong><\/p>\n<p>&nbsp;<\/p>\n<p style=\"margin: 12.0pt 0cm 12.0pt 0cm;\"><b><span style=\"font-size: 11.0pt; font-family: 'Calibri',sans-serif; color: black;\">O Sebrae Goi\u00e1s e o despertar de um novo produto tur\u00edstico<\/span><\/b><\/p>\n<p style=\"margin: 12.0pt 0cm 12.0pt 0cm;\"><span style=\"font-size: 11.0pt; font-family: 'Calibri',sans-serif; color: black;\">O <b>Caminhos Santos<\/b> nasce dentro da estrat\u00e9gia do <b>Sebrae Goi\u00e1s<\/b> de formatar o <b>turismo religioso como novo produto para 2025<\/b>, integrando f\u00e9, identidade e empreendedorismo. O projeto tem como objetivo transformar experi\u00eancias tradicionais, festas de padroeiros, peregrina\u00e7\u00f5es, culin\u00e1ria t\u00edpica e manifesta\u00e7\u00f5es culturais, em produtos tur\u00edsticos sustent\u00e1veis, com base em planejamento, capacita\u00e7\u00e3o e inova\u00e7\u00e3o.<\/span><\/p>\n<p style=\"margin: 12.0pt 0cm 12.0pt 0cm;\"><span style=\"font-size: 11.0pt; font-family: 'Calibri',sans-serif; color: black;\">Para o analista do Sebrae Goi\u00e1s, Ewerton Costa, o turismo de f\u00e9 \u00e9 uma oportunidade de desenvolvimento que une valores humanos e prosperidade econ\u00f4mica.<\/span><\/p>\n<p style=\"margin: 12.0pt 0cm 12.0pt 0cm;\"><span style=\"font-size: 11.0pt; font-family: 'Calibri',sans-serif; color: black;\">\u201cA f\u00e9 \u00e9 um movimento natural das pessoas, e onde h\u00e1 movimento, h\u00e1 possibilidade de desenvolvimento. O papel do Sebrae \u00e9 conectar essa energia espiritual \u00e0 realidade dos pequenos neg\u00f3cios, ajudando a transformar devo\u00e7\u00e3o em oportunidade, f\u00e9 em renda e cultura em produto sustent\u00e1vel por meio das micro e pequenas empresas do segmento\u201d, destaca Ewerton.<\/span><\/p>\n<p style=\"margin: 12.0pt 0cm 12.0pt 0cm;\"><span style=\"font-size: 11.0pt; font-family: 'Calibri',sans-serif; color: black;\">Ele explica que o Sebrae vem trabalhando na sensibiliza\u00e7\u00e3o de empreendedores locais, capacitando-os para receber visitantes com hospitalidade e autenticidade. Al\u00e9m de ajudar na formata\u00e7\u00e3o de produtos e servi\u00e7os voltados a esse segmento, a institui\u00e7\u00e3o atua na organiza\u00e7\u00e3o comunit\u00e1ria e na promo\u00e7\u00e3o da identidade regional.<\/span><\/p>\n<p style=\"margin: 12.0pt 0cm 12.0pt 0cm;\"><span style=\"font-size: 11.0pt; font-family: 'Calibri',sans-serif; color: black;\">\u201cO turismo religioso \u00e9 diferente de qualquer outro. Ele toca o cora\u00e7\u00e3o. \u00c9 sobre acolher, sobre pertencer. E quando o empreendedor entende isso, tudo muda. Ele passa a ver o neg\u00f3cio como um instrumento de miss\u00e3o e transforma\u00e7\u00e3o\u201d, completa Ewerton.<\/span><\/p>\n<p style=\"margin: 12.0pt 0cm 12.0pt 0cm;\"><b><span style=\"font-size: 11.0pt; font-family: 'Calibri',sans-serif; color: black;\">Priscila Vilarinho e a vis\u00e3o estrat\u00e9gica do turismo de experi\u00eancia<\/span><\/b><\/p>\n","protected":false},"excerpt":{"rendered":"<p>O dia amanheceu luminoso sobre a fren\u00e9tica capital de Goi\u00e1s, e partindo dali, um grupo de profissionais ligados \u00e0 \u00e1rea do turismo deixou Goi\u00e2nia bem cedo rumo a An\u00e1polis, para conhecer o potencial do turismo religioso da cidade, t\u00e3o conhecida por suas in\u00fameras ind\u00fastrias e abrigar o DAIA, um dos maiores Distritos Agroindustriais da Am\u00e9rica &hellip;<\/p>\n","protected":false},"author":3,"featured_media":79403,"comment_status":"closed","ping_status":"open","sticky":false,"template":"","format":"standard","meta":{"_exactmetrics_skip_tracking":false,"_exactmetrics_sitenote_active":false,"_exactmetrics_sitenote_note":"","_exactmetrics_sitenote_category":0,"footnotes":""},"categories":[490,53,467],"tags":[],"_links":{"self":[{"href":"https:\/\/goiasemtempo.com.br\/home\/wp-json\/wp\/v2\/posts\/79402"}],"collection":[{"href":"https:\/\/goiasemtempo.com.br\/home\/wp-json\/wp\/v2\/posts"}],"about":[{"href":"https:\/\/goiasemtempo.com.br\/home\/wp-json\/wp\/v2\/types\/post"}],"author":[{"embeddable":true,"href":"https:\/\/goiasemtempo.com.br\/home\/wp-json\/wp\/v2\/users\/3"}],"replies":[{"embeddable":true,"href":"https:\/\/goiasemtempo.com.br\/home\/wp-json\/wp\/v2\/comments?post=79402"}],"version-history":[{"count":1,"href":"https:\/\/goiasemtempo.com.br\/home\/wp-json\/wp\/v2\/posts\/79402\/revisions"}],"predecessor-version":[{"id":79404,"href":"https:\/\/goiasemtempo.com.br\/home\/wp-json\/wp\/v2\/posts\/79402\/revisions\/79404"}],"wp:featuredmedia":[{"embeddable":true,"href":"https:\/\/goiasemtempo.com.br\/home\/wp-json\/wp\/v2\/media\/79403"}],"wp:attachment":[{"href":"https:\/\/goiasemtempo.com.br\/home\/wp-json\/wp\/v2\/media?parent=79402"}],"wp:term":[{"taxonomy":"category","embeddable":true,"href":"https:\/\/goiasemtempo.com.br\/home\/wp-json\/wp\/v2\/categories?post=79402"},{"taxonomy":"post_tag","embeddable":true,"href":"https:\/\/goiasemtempo.com.br\/home\/wp-json\/wp\/v2\/tags?post=79402"}],"curies":[{"name":"wp","href":"https:\/\/api.w.org\/{rel}","templated":true}]}}