{"id":79322,"date":"2025-10-04T14:37:36","date_gmt":"2025-10-04T14:37:36","guid":{"rendered":"https:\/\/goiasemtempo.com.br\/home\/?p=79322"},"modified":"2025-10-04T14:48:23","modified_gmt":"2025-10-04T14:48:23","slug":"moradora-de-itapaci-com-suspeita-de-intoxicacao-por-metanol-tem-obesidade-morbida-e-esta-com-insuficiencia-renal","status":"publish","type":"post","link":"https:\/\/goiasemtempo.com.br\/home\/moradora-de-itapaci-com-suspeita-de-intoxicacao-por-metanol-tem-obesidade-morbida-e-esta-com-insuficiencia-renal\/","title":{"rendered":"Moradora de Itapaci com suspeita de intoxica\u00e7\u00e3o por metanol tem obesidade m\u00f3rbida e est\u00e1 com insufici\u00eancia renal"},"content":{"rendered":"<p>A mulher de 25 anos, moradora de Itapaci, que foi internada com um quadro suspeito de intoxica\u00e7\u00e3o por metanol tem obesidade m\u00f3rbida, etilismo cr\u00f4nico, e est\u00e1 com insufici\u00eancia renal grave. A informa\u00e7\u00e3o foi dada h\u00e1 pouco pelo secret\u00e1rio de Estado da Sa\u00fade, Ras\u00edvel dos Reis.<\/p>\n<p>O secret\u00e1rio afirma que a paciente est\u00e1 sendo submetida a um tratamento com bicarbonato de s\u00f3dio, indicado no caso dela, mas n\u00e3o est\u00e1 respondendo bem. Ras\u00edvel diz que ela bebeu em uma cachoeira com o pai e o irm\u00e3o, mas nenhum dos dois apresentou sintomas. Consumiu bebidas posteriormente em casa, e \u00e9 a\u00ed que a contamina\u00e7\u00e3o teria ocorrido. Foi levada para emerg\u00eancia com um quadro de dificuldade respirat\u00f3ria e redu\u00e7\u00e3o do n\u00edvel de consci\u00eancia, sendo necess\u00e1ria a intuba\u00e7\u00e3o.<\/p>\n<p>A mulher se encontra em um leito de Unidade de Terapia Intensiva (UTI) do Hospital do Centro Norte Goiano (HCN).<\/p>\n<h2 id=\"h-metanol-em-goias-forca-tarefa-policial\" class=\"wp-block-heading\">Metanol em Goi\u00e1s: for\u00e7a-tarefa policial<\/h2>\n<p>Em raz\u00e3o dos epis\u00f3dios de contamina\u00e7\u00e3o de pessoas pela presen\u00e7a de metanol em bebidas alco\u00f3licas nos estados de Pernambuco e S\u00e3o Paulo, o governador Ronaldo Caiado ordenou, na \u00faltima quarta-feira (1\u00ba), que se fa\u00e7a uma inspe\u00e7\u00e3o em distribuidoras de bebidas do Estado de Goi\u00e1s.<\/p>\n","protected":false},"excerpt":{"rendered":"<p>A mulher de 25 anos, moradora de Itapaci, que foi internada com um quadro suspeito de intoxica\u00e7\u00e3o por metanol tem obesidade m\u00f3rbida, etilismo cr\u00f4nico, e est\u00e1 com insufici\u00eancia renal grave. A informa\u00e7\u00e3o foi dada h\u00e1 pouco pelo secret\u00e1rio de Estado da Sa\u00fade, Ras\u00edvel dos Reis. O secret\u00e1rio afirma que a paciente est\u00e1 sendo submetida a &hellip;<\/p>\n","protected":false},"author":3,"featured_media":79323,"comment_status":"closed","ping_status":"open","sticky":false,"template":"","format":"standard","meta":{"_exactmetrics_skip_tracking":false,"_exactmetrics_sitenote_active":false,"_exactmetrics_sitenote_note":"","_exactmetrics_sitenote_category":0,"footnotes":""},"categories":[4],"tags":[],"_links":{"self":[{"href":"https:\/\/goiasemtempo.com.br\/home\/wp-json\/wp\/v2\/posts\/79322"}],"collection":[{"href":"https:\/\/goiasemtempo.com.br\/home\/wp-json\/wp\/v2\/posts"}],"about":[{"href":"https:\/\/goiasemtempo.com.br\/home\/wp-json\/wp\/v2\/types\/post"}],"author":[{"embeddable":true,"href":"https:\/\/goiasemtempo.com.br\/home\/wp-json\/wp\/v2\/users\/3"}],"replies":[{"embeddable":true,"href":"https:\/\/goiasemtempo.com.br\/home\/wp-json\/wp\/v2\/comments?post=79322"}],"version-history":[{"count":1,"href":"https:\/\/goiasemtempo.com.br\/home\/wp-json\/wp\/v2\/posts\/79322\/revisions"}],"predecessor-version":[{"id":79324,"href":"https:\/\/goiasemtempo.com.br\/home\/wp-json\/wp\/v2\/posts\/79322\/revisions\/79324"}],"wp:featuredmedia":[{"embeddable":true,"href":"https:\/\/goiasemtempo.com.br\/home\/wp-json\/wp\/v2\/media\/79323"}],"wp:attachment":[{"href":"https:\/\/goiasemtempo.com.br\/home\/wp-json\/wp\/v2\/media?parent=79322"}],"wp:term":[{"taxonomy":"category","embeddable":true,"href":"https:\/\/goiasemtempo.com.br\/home\/wp-json\/wp\/v2\/categories?post=79322"},{"taxonomy":"post_tag","embeddable":true,"href":"https:\/\/goiasemtempo.com.br\/home\/wp-json\/wp\/v2\/tags?post=79322"}],"curies":[{"name":"wp","href":"https:\/\/api.w.org\/{rel}","templated":true}]}}