{"id":79306,"date":"2025-10-03T13:43:02","date_gmt":"2025-10-03T13:43:02","guid":{"rendered":"https:\/\/goiasemtempo.com.br\/home\/?p=79306"},"modified":"2025-10-03T13:43:02","modified_gmt":"2025-10-03T13:43:02","slug":"lancha-mansao-e-tres-carros-bens-de-romario-vao-a-leilao-para-pagar-r-108-milhoes-em-divida","status":"publish","type":"post","link":"https:\/\/goiasemtempo.com.br\/home\/lancha-mansao-e-tres-carros-bens-de-romario-vao-a-leilao-para-pagar-r-108-milhoes-em-divida\/","title":{"rendered":"Lancha, mans\u00e3o e tr\u00eas carros: bens de Rom\u00e1rio v\u00e3o a leil\u00e3o para pagar R$ 10,8 milh\u00f5es em d\u00edvida"},"content":{"rendered":"<p>A Justi\u00e7a do Rio autorizou a ida a leil\u00e3o de uma mans\u00e3o, uma lancha e tr\u00eas carros atribu\u00eddos ao senador Rom\u00e1rio (PL-RJ), com o objetivo de quitar uma d\u00edvida que \u00e9 alvo de disputa judicial h\u00e1 mais de duas d\u00e9cadas. Os leil\u00f5es dos cinco bens\u00a0est\u00e3o marcados para ocorrer no pr\u00f3ximo dia 23, e os lances iniciais, somados, chegam a R$ 10,8 milh\u00f5es.<\/p>\n<div id=\"inread1\" class=\"square-ad\" data-google-query-id=\"CLaTvoOUiJADFdRc3QIddws08g\">\n<div id=\"google_ads_iframe_\/176290677\/maisgoias\/inread1_0__container__\"><\/div>\n<\/div>\n<p>O valor \u00e9 cerca de metade do que \u00e9 cobrado de Rom\u00e1rio judicialmente, devido \u00e0 quebra de contrato com uma empresa que prestava servi\u00e7os em uma boate na Barra da Tijuca, Zona Oeste do Rio, que pertencia ao hoje senador. A cobran\u00e7a come\u00e7ou em 2001, quando Rom\u00e1rio, \u00e0 \u00e9poca jogador de futebol, encerrou as atividades do Caf\u00e9 do Gol, no qual era um dos s\u00f3cios.<\/p>\n<p>Na \u00faltima estimativa apresentada pelos advogados da empresa \u00e0 4\u00aa Vara C\u00edvel da Barra da Tijuca, onde corre o processo, a d\u00edvida de Rom\u00e1rio estava estimada em R$ 24,3 milh\u00f5es.<\/p>\n<p>Parte desses bens\u00a0j\u00e1 foi levada a leil\u00e3o em 2021, mas o Superior Tribunal de Justi\u00e7a (STJ) suspendeu o procedimento \u00e0 \u00e9poca. Os bens, embora n\u00e3o estejam em nome de Rom\u00e1rio, foram\u00a0usados de forma recorrente pelo senador\u00a0nos \u00faltimos anos.<\/p>\n<div id=\"inread2\" class=\"square-ad\" data-google-query-id=\"CIH07IqUiJADFWAl4AMdsFYhuw\">\n<div id=\"google_ads_iframe_\/176290677\/maisgoias\/inread2_0__container__\"><\/div>\n<\/div>\n<p>Como mostrou reportagem do GLOBO, o senador\u00a0ocultou patrim\u00f4nio em nome de familiares, um dos expedientes que dificultaram as cobran\u00e7as de credores. Em setembro, Rom\u00e1rio foi condenado pela Justi\u00e7a do Rio, em outro processo, por\u00a0fraudar a execu\u00e7\u00e3o de uma dessas d\u00edvidas.<\/p>\n<p>Procurada pelo GLOBO, a defesa de Rom\u00e1rio afirmou, em nota, que entrou com recurso contra a decis\u00e3o que levou os bens a leil\u00e3o.<\/p>\n<p>\u201cCabe destacar que o processo em quest\u00e3o foi iniciado h\u00e1 mais de 20 anos, marcado por cobran\u00e7as absolutamente desproporcionais e exorbitantes. A defesa de Rom\u00e1rio seguir\u00e1 atuando para que prevale\u00e7am a razoabilidade e a justi\u00e7a, confiando na revers\u00e3o desse cen\u00e1rio\u201d, diz a nota.<\/p>\n<div id=\"inread3\" class=\"square-ad\" data-google-query-id=\"CJPbnouUiJADFTxb3QIdJF4i8w\">\n<div id=\"google_ads_iframe_\/176290677\/maisgoias\/inread3_0__container__\"><\/div>\n<\/div>\n<p><strong>Veja a seguir os bens do senador que v\u00e3o a leil\u00e3o:<\/strong><\/p>\n<h2 id=\"h-casa-na-barra-da-tijuca\" class=\"wp-block-heading\">Casa na Barra da Tijuca<\/h2>\n<p>O im\u00f3vel, localizado em um condom\u00ednio na Barra da Tijuca, foi avaliado em R$ 9 milh\u00f5es para a primeira chamada do leil\u00e3o, marcado para a manh\u00e3 do dia 23 de outubro. Se n\u00e3o houver nenhum comprador, haver\u00e1 uma segunda chamada, na mesma data, com lance inicial pela metade do valor \u2014 neste caso, de R$ 4,5 milh\u00f5es.<\/p>\n<p>Em 2018, na primeira vez em que foi penhorada para pagamento de d\u00edvidas, a casa de Rom\u00e1rio foi avaliada em R$ 5,8 milh\u00f5es.<\/p>\n<div id=\"inread4\" class=\"square-ad\" data-google-query-id=\"CJG8zIuUiJADFTBV3QIdiv4h8A\">\n<div id=\"google_ads_iframe_\/176290677\/maisgoias\/inread4_0__container__\"><\/div>\n<\/div>\n<p>Segundo o edital do leil\u00e3o, a mans\u00e3o de Rom\u00e1rio tem 896 m\u00b2 de \u00e1rea edificada, em um terreno de 1,5 mil m\u00b2 que beira a Lagoa da Tijuca. Imagens a\u00e9reas mostram que o local conta com piscina e campo de futebol.<\/p>\n<p>A casa foi comprada por Rom\u00e1rio h\u00e1 cerca de dez anos junto \u00e0 antiga propriet\u00e1ria, Adriana Sorrentino, que \u00e9 ex-mulher do tamb\u00e9m ex-jogador de futebol Edmundo, mas o senador n\u00e3o passou o im\u00f3vel para seu nome.<\/p>\n<p>Ap\u00f3s a compra, as cotas de IPTU do im\u00f3vel foram quitadas pela irm\u00e3 de Rom\u00e1rio, Zoraidi de Souza Faria, atrav\u00e9s de uma conta banc\u00e1ria da qual o pr\u00f3prio senador tinha procura\u00e7\u00e3o para movimentar seus recursos.<\/p>\n<h2 class=\"wp-block-heading\">Lancha<\/h2>\n<p>A embarca\u00e7\u00e3o \u201cAll Mare\u201d, constru\u00edda em 2010, est\u00e1 em nome de Zoraidi, irm\u00e3 de Rom\u00e1rio, mas \u00e9 atribu\u00edda pela Justi\u00e7a ao senador. O lance inicial no leil\u00e3o do pr\u00f3ximo dia 23 \u00e9 de R$ 1,1 milh\u00e3o.<\/p>\n<p>Segundo o edital, a lancha tem 15,5 metros de comprimento, foi constru\u00edda com fibra de vidro e conta com dois motores de 435 cavalos cada um. Atualmente, a embarca\u00e7\u00e3o est\u00e1 ancorada na Marina da Gl\u00f3ria.<\/p>\n<h2 class=\"wp-block-heading\">Carros<\/h2>\n<p>Tr\u00eas ve\u00edculos ligados ao senador tamb\u00e9m v\u00e3o a leil\u00e3o no pr\u00f3ximo dia 23. Um deles \u00e9 da marca Porsche, modelo Macan Turbo 2015, avaliado em R$ 267,8 mil para o lance inicial.<\/p>\n<p>O ve\u00edculo tamb\u00e9m aparecia em nome da irm\u00e3 do senador, Zoraidi, antes de ser apreendido pela Justi\u00e7a do Rio em 2018.<\/p>\n<p>Outro ve\u00edculo atribu\u00eddo a Rom\u00e1rio e listado para leil\u00e3o \u00e9 um Audi RS6 Avanti 4.0 TFSI, de 2015, avaliado em R$ 391,5 mil.<\/p>\n<p>Formalmente, a propriet\u00e1ria do Audi, segundo a base de dados disponibilizada pelo Detran\/RJ, era a m\u00e3e de Rom\u00e1rio, que faleceu em 2024. O carro tamb\u00e9m foi apreendido pela Justi\u00e7a em 2018, para penhora.<\/p>\n<p>O terceiro carro que ser\u00e1 leiloado \u00e9 um Peugeot 2008 Allure AT, modelo de 2017, movido a \u00e1lcool e gasolina. O ve\u00edculo, que est\u00e1 avaliado em R$ 53 mil para o leil\u00e3o, estava em nome de Zoraidi, irm\u00e3 de Rom\u00e1rio.<\/p>\n<p><strong><em>Via Ag\u00eancia O Globo<\/em><\/strong><\/p>\n","protected":false},"excerpt":{"rendered":"<p>A Justi\u00e7a do Rio autorizou a ida a leil\u00e3o de uma mans\u00e3o, uma lancha e tr\u00eas carros atribu\u00eddos ao senador Rom\u00e1rio (PL-RJ), com o objetivo de quitar uma d\u00edvida que \u00e9 alvo de disputa judicial h\u00e1 mais de duas d\u00e9cadas. Os leil\u00f5es dos cinco bens\u00a0est\u00e3o marcados para ocorrer no pr\u00f3ximo dia 23, e os lances &hellip;<\/p>\n","protected":false},"author":3,"featured_media":79307,"comment_status":"closed","ping_status":"open","sticky":false,"template":"","format":"standard","meta":{"_exactmetrics_skip_tracking":false,"_exactmetrics_sitenote_active":false,"_exactmetrics_sitenote_note":"","_exactmetrics_sitenote_category":0,"footnotes":""},"categories":[7,26],"tags":[],"_links":{"self":[{"href":"https:\/\/goiasemtempo.com.br\/home\/wp-json\/wp\/v2\/posts\/79306"}],"collection":[{"href":"https:\/\/goiasemtempo.com.br\/home\/wp-json\/wp\/v2\/posts"}],"about":[{"href":"https:\/\/goiasemtempo.com.br\/home\/wp-json\/wp\/v2\/types\/post"}],"author":[{"embeddable":true,"href":"https:\/\/goiasemtempo.com.br\/home\/wp-json\/wp\/v2\/users\/3"}],"replies":[{"embeddable":true,"href":"https:\/\/goiasemtempo.com.br\/home\/wp-json\/wp\/v2\/comments?post=79306"}],"version-history":[{"count":1,"href":"https:\/\/goiasemtempo.com.br\/home\/wp-json\/wp\/v2\/posts\/79306\/revisions"}],"predecessor-version":[{"id":79308,"href":"https:\/\/goiasemtempo.com.br\/home\/wp-json\/wp\/v2\/posts\/79306\/revisions\/79308"}],"wp:featuredmedia":[{"embeddable":true,"href":"https:\/\/goiasemtempo.com.br\/home\/wp-json\/wp\/v2\/media\/79307"}],"wp:attachment":[{"href":"https:\/\/goiasemtempo.com.br\/home\/wp-json\/wp\/v2\/media?parent=79306"}],"wp:term":[{"taxonomy":"category","embeddable":true,"href":"https:\/\/goiasemtempo.com.br\/home\/wp-json\/wp\/v2\/categories?post=79306"},{"taxonomy":"post_tag","embeddable":true,"href":"https:\/\/goiasemtempo.com.br\/home\/wp-json\/wp\/v2\/tags?post=79306"}],"curies":[{"name":"wp","href":"https:\/\/api.w.org\/{rel}","templated":true}]}}