{"id":79238,"date":"2025-09-29T20:53:48","date_gmt":"2025-09-29T20:53:48","guid":{"rendered":"https:\/\/goiasemtempo.com.br\/home\/?p=79238"},"modified":"2025-09-29T20:54:25","modified_gmt":"2025-09-29T20:54:25","slug":"aeroporto-de-goiania-inaugura-operacoes-do-primeiro-terminal-de-cargas-100-refrigerado-do-brasil","status":"publish","type":"post","link":"https:\/\/goiasemtempo.com.br\/home\/aeroporto-de-goiania-inaugura-operacoes-do-primeiro-terminal-de-cargas-100-refrigerado-do-brasil\/","title":{"rendered":"Aeroporto de Goi\u00e2nia inaugura opera\u00e7\u00f5es do primeiro terminal de cargas 100% refrigerado do Brasil"},"content":{"rendered":"<p>O Aeroporto de Goi\u00e2nia iniciou as opera\u00e7\u00f5es do primeiro terminal de cargas 100% refrigerado do Brasil. O novo espa\u00e7o, com 2,1 mil m\u00b2 de \u00e1rea constru\u00edda e 1,5 mil m\u00b3 de capacidade de armazenamento em c\u00e2maras frias, ser\u00e1 usado para armazenar produtos farmac\u00eauticos, qu\u00edmicos e hospitalares.<\/p>\n<p>Para viabilizar o Terminal de Cargas Farmac\u00eauticas do Aeroporto de Goi\u00e2nia, a Motiva Aeroportos investiu cerca de R$ 25 milh\u00f5es. \u201c\u00c9 um projeto que refor\u00e7a nosso papel como promotores do desenvolvimento regional, com foco na inova\u00e7\u00e3o e na seguran\u00e7a operacional\u201d, afirmou a diretora de Neg\u00f3cios Brasil da concession\u00e1ria, Monique Henriques.<\/p>\n<p>De acordo com a Motiva Aeroportos, o terminal j\u00e1 est\u00e1 em opera\u00e7\u00e3o ap\u00f3s a aprova\u00e7\u00e3o de todas as licen\u00e7as necess\u00e1rias para o funcionamento, incluindo a autoriza\u00e7\u00e3o da Ag\u00eancia Nacional da Avia\u00e7\u00e3o Civil (Anac) para opera\u00e7\u00f5es de voos cargueiros com aeronaves do modelo Boeing 767.<\/p>\n<p>Localizado pr\u00f3ximo ao p\u00e1tio de aeronaves, o terminal garante que as cargas n\u00e3o fiquem expostas a varia\u00e7\u00f5es de temperatura desde o desembarque at\u00e9 o armazenamento, gra\u00e7as \u00e0s c\u00e2maras frias que comportam cargas com temperatura entre ?18?\u00b0C e 25?\u00b0C.<\/p>\n<p>A gerente de Cargas da Motiva Aeroportos, Lilian Fran\u00e7oso, explicou que o respons\u00e1vel pela carga consegue acompanhar toda a jornada em tempo real, incluindo o controle de temperatura durante o per\u00edodo de armazenamento.<\/p>\n<p>\u201cEssa rastreabilidade garante maior seguran\u00e7a, transpar\u00eancia e conformidade com os padr\u00f5es exigidos pelos setores farmac\u00eautico e hospitalar\u201d, ressaltou.<\/p>\n<p>O estado de Goi\u00e1s, onde est\u00e1 localizado o terminal, produz 60% dos rem\u00e9dios mais vendidos no Brasil e o eixo An\u00e1polis, Goi\u00e2nia e Aparecida de Goi\u00e2nia concentra 17 ind\u00fastrias e mais de 20 laborat\u00f3rios.<\/p>\n<p>\u201cA ind\u00fastria farmac\u00eautica deve crescer acima da m\u00e9dia nacional nos pr\u00f3ximos anos e este terminal contribuir\u00e1 para uma maior efici\u00eancia da cadeia log\u00edstica deste segmento\u201d, completou a diretora de Neg\u00f3cios Brasil da concession\u00e1ria, Monique Henriques.<\/p>\n","protected":false},"excerpt":{"rendered":"<p>O Aeroporto de Goi\u00e2nia iniciou as opera\u00e7\u00f5es do primeiro terminal de cargas 100% refrigerado do Brasil. O novo espa\u00e7o, com 2,1 mil m\u00b2 de \u00e1rea constru\u00edda e 1,5 mil m\u00b3 de capacidade de armazenamento em c\u00e2maras frias, ser\u00e1 usado para armazenar produtos farmac\u00eauticos, qu\u00edmicos e hospitalares. Para viabilizar o Terminal de Cargas Farmac\u00eauticas do Aeroporto &hellip;<\/p>\n","protected":false},"author":3,"featured_media":79239,"comment_status":"closed","ping_status":"open","sticky":false,"template":"","format":"standard","meta":{"footnotes":""},"categories":[473,500,19],"tags":[],"class_list":["post-79238","post","type-post","status-publish","format-standard","has-post-thumbnail","hentry","category-empresas","category-goiania","category-manchete"],"_links":{"self":[{"href":"https:\/\/goiasemtempo.com.br\/home\/wp-json\/wp\/v2\/posts\/79238","targetHints":{"allow":["GET"]}}],"collection":[{"href":"https:\/\/goiasemtempo.com.br\/home\/wp-json\/wp\/v2\/posts"}],"about":[{"href":"https:\/\/goiasemtempo.com.br\/home\/wp-json\/wp\/v2\/types\/post"}],"author":[{"embeddable":true,"href":"https:\/\/goiasemtempo.com.br\/home\/wp-json\/wp\/v2\/users\/3"}],"replies":[{"embeddable":true,"href":"https:\/\/goiasemtempo.com.br\/home\/wp-json\/wp\/v2\/comments?post=79238"}],"version-history":[{"count":1,"href":"https:\/\/goiasemtempo.com.br\/home\/wp-json\/wp\/v2\/posts\/79238\/revisions"}],"predecessor-version":[{"id":79240,"href":"https:\/\/goiasemtempo.com.br\/home\/wp-json\/wp\/v2\/posts\/79238\/revisions\/79240"}],"wp:featuredmedia":[{"embeddable":true,"href":"https:\/\/goiasemtempo.com.br\/home\/wp-json\/wp\/v2\/media\/79239"}],"wp:attachment":[{"href":"https:\/\/goiasemtempo.com.br\/home\/wp-json\/wp\/v2\/media?parent=79238"}],"wp:term":[{"taxonomy":"category","embeddable":true,"href":"https:\/\/goiasemtempo.com.br\/home\/wp-json\/wp\/v2\/categories?post=79238"},{"taxonomy":"post_tag","embeddable":true,"href":"https:\/\/goiasemtempo.com.br\/home\/wp-json\/wp\/v2\/tags?post=79238"}],"curies":[{"name":"wp","href":"https:\/\/api.w.org\/{rel}","templated":true}]}}