{"id":7923,"date":"2017-12-31T20:01:13","date_gmt":"2017-12-31T20:01:13","guid":{"rendered":"http:\/\/goiasemtempo.com.br\/home\/?p=7923"},"modified":"2017-12-31T20:01:13","modified_gmt":"2017-12-31T20:01:13","slug":"oposicao-venezuelana-promete-candidato-unico-para-presidencial-de-2018","status":"publish","type":"post","link":"https:\/\/goiasemtempo.com.br\/home\/oposicao-venezuelana-promete-candidato-unico-para-presidencial-de-2018\/","title":{"rendered":"Oposi\u00e7\u00e3o venezuelana promete candidato \u00fanico para presidencial de 2018"},"content":{"rendered":"<p>A alian\u00e7a opositora venezuelana, atualmente afetada por divis\u00f5es internas, se comprometeu, nesta sexta-feira, a escolher um candidato \u00fanico para a elei\u00e7\u00e3o presidencial de 2018, na qual Nicol\u00e1s Maduro aspirar\u00e1 \u00e0 reelei\u00e7\u00e3o.<\/p>\n<p>Nos comprometemos a refor\u00e7ar nossa unidade (&#8230;) e procederemos \u00e0 escolha de um candidato unit\u00e1rio, indicou um comunicado da coaliz\u00e3o de partidos Mesa de la Unidad Democr\u00e1tica (MUD) com motivo do fim do ano.<\/p>\n<p>A MUD n\u00e3o especificou qual ser\u00e1 o mecanismo utilizado para eleger o rival de Maduro, mas no \u00faltimo 12 de dezembro o deputado opositor Luis Florido afirmou que os principais grupos iniciaram consultas para ir a prim\u00e1rias.<\/p>\n<p>As divis\u00f5es na MUD se aprofundaram ap\u00f3s a vit\u00f3ria do chavismo nas elei\u00e7\u00f5es de governadores do \u00faltimo 15 de outubro, nas que a coaliz\u00e3o denunciou uma fraude.<\/p>\n<p>Tamb\u00e9m em consequ\u00eancia da negativa dos maiores grupos pol\u00edticos de apresentarem candidatos nas elei\u00e7\u00f5es de prefeitos de 10 de dezembro, nas quais o governo tamb\u00e9m obteve vit\u00f3ria.<\/p>\n<p>Estas fissuras refletem nas negocia\u00e7\u00f5es empreendidas com o governo de Maduro na Rep\u00fablica Dominicana.<\/p>\n<p>No entanto, no comunicado desta sexta-feira a MUD indicou que continuar\u00e1 explorando vias de negocia\u00e7\u00e3o com respaldo internacional.<\/p>\n<p>Setores da oposi\u00e7\u00e3o consideram esses di\u00e1logos uma trai\u00e7\u00e3o ap\u00f3s os protestos que exigiam a sa\u00edda do presidente socialista do poder, com saldo de 125 mortos entre abril e julho.<\/p>\n<p>A elei\u00e7\u00e3o presidencial est\u00e1 marcada para o final de 2018, mas l\u00edderes opositores e analistas preveem que esta pode ser antecipada para o primeiro trimestre do ano.<\/p>\n<p>Maduro vai insistir na estrat\u00e9gia de adiantar o m\u00e1ximo poss\u00edvel a elei\u00e7\u00e3o presidencial para evitar que a oposi\u00e7\u00e3o se reagrupe, disse o especialista Eugenio Mart\u00ednez \u00e0 AFP.<\/p>\n","protected":false},"excerpt":{"rendered":"<p>A alian\u00e7a opositora venezuelana, atualmente afetada por divis\u00f5es internas, se comprometeu, nesta sexta-feira, a escolher um candidato \u00fanico para a elei\u00e7\u00e3o presidencial de 2018, na qual Nicol\u00e1s Maduro aspirar\u00e1 \u00e0 reelei\u00e7\u00e3o. Nos comprometemos a refor\u00e7ar nossa unidade (&#8230;) e procederemos \u00e0 escolha de um candidato unit\u00e1rio, indicou um comunicado da coaliz\u00e3o de partidos Mesa de &hellip;<\/p>\n","protected":false},"author":2,"featured_media":7813,"comment_status":"open","ping_status":"open","sticky":false,"template":"","format":"standard","meta":{"_exactmetrics_skip_tracking":false,"_exactmetrics_sitenote_active":false,"_exactmetrics_sitenote_note":"","_exactmetrics_sitenote_category":0,"footnotes":""},"categories":[4],"tags":[],"_links":{"self":[{"href":"https:\/\/goiasemtempo.com.br\/home\/wp-json\/wp\/v2\/posts\/7923"}],"collection":[{"href":"https:\/\/goiasemtempo.com.br\/home\/wp-json\/wp\/v2\/posts"}],"about":[{"href":"https:\/\/goiasemtempo.com.br\/home\/wp-json\/wp\/v2\/types\/post"}],"author":[{"embeddable":true,"href":"https:\/\/goiasemtempo.com.br\/home\/wp-json\/wp\/v2\/users\/2"}],"replies":[{"embeddable":true,"href":"https:\/\/goiasemtempo.com.br\/home\/wp-json\/wp\/v2\/comments?post=7923"}],"version-history":[{"count":1,"href":"https:\/\/goiasemtempo.com.br\/home\/wp-json\/wp\/v2\/posts\/7923\/revisions"}],"predecessor-version":[{"id":7924,"href":"https:\/\/goiasemtempo.com.br\/home\/wp-json\/wp\/v2\/posts\/7923\/revisions\/7924"}],"wp:featuredmedia":[{"embeddable":true,"href":"https:\/\/goiasemtempo.com.br\/home\/wp-json\/wp\/v2\/media\/7813"}],"wp:attachment":[{"href":"https:\/\/goiasemtempo.com.br\/home\/wp-json\/wp\/v2\/media?parent=7923"}],"wp:term":[{"taxonomy":"category","embeddable":true,"href":"https:\/\/goiasemtempo.com.br\/home\/wp-json\/wp\/v2\/categories?post=7923"},{"taxonomy":"post_tag","embeddable":true,"href":"https:\/\/goiasemtempo.com.br\/home\/wp-json\/wp\/v2\/tags?post=7923"}],"curies":[{"name":"wp","href":"https:\/\/api.w.org\/{rel}","templated":true}]}}